{"id":4390,"date":"2021-10-04T01:00:59","date_gmt":"2021-10-04T01:00:59","guid":{"rendered":"https:\/\/tribunavm.com.ar\/?p=4390"},"modified":"2021-10-04T01:00:59","modified_gmt":"2021-10-04T01:00:59","slug":"guinos-al-campo","status":"publish","type":"post","link":"https:\/\/tribunavm.com.ar\/index.php\/2021\/10\/04\/guinos-al-campo\/","title":{"rendered":"Gui\u00f1os al \u201ccampo\u201d"},"content":{"rendered":"<div class=\"row clearfix\">\n<div class=\"col-md-8\">\n<div class=\"intro-text\">\n<p><span style=\"font-weight: 400;\">El Gobierno Nacional afianza sus compromisos con el arco empresarial del sector agroexportador.<\/span><\/p>\n<\/div>\n<p><span style=\"font-weight: 400;\"><span class=\"dropcap \" style=\"background-color: #ffffff; color: #dd9933; border-color: #ffffff;\">E<\/span>l flamante ministro de Agricultura, Ganader\u00eda y Pesca, Julian Dominguez, se reuni\u00f3 la semana pasada con los referentes de la Mesa de Enlace, donde acordaron la firma de un acta compromiso .<\/span><\/p>\n<p><span style=\"font-weight: 400;\">El primero de ellos fue el compromiso del Gobierno de dejar sin efecto la Comunicaci\u00f3n &#8220;A&#8221; 7018 del BCRA, una norma que proh\u00edbe el acceso a cr\u00e9ditos subsidiados a aquellas empresas que &#8220;mantengan un acopio de su producci\u00f3n de trigo y\/o soja por un valor superior al 5% de su capacidad de cosecha anual&#8221;.<\/span><\/p>\n<p><span style=\"font-weight: 400;\">A su vez, tambi\u00e9n se dio lugar al reclamo de las entidades al anunciar la reapertura de las exportaciones de carne con destino a China a partir de este lunes. China absorbe el 75% de las exportaciones de las llamadas \u201cvacas conserva\u201d, que no se destinan en nuestro pa\u00eds al consumo masivo. De esta manera, la exportaci\u00f3n quedar\u00eda habilitada en un 89%.<\/span><\/p>\n<p><span style=\"font-weight: 400;\">Por \u00faltimo, las partes acordaron la conformaci\u00f3n de una mesa de trabajo que se reunir\u00eda cada 60 d\u00edas.<\/span><\/p>\n<p><span style=\"font-weight: 400;\">Carlos Achetoni, presidente de Federaci\u00f3n Agraria, dijo en una conferencia de prensa al t\u00e9rmino del encuentro que la expectativa del sector era \u201cla liberaci\u00f3n total de la exportaci\u00f3n\u201d. Elbio Lauricica, de Coninagro, asegur\u00f3 que la apertura \u201cser\u00e1 gradual hasta el 31 de diciembre, en que va a quedar todo liberado\u201d.<\/span><\/p>\n<p><span style=\"color: #ff9900;\"><b>Fomento de inversiones<\/b><\/span><\/p>\n<p><span style=\"font-weight: 400;\">Posteriormente, el Gobierno Nacional anunci\u00f3 la presentaci\u00f3n del proyecto de ley del \u201cR\u00e9gimen de fomento al desarrollo agrobioindustrial\u201d, que propone la articulaci\u00f3n de un Plan Estrat\u00e9gico sectorial que se aplicar\u00eda de manera retroactiva desde enero de este a\u00f1o, con vigencia hasta diciembre de 2030.<\/span><\/p>\n<p><span style=\"font-weight: 400;\">El proyecto es una iniciativa del Consejo Agroindustrial Argentino, elaborado en conjunto entre el secretario de Asuntos Estrat\u00e9gicos de la Naci\u00f3n, Gustavo Beliz, y el presidente de la Bolsa de Cereales, Jos\u00e9 Martins; y buscar\u00eda otorgar previsibilidad para inversiones en m\u00e1s de 150 actividades agrobioalimentarias y agrobioindustriales a trav\u00e9s de beneficios fiscales.\u00a0<\/span><\/p>\n<p><span style=\"font-weight: 400;\">Entre sus principales objetivos se encuentra el incremento de las exportaciones de bienes y servicios agrobioindustriales, buscando alcanzar la cifra de 100.000 millones de d\u00f3lares al 2030; la generaci\u00f3n de 700.000 puestos de trabajo directos e indirectos; y la meta de 200 millones de toneladas de producci\u00f3n de cereales, oleaginosas y legumbres en 2030.<\/span><\/p>\n<p><span style=\"font-weight: 400;\">La presentaci\u00f3n fue encabezada por el presidente Alberto Fern\u00e1ndez y la vicepresidenta Cristina Fern\u00e1ndez, con la presencia de Dom\u00ednguez, el jefe de Gabinete, Juan Manzur y los ministros del Interior, Eduardo de Pedro; de Desarrollo Productivo, Mat\u00edas Kulfas; de Econom\u00eda, Mart\u00edn Guzm\u00e1n; de Justicia y Derechos Humanos, Mart\u00edn Soria; de Defensa, Jorge Taiana; de Educaci\u00f3n, Jaime Perczyk; de Trabajo, Claudio Moroni, y de Relaciones Exteriores, Santiago Cafiero.<\/span><\/p>\n<p><span style=\"font-weight: 400;\">Adem\u00e1s estuvieron presentes H\u00e9ctor Daer, el cosecretario general de la CGT; Hugo Yaski, de la Central de Trabajadores de la Argentina; Hugo Moyano, del Sindicato de Choferes de Camiones; Antonio Cal\u00f3, de la Uni\u00f3n Obrera Metal\u00fargica; y Jose Luis Lingeri, de Obras Sanitarias.<\/span><\/p>\n<\/div>\n<\/div>\n","protected":false},"excerpt":{"rendered":"<p>El Gobierno Nacional afianza sus compromisos con el arco empresarial del sector agroexportador. El flamante ministro de Agricultura, Ganader\u00eda y Pesca, Julian Dominguez, se reuni\u00f3 la semana pasada con los referentes de la Mesa de Enlace, donde acordaron la firma de un acta compromiso . El primero de ellos fue el compromiso del Gobierno de [&hellip;]<\/p>\n","protected":false},"author":2,"featured_media":4391,"comment_status":"open","ping_status":"open","sticky":false,"template":"","format":"standard","meta":{"_exactmetrics_skip_tracking":false,"_exactmetrics_sitenote_active":false,"_exactmetrics_sitenote_note":"","_exactmetrics_sitenote_category":0,"jnews-multi-image_gallery":[],"jnews_single_post":{"source_name":"","source_url":"","via_name":"","via_url":"","override_template":"0","override":[{"template":"1","single_blog_custom":"","parallax":"1","fullscreen":"1","layout":"right-sidebar","sidebar":"default-sidebar","second_sidebar":"default-sidebar","sticky_sidebar":"1","share_position":"top","share_float_style":"share-monocrhome","show_share_counter":"1","show_view_counter":"1","show_featured":"1","show_post_meta":"1","show_post_author":"1","show_post_author_image":"1","show_post_date":"1","post_date_format":"default","post_date_format_custom":"Y\/m\/d","show_post_category":"1","show_post_reading_time":"0","post_reading_time_wpm":"300","show_zoom_button":"0","zoom_button_out_step":"2","zoom_button_in_step":"3","show_post_tag":"1","show_prev_next_post":"1","show_popup_post":"1","number_popup_post":"1","show_author_box":"0","show_post_related":"0","show_inline_post_related":"0"}],"override_image_size":"0","image_override":[{"single_post_thumbnail_size":"crop-500","single_post_gallery_size":"crop-500"}],"trending_post":"0","trending_post_position":"meta","trending_post_label":"Trending","sponsored_post":"0","sponsored_post_label":"Sponsored by","sponsored_post_name":"","sponsored_post_url":"","sponsored_post_logo_enable":"0","sponsored_post_logo":"","sponsored_post_desc":""},"jnews_primary_category":{"id":"22"},"jnews_social_meta":{"fb_title":"","fb_description":"","fb_image":"","twitter_title":"","twitter_description":"","twitter_image":""},"jnews_override_counter":{"override_view_counter":"0","view_counter_number":"0","override_share_counter":"0","share_counter_number":"0","override_like_counter":"0","like_counter_number":"0","override_dislike_counter":"0","dislike_counter_number":"0"},"_joinchat":[],"footnotes":""},"categories":[22],"tags":[41,203,39],"class_list":["post-4390","post","type-post","status-publish","format-standard","has-post-thumbnail","hentry","category-actualidad","tag-agro","tag-edicion-72","tag-gobierno"],"_links":{"self":[{"href":"https:\/\/tribunavm.com.ar\/index.php\/wp-json\/wp\/v2\/posts\/4390"}],"collection":[{"href":"https:\/\/tribunavm.com.ar\/index.php\/wp-json\/wp\/v2\/posts"}],"about":[{"href":"https:\/\/tribunavm.com.ar\/index.php\/wp-json\/wp\/v2\/types\/post"}],"author":[{"embeddable":true,"href":"https:\/\/tribunavm.com.ar\/index.php\/wp-json\/wp\/v2\/users\/2"}],"replies":[{"embeddable":true,"href":"https:\/\/tribunavm.com.ar\/index.php\/wp-json\/wp\/v2\/comments?post=4390"}],"version-history":[{"count":1,"href":"https:\/\/tribunavm.com.ar\/index.php\/wp-json\/wp\/v2\/posts\/4390\/revisions"}],"predecessor-version":[{"id":4392,"href":"https:\/\/tribunavm.com.ar\/index.php\/wp-json\/wp\/v2\/posts\/4390\/revisions\/4392"}],"wp:featuredmedia":[{"embeddable":true,"href":"https:\/\/tribunavm.com.ar\/index.php\/wp-json\/wp\/v2\/media\/4391"}],"wp:attachment":[{"href":"https:\/\/tribunavm.com.ar\/index.php\/wp-json\/wp\/v2\/media?parent=4390"}],"wp:term":[{"taxonomy":"category","embeddable":true,"href":"https:\/\/tribunavm.com.ar\/index.php\/wp-json\/wp\/v2\/categories?post=4390"},{"taxonomy":"post_tag","embeddable":true,"href":"https:\/\/tribunavm.com.ar\/index.php\/wp-json\/wp\/v2\/tags?post=4390"}],"curies":[{"name":"wp","href":"https:\/\/api.w.org\/{rel}","templated":true}]}}