{"id":441,"date":"2019-07-11T18:13:07","date_gmt":"2019-07-11T18:13:07","guid":{"rendered":"https:\/\/tribunavm.com.ar\/?p=441"},"modified":"2019-10-22T15:59:38","modified_gmt":"2019-10-22T15:59:38","slug":"lo-antagonico-queda-a-la-vista","status":"publish","type":"post","link":"https:\/\/tribunavm.com.ar\/index.php\/2019\/07\/11\/lo-antagonico-queda-a-la-vista\/","title":{"rendered":"Lo antag\u00f3nico queda a la vista"},"content":{"rendered":"<div class=\"row clearfix\">\n<div class=\"col-md-8\">\n<p><span style=\"font-weight: 400;\"><span class=\"dropcap \" style=\"background-color: #ffffff; color: #dd9933; border-color: #ffffff;\">L<\/span>a iniciativa de los trabajadores vuelve una vez m\u00e1s a marcar la contraposici\u00f3n de intereses: en un lugar, la clase trabajadora emergiendo como sujeto organizado, aunque a\u00fan fragmentado, lucha por lo que le pertenece; en el otro, empresas, bancos y fondos de inversi\u00f3n, decidiendo sobre las instituciones p\u00fablicas, disputan la riquezas generadas por los primeros.<\/span><\/p>\n<p><span style=\"font-weight: 400;\">Mientras tanto en los medios vuelve a remarcarse la responsabilidad de este lado. Las exorbitantes ganancias detr\u00e1s de los despidos y precarizaci\u00f3n laboral no emergen como una situaci\u00f3n, aunque s\u00ed lo hace la supuesta responsabilidad de los trabajadores sobre el funcionamiento de las empresas.<\/span><\/p>\n<p><span style=\"font-weight: 400;\">Los ilustrados aumentos de tarifas, como suelen excusarse los que reparten las cartas, no trajeron aparejados mejoras en el servicio proveido ni mejoras en las condiciones laborales para los trabajadores de la empresa.\u00a0<\/span><\/p>\n<p><span style=\"font-weight: 400;\">Las crisis las declaran algunos, pero las pagamos otros, usuarios estafados y trabajadores despedidos, precarizados y cesanteados.<\/span><\/p>\n<p><span style=\"font-weight: 400;\">Queda<\/span>\u00a0por ver el hilo conductor de todas estas medidas y su manifestaci\u00f3n, que deja a la vista cada vez m\u00e1s la concentraci\u00f3n y el saqueo que realizan s\u00f3lo un grupo de personas sobre las grandes mayor\u00edas.<\/p>\n<p>Las medidas por mejoras salariales y de condiciones laborales, son solo algunas de estas manifestaciones, lo que pone cada vez m\u00e1s la responsabilidad en nuestras manos. Una misma concepci\u00f3n del problema, una misma direcci\u00f3n en las iniciativas que hagan confluir a las partes en un todo.<\/p>\n<\/div>\n<\/div>\n","protected":false},"excerpt":{"rendered":"<p>La iniciativa de los trabajadores vuelve una vez m\u00e1s a marcar la contraposici\u00f3n de intereses: en un lugar, la clase trabajadora emergiendo como sujeto organizado, aunque a\u00fan fragmentado, lucha por lo que le pertenece; en el otro, empresas, bancos y fondos de inversi\u00f3n, decidiendo sobre las instituciones p\u00fablicas, disputan la riquezas generadas por los primeros. [&hellip;]<\/p>\n","protected":false},"author":2,"featured_media":573,"comment_status":"open","ping_status":"open","sticky":false,"template":"","format":"standard","meta":{"_exactmetrics_skip_tracking":false,"_exactmetrics_sitenote_active":false,"_exactmetrics_sitenote_note":"","_exactmetrics_sitenote_category":0,"jnews-multi-image_gallery":[],"jnews_single_post":{"source_name":"","source_url":"","via_name":"","via_url":"","override_template":"0","override":[{"template":"1","single_blog_custom":"","parallax":"1","fullscreen":"0","layout":"right-sidebar","sidebar":"default-sidebar","second_sidebar":"default-sidebar","sticky_sidebar":"1","share_position":"top","share_float_style":"share-monocrhome","show_share_counter":"1","show_view_counter":"1","show_featured":"1","show_post_meta":"1","show_post_author":"1","show_post_author_image":"1","show_post_date":"1","post_date_format":"default","post_date_format_custom":"Y\/m\/d","show_post_category":"1","show_post_reading_time":"0","post_reading_time_wpm":"300","show_zoom_button":"0","zoom_button_out_step":"2","zoom_button_in_step":"3","show_post_tag":"1","show_prev_next_post":"1","show_popup_post":"1","number_popup_post":"1","show_author_box":"0","show_post_related":"0","show_inline_post_related":"0"}],"override_image_size":"0","image_override":[{"single_post_thumbnail_size":"crop-500","single_post_gallery_size":"crop-500"}],"trending_post":"0","trending_post_position":"meta","trending_post_label":"Trending"},"jnews_primary_category":{"id":""},"jnews_social_meta":{"fb_title":"","fb_description":"","fb_image":"","twitter_title":"","twitter_description":"","twitter_image":""},"jnews_override_counter":{"override_view_counter":"0","view_counter_number":"0","override_share_counter":"0","share_counter_number":"0","override_like_counter":"0","like_counter_number":"0","override_dislike_counter":"0","dislike_counter_number":"0"},"_joinchat":[],"footnotes":""},"categories":[26],"tags":[45,37],"class_list":["post-441","post","type-post","status-publish","format-standard","has-post-thumbnail","hentry","category-editorial","tag-edicion-4","tag-editorial"],"_links":{"self":[{"href":"https:\/\/tribunavm.com.ar\/index.php\/wp-json\/wp\/v2\/posts\/441"}],"collection":[{"href":"https:\/\/tribunavm.com.ar\/index.php\/wp-json\/wp\/v2\/posts"}],"about":[{"href":"https:\/\/tribunavm.com.ar\/index.php\/wp-json\/wp\/v2\/types\/post"}],"author":[{"embeddable":true,"href":"https:\/\/tribunavm.com.ar\/index.php\/wp-json\/wp\/v2\/users\/2"}],"replies":[{"embeddable":true,"href":"https:\/\/tribunavm.com.ar\/index.php\/wp-json\/wp\/v2\/comments?post=441"}],"version-history":[{"count":2,"href":"https:\/\/tribunavm.com.ar\/index.php\/wp-json\/wp\/v2\/posts\/441\/revisions"}],"predecessor-version":[{"id":464,"href":"https:\/\/tribunavm.com.ar\/index.php\/wp-json\/wp\/v2\/posts\/441\/revisions\/464"}],"wp:featuredmedia":[{"embeddable":true,"href":"https:\/\/tribunavm.com.ar\/index.php\/wp-json\/wp\/v2\/media\/573"}],"wp:attachment":[{"href":"https:\/\/tribunavm.com.ar\/index.php\/wp-json\/wp\/v2\/media?parent=441"}],"wp:term":[{"taxonomy":"category","embeddable":true,"href":"https:\/\/tribunavm.com.ar\/index.php\/wp-json\/wp\/v2\/categories?post=441"},{"taxonomy":"post_tag","embeddable":true,"href":"https:\/\/tribunavm.com.ar\/index.php\/wp-json\/wp\/v2\/tags?post=441"}],"curies":[{"name":"wp","href":"https:\/\/api.w.org\/{rel}","templated":true}]}}