{"id":448,"date":"2019-07-11T18:25:22","date_gmt":"2019-07-11T18:25:22","guid":{"rendered":"https:\/\/tribunavm.com.ar\/?p=448"},"modified":"2019-10-21T18:48:03","modified_gmt":"2019-10-21T18:48:03","slug":"lucha-por-fabricaciones-militares","status":"publish","type":"post","link":"https:\/\/tribunavm.com.ar\/index.php\/2019\/07\/11\/lucha-por-fabricaciones-militares\/","title":{"rendered":"Lucha por Fabricaciones Militares"},"content":{"rendered":"<div class=\"row clearfix\">\n<div class=\"col-md-8\">\n<p><span style=\"color: #212121; font-size: 1.5em; letter-spacing: -0.01em;\">\u201cCon los compa\u00f1eros venimos de un proceso de lucha desde los 90 con el desguace que se realiz\u00f3\u201d<\/span><\/p>\n<p><span style=\"font-weight: 400;\"><span class=\"dropcap \" style=\"background-color: #ffffff; color: #dd9933; border-color: #ffffff;\">H<\/span>ace unos d\u00edas anunciaron un nuevo despido en la F\u00e1brica Militar (FM) de Villa Mar\u00eda junto con otros dos de R\u00edo Tercero.\u00a0<\/span><\/p>\n<p><span style=\"font-weight: 400;\">Tras el hecho conversamos con Fernando Mercado, conocido como \u201cOso\u201d, Secretario General de la Asociaci\u00f3n de Trabajadores del Estado (ATE) para que nos comentar\u00e1 sobre el proceso de lucha de los trabajadores de Fabricaciones Militares de los \u00faltimos a\u00f1os y en qu\u00e9 situaci\u00f3n se encuentran en la actualidad.<\/span><\/p>\n<p><span style=\"color: #ff6600;\"><strong>-\u00bfQue significa que FM se encontrara \u201csujeta a privatizaci\u00f3n\u201d, como \u201cSociedad del Estado\u201d y finalmente como \u201cempresa del Estado?<\/strong><\/span><\/p>\n<p><span style=\"font-weight: 400;\">-Con los compa\u00f1eros venimos de un proceso de lucha desde los 90 con el desguace que se realiz\u00f3, en 2004 con una lucha hist\u00f3rica ac\u00e1 en la ciudad por salarios y en 2007 por el pase de los trabajadores de la Cooperativa a planta de la f\u00e1brica.<\/span><\/p>\n<p><span style=\"font-weight: 400;\">La figura de \u201csujeta a privatizaci\u00f3n, liquidaci\u00f3n y venta\u201d la pone el menemismo en los 90, y las 4 f\u00e1bricas que estaban en pie ten\u00edan un precio d\u00f3nde privados se presentan para comprar la f\u00e1brica.\u00a0<\/span><\/p>\n<p><span style=\"font-weight: 400;\">Por eso antes del 2014, buscamos una herramienta para salir de esta figura de sujeto a privatizaci\u00f3n, porque sabemos que si viene un gobierno como hoy que piense neoliberalmente y hubi\u00e9ramos estado sujeto a privatizaci\u00f3n, ya nos hubieran vendido la empresa, hoy estar\u00eda en manos de un privado. Entonces en su momento lo que busc\u00e1bamos con los de las dem\u00e1s f\u00e1bricas, fue dise\u00f1ar una FM Sociedad del Estado, vista desde los trabajadores.<\/span><\/p>\n<p><span style=\"font-weight: 400;\">Y en el 2014 sale la ley que nos saca del sujeto a privatizaciones. La Direcci\u00f3n General ya era un ente aut\u00e1rquico que pertenec\u00eda al Ministerio de Defensa y ya era nuevamente una empresa del Estado. En un momento ped\u00edamos eso como herramienta para salvarnos ante un eventual gobierno neoliberal como hay ahora pero ya no necesit\u00e1bamos mas convertirnos en una sociedad del Estado.<\/span><\/p>\n<p><strong><span style=\"color: #ff6600;\">-\u00bfQue paso despu\u00e9s de 2015?<\/span><\/strong><\/p>\n<p><span style=\"font-weight: 400;\">-A final de 2015 terminamos siendo 488 trabajadores. Durante el desarrollo de las elecciones un periodista nos preguntaba qu\u00e9 reclamamos si todavia no habia asumido. Pero nosotros le dijimos todo lo que iba a pasar: despidos, achique, que iban a intentar vaciar, cerrar, privatizar F\u00e1bricas Militares, y es todo lo que seguir\u00e1n intentando hasta que termine este mandato, si no podemos torcerlo antes. Esa es la esperanza que tenemos los trabajadores.\u00a0<\/span><\/p>\n<p><span style=\"font-weight: 400;\"><strong>El gobierno despidi\u00f3 a m\u00e1s de 700 trabajadores en FM desde 2015 hasta ahora<\/strong>. Pasamos de ser una planta de 2150 trabajadores a una planta de 1050 trabajadores, porque adem\u00e1s de los 700 despidos j\u00fabilo a alrededor de 300 m\u00e1s.<\/span><\/p>\n<p><span style=\"font-weight: 400;\">En el caso de Villa Maria \u00e9ramos 487, y pasamos a ser 320 trabajadores en la actualidad.<\/span><\/p>\n<p><strong><span style=\"color: #ff6600;\">-\u00bfPorque se considera estrat\u00e9gica a Fabricaciones Militares?<\/span><\/strong><\/p>\n<p><span style=\"font-weight: 400;\">-Cuando el general Savio crea F\u00e1bricas Militares dice que funcionar\u00eda \u201cpara proveer a las fuerzas armadas en tiempos de guerra y para generar trabajo en tiempos de paz\u201d. Esto es como cuando alguien quiere hacer una torta. O vas al negocio, compras la torta y pagas lo que vale, o compras los ingredientes y la haces vos. Si la haces vos seguramente te va a salir m\u00e1s barato. Si compras a FM generas trabajo para la industria nacional y para los argentinos.<\/span><\/p>\n<p><span style=\"font-weight: 400;\">El primero que ganar\u00eda es el Estado. El General Savio y Mosconi la pensaron estrat\u00e9gicamente. La intentaron desarmar en los 90, donde se dio la madre de las batallas, como se est\u00e1 dando hoy.<\/span><\/p>\n<p><strong>Faltan 1000 trabajadores, que tarde o temprano van a volver, por que estoy seguro que el gobierno va a cambiar.<\/strong><\/p>\n<\/div>\n<\/div>\n","protected":false},"excerpt":{"rendered":"<p>\u201cCon los compa\u00f1eros venimos de un proceso de lucha desde los 90 con el desguace que se realiz\u00f3\u201d Hace unos d\u00edas anunciaron un nuevo despido en la F\u00e1brica Militar (FM) de Villa Mar\u00eda junto con otros dos de R\u00edo Tercero.\u00a0 Tras el hecho conversamos con Fernando Mercado, conocido como \u201cOso\u201d, Secretario General de la Asociaci\u00f3n [&hellip;]<\/p>\n","protected":false},"author":2,"featured_media":452,"comment_status":"open","ping_status":"open","sticky":false,"template":"","format":"standard","meta":{"_exactmetrics_skip_tracking":false,"_exactmetrics_sitenote_active":false,"_exactmetrics_sitenote_note":"","_exactmetrics_sitenote_category":0,"jnews-multi-image_gallery":[],"jnews_single_post":{"source_name":"","source_url":"","via_name":"","via_url":"","override_template":"0","override":[{"template":"1","single_blog_custom":"","parallax":"1","fullscreen":"0","layout":"right-sidebar","sidebar":"default-sidebar","second_sidebar":"default-sidebar","sticky_sidebar":"1","share_position":"top","share_float_style":"share-monocrhome","show_share_counter":"1","show_view_counter":"1","show_featured":"1","show_post_meta":"1","show_post_author":"1","show_post_author_image":"1","show_post_date":"1","post_date_format":"default","post_date_format_custom":"Y\/m\/d","show_post_category":"1","show_post_reading_time":"0","post_reading_time_wpm":"300","show_zoom_button":"0","zoom_button_out_step":"2","zoom_button_in_step":"3","show_post_tag":"1","show_prev_next_post":"1","show_popup_post":"1","number_popup_post":"1","show_author_box":"0","show_post_related":"0","show_inline_post_related":"0"}],"override_image_size":"0","image_override":[{"single_post_thumbnail_size":"crop-500","single_post_gallery_size":"crop-500"}],"trending_post":"0","trending_post_position":"meta","trending_post_label":"Trending"},"jnews_primary_category":{"id":""},"jnews_social_meta":{"fb_title":"","fb_description":"","fb_image":"","twitter_title":"","twitter_description":"","twitter_image":""},"jnews_override_counter":{"override_view_counter":"0","view_counter_number":"0","override_share_counter":"0","share_counter_number":"0","override_like_counter":"0","like_counter_number":"0","override_dislike_counter":"0","dislike_counter_number":"0"},"_joinchat":[],"footnotes":""},"categories":[24],"tags":[45,35],"class_list":["post-448","post","type-post","status-publish","format-standard","has-post-thumbnail","hentry","category-opinion","tag-edicion-4","tag-trabajadores"],"_links":{"self":[{"href":"https:\/\/tribunavm.com.ar\/index.php\/wp-json\/wp\/v2\/posts\/448"}],"collection":[{"href":"https:\/\/tribunavm.com.ar\/index.php\/wp-json\/wp\/v2\/posts"}],"about":[{"href":"https:\/\/tribunavm.com.ar\/index.php\/wp-json\/wp\/v2\/types\/post"}],"author":[{"embeddable":true,"href":"https:\/\/tribunavm.com.ar\/index.php\/wp-json\/wp\/v2\/users\/2"}],"replies":[{"embeddable":true,"href":"https:\/\/tribunavm.com.ar\/index.php\/wp-json\/wp\/v2\/comments?post=448"}],"version-history":[{"count":2,"href":"https:\/\/tribunavm.com.ar\/index.php\/wp-json\/wp\/v2\/posts\/448\/revisions"}],"predecessor-version":[{"id":459,"href":"https:\/\/tribunavm.com.ar\/index.php\/wp-json\/wp\/v2\/posts\/448\/revisions\/459"}],"wp:featuredmedia":[{"embeddable":true,"href":"https:\/\/tribunavm.com.ar\/index.php\/wp-json\/wp\/v2\/media\/452"}],"wp:attachment":[{"href":"https:\/\/tribunavm.com.ar\/index.php\/wp-json\/wp\/v2\/media?parent=448"}],"wp:term":[{"taxonomy":"category","embeddable":true,"href":"https:\/\/tribunavm.com.ar\/index.php\/wp-json\/wp\/v2\/categories?post=448"},{"taxonomy":"post_tag","embeddable":true,"href":"https:\/\/tribunavm.com.ar\/index.php\/wp-json\/wp\/v2\/tags?post=448"}],"curies":[{"name":"wp","href":"https:\/\/api.w.org\/{rel}","templated":true}]}}