{"id":4617,"date":"2021-10-28T14:21:49","date_gmt":"2021-10-28T14:21:49","guid":{"rendered":"https:\/\/tribunavm.com.ar\/?p=4617"},"modified":"2021-10-28T14:21:49","modified_gmt":"2021-10-28T14:21:49","slug":"protesta-por-vivienda-en-la-municipalidad","status":"publish","type":"post","link":"https:\/\/tribunavm.com.ar\/index.php\/2021\/10\/28\/protesta-por-vivienda-en-la-municipalidad\/","title":{"rendered":"Protesta por vivienda en la Municipalidad"},"content":{"rendered":"<div class=\"row clearfix\">\n<div class=\"col-md-8\">\n<div class=\"intro-text\">\n<p><span style=\"font-weight: 400;\">Ante la falta de respuestas a la problem\u00e1tica las familias asentadas en el barrio Las Playas ocuparon pac\u00edficamente el edificio ejecutivo.<\/span><\/p>\n<\/div>\n<p><span style=\"font-weight: 400;\"><span class=\"dropcap \" style=\"background-color: #ffffff; color: #dd9933; border-color: #ffffff;\">A<\/span>lrededor de 20 familias tomaron hoy por la ma\u00f1ana la Municipalidad. Una de las mujeres coment\u00f3 a este medio que la raz\u00f3n que motiv\u00f3 esta iniciativa fueron \u201ctodas las promesas que hicieron y nunca cumplieron\u201d.<\/span><\/p>\n<p><span style=\"font-weight: 400;\">Adem\u00e1s, desde el municipio se comprometieron en reiteradas ocasiones a brindar servicios b\u00e1sicos, agua y loteo para comenzar la construcci\u00f3n de las viviendas, cuesti\u00f3n que al d\u00eda de hoy -despu\u00e9s de 6 a\u00f1os de reclamo- sigue sin cumplirse. \u201cPiensan que somos perros, nos tienen tirados ah\u00ed\u201d, comentaba una de sus participantes.<\/span><\/p>\n<p><img loading=\"lazy\" decoding=\"async\" class=\"aligncenter size-full wp-image-4619\" src=\"https:\/\/tribunavm.com.ar\/wp-content\/uploads\/2021\/10\/WhatsApp-Image-2021-10-28-at-10.07.18.jpeg\" alt=\"\" width=\"1280\" height=\"720\" srcset=\"https:\/\/tribunavm.com.ar\/wp-content\/uploads\/2021\/10\/WhatsApp-Image-2021-10-28-at-10.07.18.jpeg 1280w, https:\/\/tribunavm.com.ar\/wp-content\/uploads\/2021\/10\/WhatsApp-Image-2021-10-28-at-10.07.18-300x169.jpeg 300w, https:\/\/tribunavm.com.ar\/wp-content\/uploads\/2021\/10\/WhatsApp-Image-2021-10-28-at-10.07.18-1024x576.jpeg 1024w, https:\/\/tribunavm.com.ar\/wp-content\/uploads\/2021\/10\/WhatsApp-Image-2021-10-28-at-10.07.18-768x432.jpeg 768w, https:\/\/tribunavm.com.ar\/wp-content\/uploads\/2021\/10\/WhatsApp-Image-2021-10-28-at-10.07.18-750x422.jpeg 750w, https:\/\/tribunavm.com.ar\/wp-content\/uploads\/2021\/10\/WhatsApp-Image-2021-10-28-at-10.07.18-1140x641.jpeg 1140w\" sizes=\"(max-width: 1280px) 100vw, 1280px\" \/><\/p>\n<p><span style=\"font-weight: 400;\">\u201cEl resultado de las reuniones fue nula, se tiran la responsabilidad unos a otros pero ninguno soluciona el problema\u201d, continu\u00f3.\u00a0<\/span><\/p>\n<p><span style=\"font-weight: 400;\">\u201cEl objetivo nuestro es obtener respuestas hoy, estamos cansados de palabras\u201d, dijo otro de los participantes. \u201cAntes de estar a la deriva all\u00e1 en los terrenos nos vamos a quedar ac\u00e1 hasta que solucionemos este problema\u201d.<\/span><\/p>\n<p><span style=\"font-weight: 400;\">Tambi\u00e9n coment\u00f3 sobre la dif\u00edcil situaci\u00f3n de las familias: \u201cLa plata no alcanza a fin de mes, no alcanza ni para comer, la situaci\u00f3n no da para m\u00e1s\u201d. \u201cNo nos queda otra, no tenemos opci\u00f3n\u201d, sentenci\u00f3.<\/span><\/p>\n<\/div>\n<\/div>\n","protected":false},"excerpt":{"rendered":"<p>Ante la falta de respuestas a la problem\u00e1tica las familias asentadas en el barrio Las Playas ocuparon pac\u00edficamente el edificio ejecutivo. Alrededor de 20 familias tomaron hoy por la ma\u00f1ana la Municipalidad. Una de las mujeres coment\u00f3 a este medio que la raz\u00f3n que motiv\u00f3 esta iniciativa fueron \u201ctodas las promesas que hicieron y nunca [&hellip;]<\/p>\n","protected":false},"author":2,"featured_media":4618,"comment_status":"open","ping_status":"open","sticky":false,"template":"","format":"standard","meta":{"_exactmetrics_skip_tracking":false,"_exactmetrics_sitenote_active":false,"_exactmetrics_sitenote_note":"","_exactmetrics_sitenote_category":0,"jnews-multi-image_gallery":[],"jnews_single_post":{"source_name":"","source_url":"","via_name":"","via_url":"","override_template":"0","override":[{"template":"1","single_blog_custom":"","parallax":"1","fullscreen":"1","layout":"right-sidebar","sidebar":"default-sidebar","second_sidebar":"default-sidebar","sticky_sidebar":"1","share_position":"top","share_float_style":"share-monocrhome","show_share_counter":"1","show_view_counter":"1","show_featured":"1","show_post_meta":"1","show_post_author":"1","show_post_author_image":"1","show_post_date":"1","post_date_format":"default","post_date_format_custom":"Y\/m\/d","show_post_category":"1","show_post_reading_time":"0","post_reading_time_wpm":"300","show_zoom_button":"0","zoom_button_out_step":"2","zoom_button_in_step":"3","show_post_tag":"1","show_prev_next_post":"1","show_popup_post":"1","number_popup_post":"1","show_author_box":"0","show_post_related":"0","show_inline_post_related":"0"}],"override_image_size":"0","image_override":[{"single_post_thumbnail_size":"crop-500","single_post_gallery_size":"crop-500"}],"trending_post":"0","trending_post_position":"meta","trending_post_label":"Trending","sponsored_post":"0","sponsored_post_label":"Sponsored by","sponsored_post_name":"","sponsored_post_url":"","sponsored_post_logo_enable":"0","sponsored_post_logo":"","sponsored_post_desc":""},"jnews_primary_category":{"id":"22"},"jnews_social_meta":{"fb_title":"","fb_description":"","fb_image":"","twitter_title":"","twitter_description":"","twitter_image":""},"jnews_override_counter":{"override_view_counter":"0","view_counter_number":"0","override_share_counter":"0","share_counter_number":"0","override_like_counter":"0","like_counter_number":"0","override_dislike_counter":"0","dislike_counter_number":"0"},"_joinchat":[],"footnotes":""},"categories":[22],"tags":[72,39,36,34,35,40],"class_list":["post-4617","post","type-post","status-publish","format-standard","has-post-thumbnail","hentry","category-actualidad","tag-edicion-digital","tag-gobierno","tag-que-paso","tag-social","tag-trabajadores","tag-vivienda"],"_links":{"self":[{"href":"https:\/\/tribunavm.com.ar\/index.php\/wp-json\/wp\/v2\/posts\/4617"}],"collection":[{"href":"https:\/\/tribunavm.com.ar\/index.php\/wp-json\/wp\/v2\/posts"}],"about":[{"href":"https:\/\/tribunavm.com.ar\/index.php\/wp-json\/wp\/v2\/types\/post"}],"author":[{"embeddable":true,"href":"https:\/\/tribunavm.com.ar\/index.php\/wp-json\/wp\/v2\/users\/2"}],"replies":[{"embeddable":true,"href":"https:\/\/tribunavm.com.ar\/index.php\/wp-json\/wp\/v2\/comments?post=4617"}],"version-history":[{"count":1,"href":"https:\/\/tribunavm.com.ar\/index.php\/wp-json\/wp\/v2\/posts\/4617\/revisions"}],"predecessor-version":[{"id":4620,"href":"https:\/\/tribunavm.com.ar\/index.php\/wp-json\/wp\/v2\/posts\/4617\/revisions\/4620"}],"wp:featuredmedia":[{"embeddable":true,"href":"https:\/\/tribunavm.com.ar\/index.php\/wp-json\/wp\/v2\/media\/4618"}],"wp:attachment":[{"href":"https:\/\/tribunavm.com.ar\/index.php\/wp-json\/wp\/v2\/media?parent=4617"}],"wp:term":[{"taxonomy":"category","embeddable":true,"href":"https:\/\/tribunavm.com.ar\/index.php\/wp-json\/wp\/v2\/categories?post=4617"},{"taxonomy":"post_tag","embeddable":true,"href":"https:\/\/tribunavm.com.ar\/index.php\/wp-json\/wp\/v2\/tags?post=4617"}],"curies":[{"name":"wp","href":"https:\/\/api.w.org\/{rel}","templated":true}]}}