{"id":467,"date":"2019-07-11T18:32:11","date_gmt":"2019-07-11T18:32:11","guid":{"rendered":"https:\/\/tribunavm.com.ar\/?p=467"},"modified":"2019-10-21T18:46:59","modified_gmt":"2019-10-21T18:46:59","slug":"reclamo-por-pago-de-salarios","status":"publish","type":"post","link":"https:\/\/tribunavm.com.ar\/index.php\/2019\/07\/11\/reclamo-por-pago-de-salarios\/","title":{"rendered":"Reclamo por pago de salarios"},"content":{"rendered":"<div class=\"row clearfix\">\n<div class=\"col-md-8\">\n<p><span style=\"color: #212121; font-size: 1.5em; letter-spacing: -0.01em;\">Trabajadores de AOITA llevaron a cabo dos medidas de fuerza en la \u00faltima semana por atrasos en los pagos de salarios. Las c\u00e1maras empresariales se comprometieron a resolver el problema, pero no cumplieron en su totalidad.<\/span><\/p>\n<p><span style=\"font-weight: 400;\"><span class=\"dropcap \" style=\"background-color: #ffffff; color: #dd9933; border-color: #ffffff;\">L<\/span>a Asociaci\u00f3n Obrera de la Industria del Transporte Automotor (Aoita) realiz\u00f3 este viernes 5 de julio un paro por 24 horas en reclamo al incumplimiento del pago de salarios.<\/span><\/p>\n<p><span style=\"font-weight: 400;\">Esta situaci\u00f3n en la que se ven afectados trabajadores de varias ciudades de la provincia de C\u00f3rdoba no es un caso aislado del pa\u00eds. La Uni\u00f3n Tranviarios Automotor (UTA), despu\u00e9s de varias semanas de conflicto, ratific\u00f3 el paro general del pr\u00f3ximo viernes 12 de julio en aquellas provincias que no hayan acordado las paritarias.<\/span><\/p>\n<p><span style=\"font-weight: 400;\">En la ciudad, <strong>Marcelo Pe\u00f1aloza<\/strong>, delegado regional <strong>de AOITA, dijo que \u201cla medida se tom\u00f3 porque no le han pagado los sueldos a los choferes\u201d<\/strong>. \u201cLos empresarios, nucleados en FETAP, dicen que no se le han pagado la totalidad de los subsidios, tanto de Naci\u00f3n como de Provincia, entonces a ellos se les hace imposible costear los costos de los trabajadores\u201d, remarc\u00f3 Pe\u00f1aloza.<\/span><\/p>\n<p><span style=\"font-weight: 400;\">Ese mismo viernes se hizo una reuni\u00f3n <strong>entre funcionarios del Gobierno provincial, c\u00e1maras de empresarios del transporte y representantes gremiales<\/strong>, quienes no pudieron alcanzar ning\u00fan acuerdo por lo que el paro continu\u00f3.\u00a0<\/span><\/p>\n<p><span style=\"font-weight: 400;\">El s\u00e1bado, despu\u00e9s de dos cuartos intermedios, el Gobierno asumi\u00f3 el compromiso de pagar los correspondiente subsidios a las empresas, por lo que estas anunciaron que abonar\u00edan el 100% del salario a los trabajadores. Sin embargo, algunas de ellas no hicieron lo acordado.\u00a0<\/span><\/p>\n<p><span style=\"font-weight: 400;\">Esto llev\u00f3 al gremio a realizar una nueva medida de fuerza <strong>el lunes 8<\/strong>, intimando nuevamente a las empresas a pagar lo adeudado durante el transcurso de la semana.<\/span><\/p>\n<p><span style=\"font-weight: 400;\">Pe\u00f1aloza remarc\u00f3 que <strong>la situaci\u00f3n actual del transporte es \u201dmuy complicada\u201d<\/strong>, ya que son \u201cunos 80 o 90 trabajadores que siguen afectados por esta situaci\u00f3n y si no se da una respuesta hasta este viernes deberemos continuar con las medidas de paro\u201d.<\/span><\/p>\n<\/div>\n<\/div>\n","protected":false},"excerpt":{"rendered":"<p>Trabajadores de AOITA llevaron a cabo dos medidas de fuerza en la \u00faltima semana por atrasos en los pagos de salarios. Las c\u00e1maras empresariales se comprometieron a resolver el problema, pero no cumplieron en su totalidad. La Asociaci\u00f3n Obrera de la Industria del Transporte Automotor (Aoita) realiz\u00f3 este viernes 5 de julio un paro por [&hellip;]<\/p>\n","protected":false},"author":2,"featured_media":471,"comment_status":"open","ping_status":"open","sticky":false,"template":"","format":"standard","meta":{"_exactmetrics_skip_tracking":false,"_exactmetrics_sitenote_active":false,"_exactmetrics_sitenote_note":"","_exactmetrics_sitenote_category":0,"jnews-multi-image_gallery":[],"jnews_single_post":{"source_name":"","source_url":"","via_name":"","via_url":"","override_template":"0","override":[{"template":"1","single_blog_custom":"","parallax":"1","fullscreen":"0","layout":"right-sidebar","sidebar":"default-sidebar","second_sidebar":"default-sidebar","sticky_sidebar":"1","share_position":"top","share_float_style":"share-monocrhome","show_share_counter":"1","show_view_counter":"1","show_featured":"1","show_post_meta":"1","show_post_author":"1","show_post_author_image":"1","show_post_date":"1","post_date_format":"default","post_date_format_custom":"Y\/m\/d","show_post_category":"1","show_post_reading_time":"0","post_reading_time_wpm":"300","show_zoom_button":"0","zoom_button_out_step":"2","zoom_button_in_step":"3","show_post_tag":"1","show_prev_next_post":"1","show_popup_post":"1","number_popup_post":"1","show_author_box":"0","show_post_related":"0","show_inline_post_related":"0"}],"override_image_size":"0","image_override":[{"single_post_thumbnail_size":"crop-500","single_post_gallery_size":"crop-500"}],"trending_post":"0","trending_post_position":"meta","trending_post_label":"Trending"},"jnews_primary_category":{"id":""},"jnews_social_meta":{"fb_title":"","fb_description":"","fb_image":"","twitter_title":"","twitter_description":"","twitter_image":""},"jnews_override_counter":{"override_view_counter":"0","view_counter_number":"0","override_share_counter":"0","share_counter_number":"0","override_like_counter":"0","like_counter_number":"0","override_dislike_counter":"0","dislike_counter_number":"0"},"_joinchat":[],"footnotes":""},"categories":[22],"tags":[45,35],"class_list":["post-467","post","type-post","status-publish","format-standard","has-post-thumbnail","hentry","category-actualidad","tag-edicion-4","tag-trabajadores"],"_links":{"self":[{"href":"https:\/\/tribunavm.com.ar\/index.php\/wp-json\/wp\/v2\/posts\/467"}],"collection":[{"href":"https:\/\/tribunavm.com.ar\/index.php\/wp-json\/wp\/v2\/posts"}],"about":[{"href":"https:\/\/tribunavm.com.ar\/index.php\/wp-json\/wp\/v2\/types\/post"}],"author":[{"embeddable":true,"href":"https:\/\/tribunavm.com.ar\/index.php\/wp-json\/wp\/v2\/users\/2"}],"replies":[{"embeddable":true,"href":"https:\/\/tribunavm.com.ar\/index.php\/wp-json\/wp\/v2\/comments?post=467"}],"version-history":[{"count":1,"href":"https:\/\/tribunavm.com.ar\/index.php\/wp-json\/wp\/v2\/posts\/467\/revisions"}],"predecessor-version":[{"id":473,"href":"https:\/\/tribunavm.com.ar\/index.php\/wp-json\/wp\/v2\/posts\/467\/revisions\/473"}],"wp:featuredmedia":[{"embeddable":true,"href":"https:\/\/tribunavm.com.ar\/index.php\/wp-json\/wp\/v2\/media\/471"}],"wp:attachment":[{"href":"https:\/\/tribunavm.com.ar\/index.php\/wp-json\/wp\/v2\/media?parent=467"}],"wp:term":[{"taxonomy":"category","embeddable":true,"href":"https:\/\/tribunavm.com.ar\/index.php\/wp-json\/wp\/v2\/categories?post=467"},{"taxonomy":"post_tag","embeddable":true,"href":"https:\/\/tribunavm.com.ar\/index.php\/wp-json\/wp\/v2\/tags?post=467"}],"curies":[{"name":"wp","href":"https:\/\/api.w.org\/{rel}","templated":true}]}}