{"id":4685,"date":"2021-11-01T03:30:00","date_gmt":"2021-11-01T03:30:00","guid":{"rendered":"https:\/\/tribunavm.com.ar\/?p=4685"},"modified":"2021-11-01T03:30:00","modified_gmt":"2021-11-01T03:30:00","slug":"protesta-por-vivienda-en-la-municipalidad-2","status":"publish","type":"post","link":"https:\/\/tribunavm.com.ar\/index.php\/2021\/11\/01\/protesta-por-vivienda-en-la-municipalidad-2\/","title":{"rendered":"Protesta por vivienda en la Municipalidad"},"content":{"rendered":"<div class=\"row clearfix\">\n<div class=\"col-md-8\">\n<div class=\"intro-text\">\n<p><span style=\"font-weight: 400;\">Ante la falta de respuestas a la problem\u00e1tica las familias asentadas en el barrio Las Playas ocuparon pac\u00edficamente el edificio ejecutivo.<\/span><\/p>\n<\/div>\n<p><span style=\"font-weight: 400;\"><span class=\"dropcap \" style=\"background-color: #ffffff; color: #dd9933; border-color: #ffffff;\">U<\/span>n conjunto de familias se presentaron la semana pasada en la Municipalidad de Villa Mar\u00eda en reclamo del cumplimiento de unos convenios en los que el gobierno municipal se comprometi\u00f3 a posibilitar el acceso a las tierras para 35 familias en situaci\u00f3n de emergencia.\u00a0<\/span><\/p>\n<p><span style=\"font-weight: 400;\">Estas familias se encuentran desde hace 10 meses asentadas en un predio ubicado en el Barrio Las Playas en precarias construcciones, sin acceso a luz, gas ni agua, y azotadas por el clima, esperando una respuesta que posibilite a las mismas poder acceder a una vivienda digna.<\/span><\/p>\n<p><span style=\"font-weight: 400;\">El d\u00eda jueves por la ma\u00f1ana, cansadas de reiteradas reuniones sin avances ni resultados, un nutrido grupo de mujeres y sus hijos ingresaron al Palacio Municipal, donde permanecieron pac\u00edficamente hasta que se le diera respuesta a su reclamo.<\/span><\/p>\n<p><span style=\"font-weight: 400;\">Tras un largo d\u00eda de arduas negociaciones con Silvia Cuello, presidenta del Instituto Municipal de la Vivienda; Celeste Curetti, secretaria de Inclusi\u00f3n y Territorio; y Pablo Rosso, intendente interino; las familias lograron en horas de la madrugada un acuerdo por la entrega de nueve lotes para los grupos familiares de mayor vulnerabilidad y la asignaci\u00f3n de otros 20 lotes de terrenos que en el plazo de 90 d\u00edas la Municipalidad se compromete a su demarcaci\u00f3n y acondicionamiento.\u00a0<\/span><\/p>\n<p>&nbsp;<\/p>\n<\/div>\n<\/div>\n","protected":false},"excerpt":{"rendered":"<p>Ante la falta de respuestas a la problem\u00e1tica las familias asentadas en el barrio Las Playas ocuparon pac\u00edficamente el edificio ejecutivo. Un conjunto de familias se presentaron la semana pasada en la Municipalidad de Villa Mar\u00eda en reclamo del cumplimiento de unos convenios en los que el gobierno municipal se comprometi\u00f3 a posibilitar el acceso [&hellip;]<\/p>\n","protected":false},"author":2,"featured_media":4686,"comment_status":"open","ping_status":"open","sticky":false,"template":"","format":"standard","meta":{"_exactmetrics_skip_tracking":false,"_exactmetrics_sitenote_active":false,"_exactmetrics_sitenote_note":"","_exactmetrics_sitenote_category":0,"jnews-multi-image_gallery":[],"jnews_single_post":{"source_name":"","source_url":"","via_name":"","via_url":"","override_template":"0","override":[{"template":"1","single_blog_custom":"","parallax":"1","fullscreen":"1","layout":"right-sidebar","sidebar":"default-sidebar","second_sidebar":"default-sidebar","sticky_sidebar":"1","share_position":"top","share_float_style":"share-monocrhome","show_share_counter":"1","show_view_counter":"1","show_featured":"1","show_post_meta":"1","show_post_author":"1","show_post_author_image":"1","show_post_date":"1","post_date_format":"default","post_date_format_custom":"Y\/m\/d","show_post_category":"1","show_post_reading_time":"0","post_reading_time_wpm":"300","show_zoom_button":"0","zoom_button_out_step":"2","zoom_button_in_step":"3","show_post_tag":"1","show_prev_next_post":"1","show_popup_post":"1","number_popup_post":"1","show_author_box":"0","show_post_related":"0","show_inline_post_related":"0"}],"override_image_size":"0","image_override":[{"single_post_thumbnail_size":"crop-500","single_post_gallery_size":"crop-500"}],"trending_post":"0","trending_post_position":"meta","trending_post_label":"Trending","sponsored_post":"0","sponsored_post_label":"Sponsored by","sponsored_post_name":"","sponsored_post_url":"","sponsored_post_logo_enable":"0","sponsored_post_logo":"","sponsored_post_desc":""},"jnews_primary_category":{"id":"22"},"jnews_social_meta":{"fb_title":"","fb_description":"","fb_image":"","twitter_title":"","twitter_description":"","twitter_image":""},"jnews_override_counter":{"override_view_counter":"0","view_counter_number":"0","override_share_counter":"0","share_counter_number":"0","override_like_counter":"0","like_counter_number":"0","override_dislike_counter":"0","dislike_counter_number":"0"},"_joinchat":[],"footnotes":""},"categories":[22],"tags":[218,35,40],"class_list":["post-4685","post","type-post","status-publish","format-standard","has-post-thumbnail","hentry","category-actualidad","tag-edicion-76","tag-trabajadores","tag-vivienda"],"_links":{"self":[{"href":"https:\/\/tribunavm.com.ar\/index.php\/wp-json\/wp\/v2\/posts\/4685"}],"collection":[{"href":"https:\/\/tribunavm.com.ar\/index.php\/wp-json\/wp\/v2\/posts"}],"about":[{"href":"https:\/\/tribunavm.com.ar\/index.php\/wp-json\/wp\/v2\/types\/post"}],"author":[{"embeddable":true,"href":"https:\/\/tribunavm.com.ar\/index.php\/wp-json\/wp\/v2\/users\/2"}],"replies":[{"embeddable":true,"href":"https:\/\/tribunavm.com.ar\/index.php\/wp-json\/wp\/v2\/comments?post=4685"}],"version-history":[{"count":1,"href":"https:\/\/tribunavm.com.ar\/index.php\/wp-json\/wp\/v2\/posts\/4685\/revisions"}],"predecessor-version":[{"id":4687,"href":"https:\/\/tribunavm.com.ar\/index.php\/wp-json\/wp\/v2\/posts\/4685\/revisions\/4687"}],"wp:featuredmedia":[{"embeddable":true,"href":"https:\/\/tribunavm.com.ar\/index.php\/wp-json\/wp\/v2\/media\/4686"}],"wp:attachment":[{"href":"https:\/\/tribunavm.com.ar\/index.php\/wp-json\/wp\/v2\/media?parent=4685"}],"wp:term":[{"taxonomy":"category","embeddable":true,"href":"https:\/\/tribunavm.com.ar\/index.php\/wp-json\/wp\/v2\/categories?post=4685"},{"taxonomy":"post_tag","embeddable":true,"href":"https:\/\/tribunavm.com.ar\/index.php\/wp-json\/wp\/v2\/tags?post=4685"}],"curies":[{"name":"wp","href":"https:\/\/api.w.org\/{rel}","templated":true}]}}