{"id":4714,"date":"2021-11-08T02:48:55","date_gmt":"2021-11-08T02:48:55","guid":{"rendered":"https:\/\/tribunavm.com.ar\/?p=4714"},"modified":"2021-11-08T02:48:55","modified_gmt":"2021-11-08T02:48:55","slug":"runasur-por-la-integracion-latinoamericana","status":"publish","type":"post","link":"https:\/\/tribunavm.com.ar\/index.php\/2021\/11\/08\/runasur-por-la-integracion-latinoamericana\/","title":{"rendered":"Runasur por la integraci\u00f3n latinoamericana"},"content":{"rendered":"<div class=\"row clearfix\">\n<div class=\"col-md-8\">\n<div class=\"intro-text\">\n<p><span style=\"font-weight: 400;\">Con una visi\u00f3n antiimperialista, organizaciones sociales, sindicales e ind\u00edgenas se dieron cita en Buenos Aires en su segundo encuentro.<\/span><\/p>\n<\/div>\n<p><span style=\"font-weight: 400;\"><span class=\"dropcap \" style=\"background-color: #ffffff; color: #dd9933; border-color: #ffffff;\">E<\/span>n el edificio de ATE, presidido por el ex presidente de Bolivia, Evo Morales, se firm\u00f3 el documento titulado \u201cDeclaraci\u00f3n de Buenos Aires\u201d con cuatro puntos que guiar\u00e1n su accionar.<\/span><\/p>\n<p><span style=\"font-weight: 400;\">Entre las definiciones del encuentro destacan: rechazar las acciones injerencistas de Estados Unidos para desestabilizar la democracia de la regi\u00f3n, ratificar la defensa de la soberan\u00eda sobre los recursos naturales e instar a los Gobiernos a la aplicaci\u00f3n de sanciones inmorales contra el imperio.<\/span><\/p>\n<p><span style=\"font-weight: 400;\">Adem\u00e1s se proponen \u201ctrabajar en la unidad entre los movimientos ind\u00edgenas, afrodescendientes, organizaciones pol\u00edticas, sociales, sindicales, populares, Gobiernos progresistas, partidos de izquierda, movimientos juveniles, de mujeres, artistas e intelectuales comprometidos con la liberaci\u00f3n de nuestros Pueblos\u201d.<\/span><\/p>\n<p><span style=\"font-weight: 400;\">El pr\u00f3ximo encuentro se realizar\u00e1 en Cusco, Per\u00fa entre los d\u00edas 20 y 21 de diciembre de este a\u00f1o.<\/span><\/p>\n<blockquote class=\"twitter-tweet\">\n<p dir=\"ltr\" lang=\"es\">Bajo el principio de la reconstituci\u00f3n de la Am\u00e9rica Plurinacional de nuestros ancestros, convocamos al II encuentro de los pueblos de Abya Yala en Cuzco, Per\u00fa, 20 y 21 de diciembre de 2021, seg\u00fan acordamos en segunda reunion t\u00e9cnica de RUNASUR con representantes de varios pa\u00edses <a href=\"https:\/\/t.co\/HLHEA55uqU\">pic.twitter.com\/HLHEA55uqU<\/a><\/p>\n<p>\u2014 Evo Morales Ayma (@evoespueblo) <a href=\"https:\/\/twitter.com\/evoespueblo\/status\/1455961104199282689?ref_src=twsrc%5Etfw\">November 3, 2021<\/a><\/p><\/blockquote>\n<p><script async src=\"https:\/\/platform.twitter.com\/widgets.js\" charset=\"utf-8\"><\/script><br \/>\n<span style=\"font-weight: 400;\">Seg\u00fan consta en la declaraci\u00f3n, \u201cRunasur es el mecanismo de integraci\u00f3n plurinacional entre los pueblos ind\u00edgenas, afrodescendientes, organizaciones sociales, sindicales, territoriales y movimientos sociales de la regi\u00f3n que busca resolver la deuda hist\u00f3rica que los pueblos\u201d.\u00a0<\/span><\/p>\n<p><span style=\"font-weight: 400;\">\u201cEste es un nuevo horizonte de vida con una estructura pol\u00edtica, econ\u00f3mica, social y cultural en armon\u00eda con la madre tierra en esta din\u00e1mica es central pararnos desde las luchas de nuestros pueblos en movimiento. Desde all\u00ed podremos elaborar estrategias comunes que sean conducentes a frenar esa situaci\u00f3n a la que nos lleva el imperio: una crisis de vida\u201d.<\/span><\/p>\n<p><span style=\"font-weight: 400;\">La Comisi\u00f3n T\u00e9cnica de RUNASUR estuvo integrada por Evo Morales, Fernando Huanacuni (excanciller boliviano) y Ramiro Tapias (embajador de Bolivia), Lidice Altuve (viceministra de Relaciones Exteriores de Venezuela), Ricardo Peidro y Miriam Liempe (CTAA), Roberto Baradel y Benito Esp\u00edndola (CTAT), Guillermo Zucotti, Humberto G\u00f3mez Correa y Jos\u00e9 Luis L\u00f3pez (CGT), Julio Fuentes y Juan Jos\u00e9 G\u00f3mez Correa (CLATE), Alex Roig y Luis Pilquiman (INAES), Mar\u00eda Fernanda Pereyra y Alejandro Rusconi (UTEP), Marion Cubillos y Claudia Atenas (CUT), Mart\u00edn Pereyra (PIT-CNT), Nina Jaramillo (Comit\u00e9 Idiomas Ind\u00edgenas).<\/span><\/p>\n<\/div>\n<\/div>\n","protected":false},"excerpt":{"rendered":"<p>Con una visi\u00f3n antiimperialista, organizaciones sociales, sindicales e ind\u00edgenas se dieron cita en Buenos Aires en su segundo encuentro. En el edificio de ATE, presidido por el ex presidente de Bolivia, Evo Morales, se firm\u00f3 el documento titulado \u201cDeclaraci\u00f3n de Buenos Aires\u201d con cuatro puntos que guiar\u00e1n su accionar. Entre las definiciones del encuentro destacan: [&hellip;]<\/p>\n","protected":false},"author":2,"featured_media":4716,"comment_status":"open","ping_status":"open","sticky":false,"template":"","format":"standard","meta":{"_exactmetrics_skip_tracking":false,"_exactmetrics_sitenote_active":false,"_exactmetrics_sitenote_note":"","_exactmetrics_sitenote_category":0,"jnews-multi-image_gallery":[],"jnews_single_post":{"source_name":"","source_url":"","via_name":"","via_url":"","override_template":"0","override":[{"template":"1","single_blog_custom":"","parallax":"1","fullscreen":"1","layout":"right-sidebar","sidebar":"default-sidebar","second_sidebar":"default-sidebar","sticky_sidebar":"1","share_position":"top","share_float_style":"share-monocrhome","show_share_counter":"1","show_view_counter":"1","show_featured":"1","show_post_meta":"1","show_post_author":"1","show_post_author_image":"1","show_post_date":"1","post_date_format":"default","post_date_format_custom":"Y\/m\/d","show_post_category":"1","show_post_reading_time":"0","post_reading_time_wpm":"300","show_zoom_button":"0","zoom_button_out_step":"2","zoom_button_in_step":"3","show_post_tag":"1","show_prev_next_post":"1","show_popup_post":"1","number_popup_post":"1","show_author_box":"0","show_post_related":"0","show_inline_post_related":"0"}],"override_image_size":"0","image_override":[{"single_post_thumbnail_size":"crop-500","single_post_gallery_size":"crop-500"}],"trending_post":"0","trending_post_position":"meta","trending_post_label":"Trending","sponsored_post":"0","sponsored_post_label":"Sponsored by","sponsored_post_name":"","sponsored_post_url":"","sponsored_post_logo_enable":"0","sponsored_post_logo":"","sponsored_post_desc":""},"jnews_primary_category":{"id":"22"},"jnews_social_meta":{"fb_title":"","fb_description":"","fb_image":"","twitter_title":"","twitter_description":"","twitter_image":""},"jnews_override_counter":{"override_view_counter":"0","view_counter_number":"0","override_share_counter":"0","share_counter_number":"0","override_like_counter":"0","like_counter_number":"0","override_dislike_counter":"0","dislike_counter_number":"0"},"_joinchat":[],"footnotes":""},"categories":[22],"tags":[219,39,35],"class_list":["post-4714","post","type-post","status-publish","format-standard","has-post-thumbnail","hentry","category-actualidad","tag-edicion-77","tag-gobierno","tag-trabajadores"],"_links":{"self":[{"href":"https:\/\/tribunavm.com.ar\/index.php\/wp-json\/wp\/v2\/posts\/4714"}],"collection":[{"href":"https:\/\/tribunavm.com.ar\/index.php\/wp-json\/wp\/v2\/posts"}],"about":[{"href":"https:\/\/tribunavm.com.ar\/index.php\/wp-json\/wp\/v2\/types\/post"}],"author":[{"embeddable":true,"href":"https:\/\/tribunavm.com.ar\/index.php\/wp-json\/wp\/v2\/users\/2"}],"replies":[{"embeddable":true,"href":"https:\/\/tribunavm.com.ar\/index.php\/wp-json\/wp\/v2\/comments?post=4714"}],"version-history":[{"count":2,"href":"https:\/\/tribunavm.com.ar\/index.php\/wp-json\/wp\/v2\/posts\/4714\/revisions"}],"predecessor-version":[{"id":4717,"href":"https:\/\/tribunavm.com.ar\/index.php\/wp-json\/wp\/v2\/posts\/4714\/revisions\/4717"}],"wp:featuredmedia":[{"embeddable":true,"href":"https:\/\/tribunavm.com.ar\/index.php\/wp-json\/wp\/v2\/media\/4716"}],"wp:attachment":[{"href":"https:\/\/tribunavm.com.ar\/index.php\/wp-json\/wp\/v2\/media?parent=4714"}],"wp:term":[{"taxonomy":"category","embeddable":true,"href":"https:\/\/tribunavm.com.ar\/index.php\/wp-json\/wp\/v2\/categories?post=4714"},{"taxonomy":"post_tag","embeddable":true,"href":"https:\/\/tribunavm.com.ar\/index.php\/wp-json\/wp\/v2\/tags?post=4714"}],"curies":[{"name":"wp","href":"https:\/\/api.w.org\/{rel}","templated":true}]}}