{"id":474,"date":"2019-07-11T18:48:33","date_gmt":"2019-07-11T18:48:33","guid":{"rendered":"https:\/\/tribunavm.com.ar\/?p=474"},"modified":"2019-10-21T19:18:55","modified_gmt":"2019-10-21T19:18:55","slug":"creditos-por-las-nubes","status":"publish","type":"post","link":"https:\/\/tribunavm.com.ar\/index.php\/2019\/07\/11\/creditos-por-las-nubes\/","title":{"rendered":"Cr\u00e9ditos por las nubes"},"content":{"rendered":"<div class=\"row clearfix\">\n<div class=\"col-md-8\">\n<p><span style=\"color: #212121; font-size: 1.5em; letter-spacing: -0.01em;\">Vecinos de toda la provincia se organizan como colectivo autoconvocado por los excesivos aumentos en las cuotas de cr\u00e9ditos hipotecarios UVA.<\/span><\/p>\n<p><span style=\"font-weight: 400;\"><span class=\"dropcap \" style=\"background-color: #ffffff; color: #dd9933; border-color: #ffffff;\">E<\/span>n 2016, el Banco Central (BCRA) lanz\u00f3 los cr\u00e9ditos UVA, con el prop\u00f3sito de ofrecer una oportunidad para facilitar la adquisici\u00f3n, construcci\u00f3n o refacci\u00f3n de viviendas. La Unidad de Valor Adquisitivo (UVA) actualiza su valor diariamente en funci\u00f3n a la variaci\u00f3n del CER (Coeficiente de Estabilizaci\u00f3n de Referencia), basado en el \u00edndice de precios al consumidor, es decir, en <strong>base a la inflaci\u00f3n<\/strong>.<\/span><\/p>\n<p><span style=\"font-weight: 400;\">En su lanzamiento cotizaba a <strong>$ 14,05<\/strong>, mientras que en la actualidad la Unidad de Valor Adquisitivo se encuentra a <strong>$ 38,19<\/strong>.<\/span><\/p>\n<p><span style=\"font-weight: 400;\">Diez mil hogares de toda la provincia de C\u00f3rdoba que recurrieron a este instrumento financiero, est\u00e1n siendo afectados por los asfixiantes aumentos que tomaron los cr\u00e9ditos con la escalada inflacionaria. Ante esta situaci\u00f3n, los vecinos conformaron el colectivo Autoconvocados C\u00f3rdoba UVA y desde all\u00ed vienen coordinando distintas acciones para afrontar la problem\u00e1tica: presentaron cuatro amparos ante la justicia cordobesa para pedir que se congelen el valor de las cuotas de los cr\u00e9ditos.<\/span><\/p>\n<p><span style=\"font-weight: 400;\">Por otro lado, el 27 de junio el diputado del Partido Dem\u00f3crata Cristiano, Juan Fernando Br\u00fcgge, ingres\u00f3 un proyecto de ley de emergencia para hipotecados de cr\u00e9ditos UVA en la C\u00e1mara de Diputados orientado a poner un tope al porcentaje de la cuota con respecto al salario, la suspensi\u00f3n de ejecuciones hipotecarias y un r\u00e9gimen especial para damnificados en situaci\u00f3n de p\u00e9rdida de ingresos (desempleo, suspensi\u00f3n o reducci\u00f3n de jornada).<\/span><\/p>\n<p><span style=\"font-weight: 400;\">En cuanto a la situaci\u00f3n de los cr\u00e9ditos en Villa Maria, <strong>Noelia Mesa<\/strong>, referente local del grupo, inform\u00f3 que habr\u00e1 <strong>\u201cuna reuni\u00f3n el s\u00e1bado 20 de julio, a las 15, en la Medioteca, para definir todo lo referente al funcionamiento en nuestra ciudad\u201d.<\/strong><\/span><\/p>\n<\/div>\n<\/div>\n","protected":false},"excerpt":{"rendered":"<p>Vecinos de toda la provincia se organizan como colectivo autoconvocado por los excesivos aumentos en las cuotas de cr\u00e9ditos hipotecarios UVA. En 2016, el Banco Central (BCRA) lanz\u00f3 los cr\u00e9ditos UVA, con el prop\u00f3sito de ofrecer una oportunidad para facilitar la adquisici\u00f3n, construcci\u00f3n o refacci\u00f3n de viviendas. La Unidad de Valor Adquisitivo (UVA) actualiza su [&hellip;]<\/p>\n","protected":false},"author":2,"featured_media":481,"comment_status":"open","ping_status":"open","sticky":false,"template":"","format":"standard","meta":{"_exactmetrics_skip_tracking":false,"_exactmetrics_sitenote_active":false,"_exactmetrics_sitenote_note":"","_exactmetrics_sitenote_category":0,"jnews-multi-image_gallery":[],"jnews_single_post":{"source_name":"","source_url":"","via_name":"","via_url":"","override_template":"0","override":[{"template":"1","single_blog_custom":"","parallax":"1","fullscreen":"0","layout":"right-sidebar","sidebar":"default-sidebar","second_sidebar":"default-sidebar","sticky_sidebar":"1","share_position":"top","share_float_style":"share-monocrhome","show_share_counter":"1","show_view_counter":"1","show_featured":"1","show_post_meta":"1","show_post_author":"1","show_post_author_image":"1","show_post_date":"1","post_date_format":"default","post_date_format_custom":"Y\/m\/d","show_post_category":"1","show_post_reading_time":"0","post_reading_time_wpm":"300","show_zoom_button":"0","zoom_button_out_step":"2","zoom_button_in_step":"3","show_post_tag":"1","show_prev_next_post":"1","show_popup_post":"1","number_popup_post":"1","show_author_box":"0","show_post_related":"0","show_inline_post_related":"0"}],"override_image_size":"0","image_override":[{"single_post_thumbnail_size":"crop-500","single_post_gallery_size":"crop-500"}],"trending_post":"0","trending_post_position":"meta","trending_post_label":"Trending"},"jnews_primary_category":{"id":""},"jnews_social_meta":{"fb_title":"","fb_description":"","fb_image":"","twitter_title":"","twitter_description":"","twitter_image":""},"jnews_override_counter":{"override_view_counter":"0","view_counter_number":"0","override_share_counter":"0","share_counter_number":"0","override_like_counter":"0","like_counter_number":"0","override_dislike_counter":"0","dislike_counter_number":"0"},"_joinchat":[],"footnotes":""},"categories":[22],"tags":[45,34],"class_list":["post-474","post","type-post","status-publish","format-standard","has-post-thumbnail","hentry","category-actualidad","tag-edicion-4","tag-social"],"_links":{"self":[{"href":"https:\/\/tribunavm.com.ar\/index.php\/wp-json\/wp\/v2\/posts\/474"}],"collection":[{"href":"https:\/\/tribunavm.com.ar\/index.php\/wp-json\/wp\/v2\/posts"}],"about":[{"href":"https:\/\/tribunavm.com.ar\/index.php\/wp-json\/wp\/v2\/types\/post"}],"author":[{"embeddable":true,"href":"https:\/\/tribunavm.com.ar\/index.php\/wp-json\/wp\/v2\/users\/2"}],"replies":[{"embeddable":true,"href":"https:\/\/tribunavm.com.ar\/index.php\/wp-json\/wp\/v2\/comments?post=474"}],"version-history":[{"count":1,"href":"https:\/\/tribunavm.com.ar\/index.php\/wp-json\/wp\/v2\/posts\/474\/revisions"}],"predecessor-version":[{"id":480,"href":"https:\/\/tribunavm.com.ar\/index.php\/wp-json\/wp\/v2\/posts\/474\/revisions\/480"}],"wp:featuredmedia":[{"embeddable":true,"href":"https:\/\/tribunavm.com.ar\/index.php\/wp-json\/wp\/v2\/media\/481"}],"wp:attachment":[{"href":"https:\/\/tribunavm.com.ar\/index.php\/wp-json\/wp\/v2\/media?parent=474"}],"wp:term":[{"taxonomy":"category","embeddable":true,"href":"https:\/\/tribunavm.com.ar\/index.php\/wp-json\/wp\/v2\/categories?post=474"},{"taxonomy":"post_tag","embeddable":true,"href":"https:\/\/tribunavm.com.ar\/index.php\/wp-json\/wp\/v2\/tags?post=474"}],"curies":[{"name":"wp","href":"https:\/\/api.w.org\/{rel}","templated":true}]}}