{"id":4744,"date":"2021-11-14T23:34:16","date_gmt":"2021-11-14T23:34:16","guid":{"rendered":"https:\/\/tribunavm.com.ar\/?p=4744"},"modified":"2021-11-14T23:34:16","modified_gmt":"2021-11-14T23:34:16","slug":"paneo-latinoamericano-17","status":"publish","type":"post","link":"https:\/\/tribunavm.com.ar\/index.php\/2021\/11\/14\/paneo-latinoamericano-17\/","title":{"rendered":"Paneo Latinoamericano"},"content":{"rendered":"<div class=\"row clearfix\">\n<div class=\"col-md-8\">\n<h3><span style=\"font-weight: 400; color: #ff9900;\">Ortega, reelecto en Nicaragua<\/span><\/h3>\n<p><img loading=\"lazy\" decoding=\"async\" class=\"aligncenter size-full wp-image-4745\" src=\"https:\/\/tribunavm.com.ar\/wp-content\/uploads\/2021\/11\/Nicaragua.jpg\" alt=\"\" width=\"640\" height=\"360\" srcset=\"https:\/\/tribunavm.com.ar\/wp-content\/uploads\/2021\/11\/Nicaragua.jpg 640w, https:\/\/tribunavm.com.ar\/wp-content\/uploads\/2021\/11\/Nicaragua-300x169.jpg 300w\" sizes=\"(max-width: 640px) 100vw, 640px\" \/><\/p>\n<p><span style=\"font-weight: 400;\"><span class=\"dropcap \" style=\"background-color: #ffffff; color: #dd9933; border-color: #ffffff;\">C<\/span>erca del 75% de los votos, Daniel Ortega, Presidente de Nicaragua desde el 2007, logr\u00f3 su tercera reelecci\u00f3n consecutiva. De esta forma se dispondr\u00e1 a su quinto per\u00edodo al frente del pa\u00eds centroamericano.<\/span><\/p>\n<p><span style=\"font-weight: 400;\">Desde la oposici\u00f3n se reclam\u00f3 la falta de democracia de esta instancia electoral donde 7 candidatos opositores fueron detenidos semanas antes de las elecciones. Desde el oficialismo, por otro lado, se alude a fuertes campa\u00f1as medi\u00e1ticas y al intervencionismo norteamericano en la pol\u00edtica del pa\u00eds.<\/span><\/p>\n<p><span style=\"font-weight: 400;\">Varios pa\u00edses, liderados por Estados Unidos y la Union Europea, rechazaron los resultados. Adem\u00e1s, la OEA (Organizaci\u00f3n de los Estados Americanos) exigi\u00f3 la anulaci\u00f3n de los comicios y llamando a nuevas elecciones para \u201ctener elecciones genuinas y aut\u00e9nticas, que permitan restablecer las libertades y el Estado de Derecho, y \u00fanicamente a trav\u00e9s de esa v\u00eda recuperar la democracia ya perdida\u201d.<\/span><\/p>\n<h3><span style=\"font-weight: 400; color: #ff9900;\">Pandora, sus papeles y la caja abierta: la destituci\u00f3n de Pi\u00f1era<\/span><\/h3>\n<p><img loading=\"lazy\" decoding=\"async\" class=\"size-full wp-image-4746\" src=\"https:\/\/tribunavm.com.ar\/wp-content\/uploads\/2021\/11\/Chile-.jpg\" alt=\"\" width=\"1200\" height=\"800\" srcset=\"https:\/\/tribunavm.com.ar\/wp-content\/uploads\/2021\/11\/Chile-.jpg 1200w, https:\/\/tribunavm.com.ar\/wp-content\/uploads\/2021\/11\/Chile--300x200.jpg 300w, https:\/\/tribunavm.com.ar\/wp-content\/uploads\/2021\/11\/Chile--1024x683.jpg 1024w, https:\/\/tribunavm.com.ar\/wp-content\/uploads\/2021\/11\/Chile--768x512.jpg 768w, https:\/\/tribunavm.com.ar\/wp-content\/uploads\/2021\/11\/Chile--750x500.jpg 750w, https:\/\/tribunavm.com.ar\/wp-content\/uploads\/2021\/11\/Chile--1140x760.jpg 1140w\" sizes=\"(max-width: 1200px) 100vw, 1200px\" \/><\/p>\n<p><span style=\"font-weight: 400;\"><span class=\"dropcap \" style=\"background-color: #ffffff; color: #dd9933; border-color: #ffffff;\">A <\/span>una semana de las elecciones en el pa\u00eds andino, la C\u00e1mara de Diputados de Chile aprob\u00f3 (por 78 votos a favor, 67 en contra y 3 abstenciones) el inicio del juicio pol\u00edtico al pPresidente Sebasti\u00e1n Pi\u00f1era por irregularidades en la venta de una minera en las Islas V\u00edrgenes Brit\u00e1nicas, un hecho revelado a trav\u00e9s de los \u201cPandora Papers\u201d.\u00a0<\/span><\/p>\n<p><span style=\"font-weight: 400;\">M\u00e1s de 22 horas dur\u00f3 el debate en la C\u00e1mara Baja, una jornada maratoniana protagonizada por Jaime Naranjo, diputado socialista que expuso por 15 horas seguidas para que dos diputados, aislados por Ccovid-19, pudieran terminar con su reclusi\u00f3n y as\u00ed votar a favor de la destituci\u00f3n presidencial.<\/span><\/p>\n<p><span style=\"font-weight: 400;\">La acusaci\u00f3n, ahora, debe pasar a la C\u00e1mara de Senadores (c\u00e1mara que act\u00faa como juez en estos procesos), donde se deber\u00e1n alcanzar los dos tercios de los votos para destituir a Pi\u00f1era e inhabilitar de por vida para ejercer cargos p\u00fablicos.<\/span><\/p>\n<h3><span style=\"font-weight: 400; color: #ff9900;\">Paro nacional en Bolivia<\/span><\/h3>\n<p><img loading=\"lazy\" decoding=\"async\" class=\"aligncenter size-full wp-image-4747\" src=\"https:\/\/tribunavm.com.ar\/wp-content\/uploads\/2021\/11\/Bolivia.jpg\" alt=\"\" width=\"800\" height=\"450\" srcset=\"https:\/\/tribunavm.com.ar\/wp-content\/uploads\/2021\/11\/Bolivia.jpg 800w, https:\/\/tribunavm.com.ar\/wp-content\/uploads\/2021\/11\/Bolivia-300x169.jpg 300w, https:\/\/tribunavm.com.ar\/wp-content\/uploads\/2021\/11\/Bolivia-768x432.jpg 768w, https:\/\/tribunavm.com.ar\/wp-content\/uploads\/2021\/11\/Bolivia-750x422.jpg 750w\" sizes=\"(max-width: 800px) 100vw, 800px\" \/><\/p>\n<p><span style=\"font-weight: 400;\"><span class=\"dropcap \" style=\"background-color: #ffffff; color: #dd9933; border-color: #ffffff;\">D<\/span>esde hace una semana se registraron en Bolivia distintas movilizaciones de por comerciantes informales, transportistas, comit\u00e9s c\u00edvicos y plataformas ciudadanas contra la ley de Estrategia Nacional de Lucha contra la Legitimaci\u00f3n de Ganancias Il\u00edcitas y el Financiamiento al Terrorismo.<\/span><\/p>\n<p><span style=\"font-weight: 400;\">Seis d\u00edas permanecieron de huelga las regiones como Potos\u00ed, Cochabamba y Santa Cruz, lugares que vivieron cortes de rutas, marchas y en algunos casos enfrentamientos con la polic\u00eda.\u00a0<\/span><\/p>\n<p><span style=\"font-weight: 400;\">Los participantes denunciaron al gobierno de buscar un poder excesivo y discrecional a trav\u00e9s de la aplicaci\u00f3n de la ley 1386. Por su lado, el Movimiento al Socialismo (MAS), partido gobernante, junto a organizaciones y sindicatos, realizaron actos y movilizaciones en defensa del Gobierno.<\/span><\/p>\n<p><span style=\"font-weight: 400;\">El Comit\u00e9 Nacional por la Defensa de la Democracia (Conade), se expres\u00f3 a trav\u00e9s de un comunicado diciendo que el gobierno busca &#8220;generar acciones de inteligencia financiera contra la poblaci\u00f3n\u201d, al igual que la Confederaci\u00f3n de Cooperativas de Bolivia (Concobol) que propuso al ejecutivo revisar la ley para evitar que los gobiernos ejerzan la persecuci\u00f3n pol\u00edtica.\u00a0<\/span><\/p>\n<p><span style=\"font-weight: 400;\">Por su parte el presidente Luis Arce, acus\u00f3 a los partidos pol\u00edticos opositores, de intentar desestabilizar el gobierno, en el mismo acto oficializ\u00f3 la derogaci\u00f3n de la ley, y dijo que la norma &#8220;no afectaba al sector informal, sino a quienes se enriquecen de forma il\u00edcita&#8221;.<\/span><\/p>\n<\/div>\n<\/div>\n","protected":false},"excerpt":{"rendered":"<p>Ortega, reelecto en Nicaragua Cerca del 75% de los votos, Daniel Ortega, Presidente de Nicaragua desde el 2007, logr\u00f3 su tercera reelecci\u00f3n consecutiva. De esta forma se dispondr\u00e1 a su quinto per\u00edodo al frente del pa\u00eds centroamericano. Desde la oposici\u00f3n se reclam\u00f3 la falta de democracia de esta instancia electoral donde 7 candidatos opositores fueron [&hellip;]<\/p>\n","protected":false},"author":2,"featured_media":4070,"comment_status":"open","ping_status":"open","sticky":false,"template":"","format":"standard","meta":{"_exactmetrics_skip_tracking":false,"_exactmetrics_sitenote_active":false,"_exactmetrics_sitenote_note":"","_exactmetrics_sitenote_category":0,"jnews-multi-image_gallery":[],"jnews_single_post":{"source_name":"","source_url":"","via_name":"","via_url":"","override_template":"0","override":[{"template":"1","single_blog_custom":"","parallax":"1","fullscreen":"1","layout":"right-sidebar","sidebar":"default-sidebar","second_sidebar":"default-sidebar","sticky_sidebar":"1","share_position":"top","share_float_style":"share-monocrhome","show_share_counter":"1","show_view_counter":"1","show_featured":"1","show_post_meta":"1","show_post_author":"1","show_post_author_image":"1","show_post_date":"1","post_date_format":"default","post_date_format_custom":"Y\/m\/d","show_post_category":"1","show_post_reading_time":"0","post_reading_time_wpm":"300","show_zoom_button":"0","zoom_button_out_step":"2","zoom_button_in_step":"3","show_post_tag":"1","show_prev_next_post":"1","show_popup_post":"1","number_popup_post":"1","show_author_box":"0","show_post_related":"0","show_inline_post_related":"0"}],"override_image_size":"0","image_override":[{"single_post_thumbnail_size":"crop-500","single_post_gallery_size":"crop-500"}],"trending_post":"0","trending_post_position":"meta","trending_post_label":"Trending","sponsored_post":"0","sponsored_post_label":"Sponsored by","sponsored_post_name":"","sponsored_post_url":"","sponsored_post_logo_enable":"0","sponsored_post_logo":"","sponsored_post_desc":""},"jnews_primary_category":{"id":"22"},"jnews_social_meta":{"fb_title":"","fb_description":"","fb_image":"","twitter_title":"","twitter_description":"","twitter_image":""},"jnews_override_counter":{"override_view_counter":"0","view_counter_number":"0","override_share_counter":"0","share_counter_number":"0","override_like_counter":"0","like_counter_number":"0","override_dislike_counter":"0","dislike_counter_number":"0"},"_joinchat":[],"footnotes":""},"categories":[22],"tags":[220,69,200,35],"class_list":["post-4744","post","type-post","status-publish","format-standard","has-post-thumbnail","hentry","category-actualidad","tag-edicion-78","tag-latinoamerica","tag-paneo-latinoamericano","tag-trabajadores"],"_links":{"self":[{"href":"https:\/\/tribunavm.com.ar\/index.php\/wp-json\/wp\/v2\/posts\/4744"}],"collection":[{"href":"https:\/\/tribunavm.com.ar\/index.php\/wp-json\/wp\/v2\/posts"}],"about":[{"href":"https:\/\/tribunavm.com.ar\/index.php\/wp-json\/wp\/v2\/types\/post"}],"author":[{"embeddable":true,"href":"https:\/\/tribunavm.com.ar\/index.php\/wp-json\/wp\/v2\/users\/2"}],"replies":[{"embeddable":true,"href":"https:\/\/tribunavm.com.ar\/index.php\/wp-json\/wp\/v2\/comments?post=4744"}],"version-history":[{"count":1,"href":"https:\/\/tribunavm.com.ar\/index.php\/wp-json\/wp\/v2\/posts\/4744\/revisions"}],"predecessor-version":[{"id":4748,"href":"https:\/\/tribunavm.com.ar\/index.php\/wp-json\/wp\/v2\/posts\/4744\/revisions\/4748"}],"wp:featuredmedia":[{"embeddable":true,"href":"https:\/\/tribunavm.com.ar\/index.php\/wp-json\/wp\/v2\/media\/4070"}],"wp:attachment":[{"href":"https:\/\/tribunavm.com.ar\/index.php\/wp-json\/wp\/v2\/media?parent=4744"}],"wp:term":[{"taxonomy":"category","embeddable":true,"href":"https:\/\/tribunavm.com.ar\/index.php\/wp-json\/wp\/v2\/categories?post=4744"},{"taxonomy":"post_tag","embeddable":true,"href":"https:\/\/tribunavm.com.ar\/index.php\/wp-json\/wp\/v2\/tags?post=4744"}],"curies":[{"name":"wp","href":"https:\/\/api.w.org\/{rel}","templated":true}]}}