{"id":4756,"date":"2021-11-14T23:59:07","date_gmt":"2021-11-14T23:59:07","guid":{"rendered":"https:\/\/tribunavm.com.ar\/?p=4756"},"modified":"2021-11-14T23:59:07","modified_gmt":"2021-11-14T23:59:07","slug":"renovacion-de-autoridades-de-la-cgt","status":"publish","type":"post","link":"https:\/\/tribunavm.com.ar\/index.php\/2021\/11\/14\/renovacion-de-autoridades-de-la-cgt\/","title":{"rendered":"Renovaci\u00f3n de autoridades de la CGT"},"content":{"rendered":"<div class=\"row clearfix\">\n<div class=\"col-md-8\">\n<div class=\"intro-text\">\n<p><span style=\"font-weight: 400;\">Unos 2000 congresales votaron un triunvirato para conducir la organizaci\u00f3n hasta 2025. Al finalizar se difundi\u00f3 un documento con un llamado a luchar contra el neoliberalismo.<\/span><\/p>\n<\/div>\n<p><span style=\"font-weight: 400;\"><span class=\"dropcap \" style=\"background-color: #ffffff; color: #dd9933; border-color: #ffffff;\">U<\/span>nos 2000 congresales votaron un triunvirato para conducir la organizaci\u00f3n hasta 2025. Al finalizar se difundi\u00f3 un documento con un llamado a luchar contra el neoliberalismo.<\/span><\/p>\n<p><span style=\"font-weight: 400;\">Durante una jornada en Parque Norte (CABA), unos 2000 congresales de la Confederaci\u00f3n General del Trabajo (CGT) se congregaron para renovar las autoridades que conducir\u00e1n la principal organizaci\u00f3n sindical del pa\u00eds durante los pr\u00f3ximos cuatro a\u00f1os.<\/span><\/p>\n<p><span style=\"font-weight: 400;\">De esta forma se defini\u00f3 continuar con un triunvirato en la conducci\u00f3n, quedando conformado por H\u00e9ctor Daer (ATSA), Carlos Acu\u00f1a (Estacioneros) y Pablo Moyano (Camioneros).<\/span><\/p>\n<div class=\"jeg_video_container jeg_video_content\"><iframe loading=\"lazy\" title=\"CGT OFICIAL\/\/ ELECCION DE AUTORIDADES DE LA CONFEDERACI\u00d3N GENERAL DEL TRABAJO 11-11-2021\" width=\"500\" height=\"281\" src=\"https:\/\/www.youtube.com\/embed\/B2yb_dqzYvg?feature=oembed\" frameborder=\"0\" allow=\"accelerometer; autoplay; clipboard-write; encrypted-media; gyroscope; picture-in-picture; web-share\" referrerpolicy=\"strict-origin-when-cross-origin\" allowfullscreen><\/iframe><\/div>\n<p><span style=\"font-weight: 400;\">Adem\u00e1s de la renovaci\u00f3n de cargos, y con el ingreso de Pablo Moyano a la c\u00fapula de la central, se reformul\u00f3 el estatuto de la CGT mediante la cual se incorporaron unas ocho secretarias, siendo nuevas unas seis de ellas y dos como parte de un desdoblamiento.<\/span><\/p>\n<p><span style=\"font-weight: 400;\">Entre las nuevas se encuentran la de Protecci\u00f3n a la ni\u00f1ez; Medio Ambiente; Asuntos Municipales; Asuntos Energ\u00e9ticos; Innovaci\u00f3n y Futuro del Trabajo e Infraestructura y Servicios P\u00f9blicos. Las que son parte de un desdoblamiento son: Vivienda, Turismo, Cultura y Ciencia y T\u00e9cnica.<\/span><\/p>\n<p><span style=\"font-weight: 400;\">Tambi\u00e9n las reuniones deber\u00e1n contar con un piso del 30% de mujeres para ser v\u00e1lidas, sumado a la decisi\u00f3n previa de composici\u00f3n de las listas.<\/span><\/p>\n<p><span style=\"color: #ff9900;\"><b>El ordenador social<\/b><\/span><\/p>\n<p><span style=\"font-weight: 400;\">Al finalizar el Congreso Ordinario, se difundi\u00f3 un documento titulado \u201cVolver al Trabajo como el gran ordenador social\u201d, en el cual los trabajadores plantearon la crisis que aqueja al pueblo trabajador y llamaron a concertar un plan \u201cque proyecte el indispensable crecimiento real de los salarios, las jubilaciones y los beneficios sociales\u201d. \u201cPor ello reclamamos la convocatoria urgente a una mesa de negociaci\u00f3n para definir un Programa Nacional de Empleo y Formaci\u00f3n Profesional junto a empresarios y el Estado\u201d para garantizar derechos laborales y sociales.<\/span><\/p>\n<a href=\"https:\/\/tribunavm.com.ar\/wp-content\/uploads\/2021\/11\/CGT-doc-final.pdf\" class=\"pdfemb-viewer\" style=\"width:600px;height:900px;\" data-width=\"600\" data-height=\"900\" data-toolbar=\"bottom\" data-toolbar-fixed=\"off\">CGT doc final<\/a>\n<p><span style=\"font-weight: 400;\">\u201cLa inflaci\u00f3n debilita el poder de compra de trabajadores y trabajadoras en situaci\u00f3n de ocupados, desocupados o jubilados. <\/span><b>El empobrecimiento generalizado<\/b><span style=\"font-weight: 400;\"> de la mayor\u00eda de los asalariados, formales e informales, <\/span><b>resulta indisimulable<\/b><span style=\"font-weight: 400;\">; alcanzando sobre el consumo consecuencias l\u00edmites impensadas en nuestro pa\u00eds\u201d, contin\u00faa el comunicado.<\/span><\/p>\n<p><span style=\"font-weight: 400;\">\u201cCuatro a\u00f1os de destrucci\u00f3n del aparato productivo por parte de un gobierno de corte neo-liberal, en una <\/span><b>fiesta para la especulaci\u00f3n financiera y de endeudamiento sistem\u00e1tico<\/b><span style=\"font-weight: 400;\">, sumados a los dos a\u00f1os de pandemia, han <\/span><b>degradado el tejido social<\/b><span style=\"font-weight: 400;\"> de tal manera que hoy resulta imposible reconocer nuestra Argentina detr\u00e1s de tanta desigualdad\u201d, denuncia la Central.<\/span><\/p>\n<p><b>\u201cLa crisis actual de la Argentina demanda un nuevo contrato social\u201d <\/b><span style=\"font-weight: 400;\">promoviendo la generaci\u00f3n de empleo genuino, fortaleciendo sistemas de seguridad social, los modelos de salud, y la inserci\u00f3n de las mujeres en la tasa de actividad.<\/span><\/p>\n<p><b>\u201cEs necesario redefinir la matriz productiva de nuestro pa\u00eds<\/b><span style=\"font-weight: 400;\"> con el objeto de avanzar en un modelo que expanda las actuales posibilidades de producci\u00f3n, promueva la inclusi\u00f3n y sea sustentable. <\/span><b>La variable financiera como preponderante de la econom\u00eda y un sector exportador asentado en el agronegocio, no dan respuestas a las necesidades de toda nuestra sociedad\u201d, <\/b><span style=\"font-weight: 400;\">plantea el documento.<\/span><\/p>\n<p><span style=\"font-weight: 400;\">Entre las propuestas que fueron planteadas se encuentran atacar el problema del d\u00e9ficit habitacional construyendo un modelo hacia la l\u00f3gica de la necesidad contra el hacinamiento. Profundizar el di\u00e1logo social, ya que las transformaciones que la Argentina reclama, requieren de alcanzar consensos que garanticen el desarrollo de pol\u00edticas de Estado\u201d, consolidando \u201cestructuras tripartitas\u201d.<\/span><\/p>\n<p><span style=\"font-weight: 400;\">Otro de los ejes fue la emergencia de las tecnolog\u00edas y las transformaciones en el trabajo. Para la Central este aspecto debe ser abordado de forma urgente, regulando a las corporaciones econ\u00f3micas y volcando el progreso tecnol\u00f3gico y cient\u00edfico hacia las necesidades humanas.<\/span><\/p>\n<p><span style=\"font-weight: 400;\">La pandemia \u201cdej\u00f3 en claro los alt\u00edsimos niveles de concentraci\u00f3n econ\u00f3mica situando entre las mayores riquezas del mundo a las <\/span><b>corporaciones tecnol\u00f3gicas<\/b><span style=\"font-weight: 400;\">\u201d. \u201cEstas empresas son <\/span><b>financiadas por fondos de inversi\u00f3n que tienen m\u00e1s fuerza que los propios estados<\/b><span style=\"font-weight: 400;\"> y amenazan con generar un monopolio tecnol\u00f3gico que <\/span><b>profundice las desigualdades<\/b><span style=\"font-weight: 400;\">\u201d.\u00a0<\/span><\/p>\n<p><span style=\"font-weight: 400;\">Por \u00faltimo, breg\u00f3 por el cuidado del medioambiente ante la inminente crisis ambiental en curso.<\/span><\/p>\n<p><img loading=\"lazy\" decoding=\"async\" class=\"aligncenter size-full wp-image-4758\" src=\"https:\/\/tribunavm.com.ar\/wp-content\/uploads\/2021\/11\/CGT-1-1.jpg\" alt=\"\" width=\"1024\" height=\"683\" srcset=\"https:\/\/tribunavm.com.ar\/wp-content\/uploads\/2021\/11\/CGT-1-1.jpg 1024w, https:\/\/tribunavm.com.ar\/wp-content\/uploads\/2021\/11\/CGT-1-1-300x200.jpg 300w, https:\/\/tribunavm.com.ar\/wp-content\/uploads\/2021\/11\/CGT-1-1-768x512.jpg 768w, https:\/\/tribunavm.com.ar\/wp-content\/uploads\/2021\/11\/CGT-1-1-750x500.jpg 750w\" sizes=\"(max-width: 1024px) 100vw, 1024px\" \/><\/p>\n<p><span style=\"color: #ff9900;\"><b>Unidad sin programa<\/b><\/span><\/p>\n<p><span style=\"font-weight: 400;\">Seg\u00fan expres\u00f3 en el medio <\/span><span style=\"color: #ff9900;\"><a style=\"color: #ff9900;\" href=\"https:\/\/sindicalfederal.com.ar\/2021\/11\/12\/congreso-de-cgt-unidad-con-participacion-de-la-corriente-federal-de-trabajadores\/\"><span style=\"font-weight: 400;\">Sindical Federal<\/span><\/a><\/span><span style=\"font-weight: 400;\"><span style=\"color: #ff9900;\">,<\/span> la Corriente Federal de los Trabajadores (CFT), volvi\u00f3 a ocupar cargos en el Consejo Directivo de la Central, esto luego de que haya planteado diferencias con \u201clos gordos\u201d durante el anterior Congreso.<\/span><\/p>\n<p><span style=\"font-weight: 400;\">De los gremios que integran la Corriente Federal de Trabajadores, la Asociaci\u00f3n Bancaria estar\u00e1 a cargo de la Secretar\u00eda Administrativa y el Sindicato Argentino de Televisi\u00f3n (SATSAID) la de Ciencia y T\u00e9cnica. Mientras que docentes privados (SADOP) tendr\u00e1 una vocal\u00eda y Obreros Curtidores, por Walter Correa, ser\u00e1 parte de la Comisi\u00f3n de Arbitraje.<\/span><\/p>\n<p><span style=\"font-weight: 400;\">Para el dirigente de la CFT, H\u00e9ctor Amichetti, \u201cla conformaci\u00f3n del Consejo Directivo refleja <\/span><b>la unidad, pero no como nosotros, Corriente Federal, hubi\u00e9ramos querido como ideal<\/b><span style=\"font-weight: 400;\">. En principio porque<\/span><b> esa unidad no tiene un programa<\/b><span style=\"font-weight: 400;\"> o una serie de puntos que marquen un rumbo o una direcci\u00f3n y, por otro lado, se mantiene mucho lo que ya era la CGT\u201d.<\/span><\/p>\n<p><span style=\"font-weight: 400;\">\u201cDe todos modos en el marco que estamos viviendo en Argentina, con una situaci\u00f3n muy delicada en el marco del mundo del trabajo, con mucha informalidad y desocupaci\u00f3n y una pobreza intolerable, la unidad es imprescindible porque vamos a estar de acuerdo en la reactivaci\u00f3n econ\u00f3mica, en que se genere trabajo y combatir la inflaci\u00f3n para recuperar poder adquisitivo de los salario y mover la producci\u00f3n. En ese sentido la unidad es importante porque hay una coincidencia absoluta\u201d.<\/span><\/p>\n<p><span style=\"font-weight: 400;\">\u201cLa CGT debe involucrarse pol\u00edticamente con un proyecto de Naci\u00f3n, debe fortalecer la postura de la clase trabajadora ante el poder pol\u00edtico, acompa\u00f1ando las que corresponde, siendo cr\u00edticos con la posici\u00f3n vacilante y apuntalando la confrontaci\u00f3n inevitable contra los factores de poder que buscan neutralizar la capacidad de respuesta contra el movimiento obrero organizado\u201d, sentenci\u00f3 el dirigente.<\/span><\/p>\n<p><span style=\"color: #ff9900;\"><b>Cargos<\/b><\/span><\/p>\n<p><span style=\"font-weight: 400;\">De esta manera el Consejo Directivo de la CGT 2021-2025 qued\u00f3 conformado por 36 secretar\u00edas.<\/span><\/p>\n<p><i><span style=\"font-weight: 400;\">Secretarios Generales: H\u00e9ctor Daer (Sanidad), Carlos Acu\u00f1a (Estacioneros) y Pablo Moyano (Camioneros).<\/span><\/i><\/p>\n<p><i><span style=\"font-weight: 400;\">Secretario general adjunto: Andr\u00e9s Rodr\u00edguez (UPCN)<\/span><\/i><\/p>\n<p><i><span style=\"font-weight: 400;\">Secretar\u00eda Gremial: Mario Manrique (Smata)<\/span><\/i><\/p>\n<p><i><span style=\"font-weight: 400;\">Relaciones Institucionales: Carlos P\u00e9rez (Comercio)<\/span><\/i><\/p>\n<p><i><span style=\"font-weight: 400;\">Relaciones Internacionales: Gerardo Mart\u00ednez (UOCRA)<\/span><\/i><\/p>\n<p><i><span style=\"font-weight: 400;\">Pol\u00edticas Educativas: Sergio Romero (docentes UDA)<\/span><\/i><\/p>\n<p><i><span style=\"font-weight: 400;\">Acci\u00f3n Social: Jos\u00e9 Luis Lingeri (Obras Sanitarias)<\/span><\/i><\/p>\n<p><i><span style=\"font-weight: 400;\">Interior: Antonio Cal\u00f3 (UOM)<\/span><\/i><\/p>\n<p><i><span style=\"font-weight: 400;\">Prensa y Comunicaci\u00f3n: Jorge Sola (Seguro)<\/span><\/i><\/p>\n<p><i><span style=\"font-weight: 400;\">Seguridad Social: Oscar Rojas (maestranza)<\/span><\/i><\/p>\n<p><i><span style=\"font-weight: 400;\">Derechos Humanos: Julio Piumato (Judiciales)<\/span><\/i><\/p>\n<p><i><span style=\"font-weight: 400;\">Medio Ambiente, Cambio Clim\u00e1tico y Transici\u00f3n Justa: Roberto Fern\u00e1ndez (colectiveros UTA)<\/span><\/i><\/p>\n<p><i><span style=\"font-weight: 400;\">Igualdad de Oportunidades: Graciela Ale\u00f1\u00e1 (viales)<\/span><\/i><\/p>\n<p><i><span style=\"font-weight: 400;\">De G\u00e9nero: Noem\u00ed Ruiz (modelos)<\/span><\/i><\/p>\n<p><i><span style=\"font-weight: 400;\">Administrativo: Sergio Palazzo (La Bancaria)<\/span><\/i><\/p>\n<p><i><span style=\"font-weight: 400;\">Actas: Carlos Frigerio (cerveceros)<\/span><\/i><\/p>\n<p><i><span style=\"font-weight: 400;\">Finanzas: Gast\u00f3n Frutos (Panaderos)<\/span><\/i><\/p>\n<p><i><span style=\"font-weight: 400;\">Asuntos Legislativos: Norberto Di Pr\u00f3spero (Personal legislativo)<\/span><\/i><\/p>\n<p><i><span style=\"font-weight: 400;\">Pol\u00edticas Econ\u00f3micas y Sociales: Omar Plaini (canillistas)<\/span><\/i><\/p>\n<p><i><span style=\"font-weight: 400;\">Estad\u00edsticas y Registro: V\u00edctor Santa Mar\u00eda (Suterh)<\/span><\/i><\/p>\n<p><i><span style=\"font-weight: 400;\">Defensa del Consumidor: Pablo Flores (impositivos AFIP)<\/span><\/i><\/p>\n<p><i><span style=\"font-weight: 400;\">Pol\u00edticas de Empleo: Juan Carlos Schmid (dragado y balizamiento)<\/span><\/i><\/p>\n<p><i><span style=\"font-weight: 400;\">Capacitaci\u00f3n y Formaci\u00f3n: Robustiano Geneiro (gastron\u00f3micos) a confirmar<\/span><\/i><\/p>\n<p><i><span style=\"font-weight: 400;\">Salud Laboral: Cristian Jer\u00f3nimo (del gremio vidrio)<\/span><\/i><\/p>\n<p><i><span style=\"font-weight: 400;\">Industria y Producci\u00f3n: Rodolfo Daer (alimentaci\u00f3n)<\/span><\/i><\/p>\n<p><i><span style=\"font-weight: 400;\">Asuntos Municipales: Amadeo Genta (municipales Sutecba)<\/span><\/i><\/p>\n<p><i><span style=\"font-weight: 400;\">Asuntos Energ\u00e9ticos: Guillermo Moser (Luz y Fuerza)<\/span><\/i><\/p>\n<p><i><span style=\"font-weight: 400;\">Innovaci\u00f3n y Futuro del Trabajo: para Utedyc<\/span><\/i><\/p>\n<p><i><span style=\"font-weight: 400;\">Infraestructura y Servicios P\u00fablicos: para la Federaci\u00f3n de Petr\u00f3leo y Gas Privado<\/span><\/i><\/p>\n<p><i><span style=\"font-weight: 400;\">Cultura: para el Sindicato del Espect\u00e1culo P\u00fablico.<\/span><\/i><\/p>\n<p><i><span style=\"font-weight: 400;\">Deportes: Juan Pablo Brey (aeronavegantes)<\/span><\/i><\/p>\n<p><i><span style=\"font-weight: 400;\">Ciencia y Tecnolog\u00eda: para Satsaid<\/span><\/i><\/p>\n<p><i><span style=\"font-weight: 400;\">Vivienda: Sergio Sasia (ferroviarios)<\/span><\/i><\/p>\n<p><i><span style=\"font-weight: 400;\">Turismo: para sindicato de guardavidas<\/span><\/i><\/p>\n<p><i><span style=\"font-weight: 400;\">Juventud: Sebasti\u00e1n Maturano (La Fraternidad)<\/span><\/i><\/p>\n<p><i><span style=\"font-weight: 400;\">Protecci\u00f3n de la Ni\u00f1ez: para Udocba<\/span><\/i><\/p>\n<\/div>\n<\/div>\n","protected":false},"excerpt":{"rendered":"<p>Unos 2000 congresales votaron un triunvirato para conducir la organizaci\u00f3n hasta 2025. Al finalizar se difundi\u00f3 un documento con un llamado a luchar contra el neoliberalismo. Unos 2000 congresales votaron un triunvirato para conducir la organizaci\u00f3n hasta 2025. Al finalizar se difundi\u00f3 un documento con un llamado a luchar contra el neoliberalismo. Durante una jornada [&hellip;]<\/p>\n","protected":false},"author":2,"featured_media":4760,"comment_status":"open","ping_status":"open","sticky":false,"template":"","format":"standard","meta":{"_exactmetrics_skip_tracking":false,"_exactmetrics_sitenote_active":false,"_exactmetrics_sitenote_note":"","_exactmetrics_sitenote_category":0,"jnews-multi-image_gallery":[],"jnews_single_post":{"source_name":"","source_url":"","via_name":"","via_url":"","override_template":"0","override":[{"template":"1","single_blog_custom":"","parallax":"1","fullscreen":"1","layout":"right-sidebar","sidebar":"default-sidebar","second_sidebar":"default-sidebar","sticky_sidebar":"1","share_position":"top","share_float_style":"share-monocrhome","show_share_counter":"1","show_view_counter":"1","show_featured":"1","show_post_meta":"1","show_post_author":"1","show_post_author_image":"1","show_post_date":"1","post_date_format":"default","post_date_format_custom":"Y\/m\/d","show_post_category":"1","show_post_reading_time":"0","post_reading_time_wpm":"300","show_zoom_button":"0","zoom_button_out_step":"2","zoom_button_in_step":"3","show_post_tag":"1","show_prev_next_post":"1","show_popup_post":"1","number_popup_post":"1","show_author_box":"0","show_post_related":"0","show_inline_post_related":"0"}],"override_image_size":"0","image_override":[{"single_post_thumbnail_size":"crop-500","single_post_gallery_size":"crop-500"}],"trending_post":"0","trending_post_position":"meta","trending_post_label":"Trending","sponsored_post":"0","sponsored_post_label":"Sponsored by","sponsored_post_name":"","sponsored_post_url":"","sponsored_post_logo_enable":"0","sponsored_post_logo":"","sponsored_post_desc":""},"jnews_primary_category":{"id":"22"},"jnews_social_meta":{"fb_title":"","fb_description":"","fb_image":"","twitter_title":"","twitter_description":"","twitter_image":""},"jnews_override_counter":{"override_view_counter":"0","view_counter_number":"0","override_share_counter":"0","share_counter_number":"0","override_like_counter":"0","like_counter_number":"0","override_dislike_counter":"0","dislike_counter_number":"0"},"_joinchat":[],"footnotes":""},"categories":[22],"tags":[220,39,35],"class_list":["post-4756","post","type-post","status-publish","format-standard","has-post-thumbnail","hentry","category-actualidad","tag-edicion-78","tag-gobierno","tag-trabajadores"],"_links":{"self":[{"href":"https:\/\/tribunavm.com.ar\/index.php\/wp-json\/wp\/v2\/posts\/4756"}],"collection":[{"href":"https:\/\/tribunavm.com.ar\/index.php\/wp-json\/wp\/v2\/posts"}],"about":[{"href":"https:\/\/tribunavm.com.ar\/index.php\/wp-json\/wp\/v2\/types\/post"}],"author":[{"embeddable":true,"href":"https:\/\/tribunavm.com.ar\/index.php\/wp-json\/wp\/v2\/users\/2"}],"replies":[{"embeddable":true,"href":"https:\/\/tribunavm.com.ar\/index.php\/wp-json\/wp\/v2\/comments?post=4756"}],"version-history":[{"count":2,"href":"https:\/\/tribunavm.com.ar\/index.php\/wp-json\/wp\/v2\/posts\/4756\/revisions"}],"predecessor-version":[{"id":4761,"href":"https:\/\/tribunavm.com.ar\/index.php\/wp-json\/wp\/v2\/posts\/4756\/revisions\/4761"}],"wp:featuredmedia":[{"embeddable":true,"href":"https:\/\/tribunavm.com.ar\/index.php\/wp-json\/wp\/v2\/media\/4760"}],"wp:attachment":[{"href":"https:\/\/tribunavm.com.ar\/index.php\/wp-json\/wp\/v2\/media?parent=4756"}],"wp:term":[{"taxonomy":"category","embeddable":true,"href":"https:\/\/tribunavm.com.ar\/index.php\/wp-json\/wp\/v2\/categories?post=4756"},{"taxonomy":"post_tag","embeddable":true,"href":"https:\/\/tribunavm.com.ar\/index.php\/wp-json\/wp\/v2\/tags?post=4756"}],"curies":[{"name":"wp","href":"https:\/\/api.w.org\/{rel}","templated":true}]}}