{"id":476,"date":"2019-07-25T18:56:03","date_gmt":"2019-07-25T18:56:03","guid":{"rendered":"https:\/\/tribunavm.com.ar\/?p=476"},"modified":"2019-10-21T18:59:21","modified_gmt":"2019-10-21T18:59:21","slug":"que-nazcan-cosas-nuevas","status":"publish","type":"post","link":"https:\/\/tribunavm.com.ar\/index.php\/2019\/07\/25\/que-nazcan-cosas-nuevas\/","title":{"rendered":"Que nazcan cosas nuevas"},"content":{"rendered":"<div class=\"row clearfix\">\n<div class=\"col-md-8\">\n<p><span style=\"font-weight: 400;\"><span class=\"dropcap \" style=\"background-color: #ffffff; color: #dd9933; border-color: #ffffff;\">E<\/span>l mapa de la econom\u00eda local muestra c\u00f3mo la situaci\u00f3n se vuelve cada vez m\u00e1s alarmante.\u00a0<\/span><\/p>\n<p><span style=\"font-weight: 400;\">Las estad\u00edsticas por s\u00ed solas no demuestran nada de lo real, de lo concreto que vivimos cotidianamente desde el trabajo, mientras que las soluciones que se proponen no escapan del libreto tradicional de lo instituido.<\/span><\/p>\n<p><span style=\"font-weight: 400;\">Esta situaci\u00f3n no se aleja de lo que est\u00e1 pasando en el resto del mundo: reformas laborales, a favor de unos pocos y en detrimento de las condiciones del trabajo, junto al avance de la tecnolog\u00eda que desplaza a los trabajadores sin discriminaci\u00f3n, asalariados o cuentapropistas.<\/span><\/p>\n<p><span style=\"font-weight: 400;\">La emergencia alimentaria, las denuncias hacia sectores concentrados de la econom\u00eda que nos saquean y el recrudecimiento cada vez mayor contra los trabajadores, es algo que se repite n\u00famero tras n\u00famero, algo que consideramos que no es tendencial sino estructural.<\/span><\/p>\n<p><span style=\"font-weight: 400;\">En ese escenario ver nuestra realidad se vuelve fundamental para identificar cu\u00e1l es la ra\u00edz central de nuestros problemas como trabajadores, y desde ah\u00ed partir para direccionar nuestras acciones. Como dec\u00eda la Negra Sosa \u201chay que sacar todo para afuera, para que adentro nazcan cosas nuevas\u201d<\/span><\/p>\n<p><span style=\"font-weight: 400;\">Haciendo emerger esa realidad, coloc\u00e1ndola en el centro de la escena, es la \u00fanica posibilidad que tenemos para habilitar un cambio en esa direcci\u00f3n, a partir de la organizaci\u00f3n y constituci\u00f3n del territorio de lo social. En ese sentido buscamos emprender las herramientas que nos permitan avanzar en ese sentido.<\/span><\/p>\n<\/div>\n<div class=\"col-md-3\">\n<p>&nbsp;<\/p>\n<\/div>\n<\/div>\n","protected":false},"excerpt":{"rendered":"<p>El mapa de la econom\u00eda local muestra c\u00f3mo la situaci\u00f3n se vuelve cada vez m\u00e1s alarmante.\u00a0 Las estad\u00edsticas por s\u00ed solas no demuestran nada de lo real, de lo concreto que vivimos cotidianamente desde el trabajo, mientras que las soluciones que se proponen no escapan del libreto tradicional de lo instituido. Esta situaci\u00f3n no se [&hellip;]<\/p>\n","protected":false},"author":2,"featured_media":0,"comment_status":"open","ping_status":"open","sticky":false,"template":"","format":"standard","meta":{"_exactmetrics_skip_tracking":false,"_exactmetrics_sitenote_active":false,"_exactmetrics_sitenote_note":"","_exactmetrics_sitenote_category":0,"jnews-multi-image_gallery":[],"jnews_single_post":{"source_name":"","source_url":"","via_name":"","via_url":"","override_template":"0","override":[{"template":"1","single_blog_custom":"","parallax":"1","fullscreen":"0","layout":"right-sidebar","sidebar":"default-sidebar","second_sidebar":"default-sidebar","sticky_sidebar":"1","share_position":"top","share_float_style":"share-monocrhome","show_share_counter":"1","show_view_counter":"1","show_featured":"1","show_post_meta":"1","show_post_author":"1","show_post_author_image":"1","show_post_date":"1","post_date_format":"default","post_date_format_custom":"Y\/m\/d","show_post_category":"1","show_post_reading_time":"0","post_reading_time_wpm":"300","show_zoom_button":"0","zoom_button_out_step":"2","zoom_button_in_step":"3","show_post_tag":"1","show_prev_next_post":"1","show_popup_post":"1","number_popup_post":"1","show_author_box":"0","show_post_related":"0","show_inline_post_related":"0"}],"override_image_size":"0","image_override":[{"single_post_thumbnail_size":"crop-500","single_post_gallery_size":"crop-500"}],"trending_post":"0","trending_post_position":"meta","trending_post_label":"Trending"},"jnews_primary_category":{"id":"26"},"jnews_social_meta":{"fb_title":"","fb_description":"","fb_image":"","twitter_title":"","twitter_description":"","twitter_image":""},"jnews_override_counter":{"override_view_counter":"0","view_counter_number":"0","override_share_counter":"0","share_counter_number":"0","override_like_counter":"0","like_counter_number":"0","override_dislike_counter":"0","dislike_counter_number":"0"},"_joinchat":[],"footnotes":""},"categories":[26],"tags":[43,37],"class_list":["post-476","post","type-post","status-publish","format-standard","hentry","category-editorial","tag-edicion-5","tag-editorial"],"_links":{"self":[{"href":"https:\/\/tribunavm.com.ar\/index.php\/wp-json\/wp\/v2\/posts\/476"}],"collection":[{"href":"https:\/\/tribunavm.com.ar\/index.php\/wp-json\/wp\/v2\/posts"}],"about":[{"href":"https:\/\/tribunavm.com.ar\/index.php\/wp-json\/wp\/v2\/types\/post"}],"author":[{"embeddable":true,"href":"https:\/\/tribunavm.com.ar\/index.php\/wp-json\/wp\/v2\/users\/2"}],"replies":[{"embeddable":true,"href":"https:\/\/tribunavm.com.ar\/index.php\/wp-json\/wp\/v2\/comments?post=476"}],"version-history":[{"count":1,"href":"https:\/\/tribunavm.com.ar\/index.php\/wp-json\/wp\/v2\/posts\/476\/revisions"}],"predecessor-version":[{"id":477,"href":"https:\/\/tribunavm.com.ar\/index.php\/wp-json\/wp\/v2\/posts\/476\/revisions\/477"}],"wp:attachment":[{"href":"https:\/\/tribunavm.com.ar\/index.php\/wp-json\/wp\/v2\/media?parent=476"}],"wp:term":[{"taxonomy":"category","embeddable":true,"href":"https:\/\/tribunavm.com.ar\/index.php\/wp-json\/wp\/v2\/categories?post=476"},{"taxonomy":"post_tag","embeddable":true,"href":"https:\/\/tribunavm.com.ar\/index.php\/wp-json\/wp\/v2\/tags?post=476"}],"curies":[{"name":"wp","href":"https:\/\/api.w.org\/{rel}","templated":true}]}}