{"id":4765,"date":"2021-11-15T00:14:21","date_gmt":"2021-11-15T00:14:21","guid":{"rendered":"https:\/\/tribunavm.com.ar\/?p=4765"},"modified":"2021-11-15T00:14:21","modified_gmt":"2021-11-15T00:14:21","slug":"acefalia-y-normalizacion-en-la-cta-a-villa-maria","status":"publish","type":"post","link":"https:\/\/tribunavm.com.ar\/index.php\/2021\/11\/15\/acefalia-y-normalizacion-en-la-cta-a-villa-maria\/","title":{"rendered":"Acefal\u00eda y normalizaci\u00f3n en la CTA-A Villa Mar\u00eda"},"content":{"rendered":"<div class=\"row clearfix\">\n<div class=\"col-md-8\">\n<div class=\"intro-text\">\n<p><span style=\"font-weight: 400;\">La Central de Trabajadores Aut\u00f3noma ingres\u00f3 en una nueva etapa pol\u00edtica luego de que 17 de 24 integrantes presentaron sus renuncias dej\u00e1ndola ac\u00e9fala.<\/span><\/p>\n<\/div>\n<p><span style=\"font-weight: 400;\"><span class=\"dropcap \" style=\"background-color: #ffffff; color: #dd9933; border-color: #ffffff;\">A<\/span> trav\u00e9s de una conferencia de prensa organizada en el sal\u00f3n de la CTA, se present\u00f3 la nueva comisi\u00f3n normalizadora de la organizaci\u00f3n, integrada por Mar\u00eda Bel\u00e9n Herreras (UTRACOS), Rosana Mosquera (docente y afiliada directa), Jes\u00fas Chirino (UTEM) y Jorge Heredia (ATE). <\/span><span style=\"font-weight: 400;\">Durante la misma, se hizo presente el Secretario de la CTA-A C\u00f3rdoba, Federico Giuliani.<\/span><\/p>\n<p><span style=\"font-weight: 400;\">\u201cLas banderas que enarbola esta CTA se fueron dejando de lado, como por ejemplo la autonom\u00eda de los partidos, y un suceso llamativo, nos enteramos por las redes que nuestra CTA de manera inconsulta formaba parte de una organizaci\u00f3n de la CGT\u201d, expres\u00f3 Giuliani.<\/span><\/p>\n<h4><strong>Ver: <span style=\"color: #ff9900;\"><a style=\"color: #ff9900;\" href=\"https:\/\/tribunavm.com.ar\/index.php\/2021\/10\/25\/lanzamiento-de-las-62-en-villa-maria\/\">Lanzamiento de las \u201c62\u201d en Villa Mar\u00eda<\/a><\/span><\/strong><\/h4>\n<p><span style=\"font-weight: 400;\">\u201cNecesitamos mantener la autonom\u00eda. No se puede ser dirigente sindical y social y estar de este lado del mostrador un rato, y despu\u00e9s del lado de los funcionarios\u201d. Sumado a ello, \u201cla central tampoco avalo la falta de discusi\u00f3n pol\u00edtica, que es la que gener\u00f3 malestar en esta organizaci\u00f3n\u201d, sentenci\u00f3 el Secretario de la CTA-A C\u00f3rdoba.<\/span><\/p>\n<p><span style=\"font-weight: 400;\">El proceso fue respaldado, a trav\u00e9s de una nota, por Ricardo Peidro, secretario general de la CTA-Aut\u00f3noma a nivel nacional.<\/span><\/p>\n<a href=\"https:\/\/tribunavm.com.ar\/wp-content\/uploads\/2021\/11\/Comision-Provisoria-VM-1.docx-Documentos-de-Google.pdf\" class=\"pdfemb-viewer\" style=\"width:600px;height:900px;\" data-width=\"600\" data-height=\"900\" data-toolbar=\"bottom\" data-toolbar-fixed=\"off\">Comisi\u00f3n Provisoria - VM (1).docx - Documentos de Google<\/a>\n<p><span style=\"font-weight: 400;\">Por su parte, Gustavo Vilches, quien estuviera al frente de la central, desconoci\u00f3\u00a0 en sus redes la junta, a\u00f1adiendo que quien \u201c<\/span><span style=\"font-weight: 400;\">quiera la CTA A, que arme una lista y se presente en el 2022\u201d. \u201cHay que aclarar que quienes se autoproclamaron como una\u00a0 pseudo &#8220;comisi\u00f3n normalizadora&#8221; tienen y tuvieron cargos vinculados con la pol\u00edtica partidaria\u201d, ampli\u00f3 el dirigente.<\/span><iframe loading=\"lazy\" style=\"border: none; overflow: hidden;\" src=\"https:\/\/www.facebook.com\/plugins\/post.php?href=https%3A%2F%2Fwww.facebook.com%2Fpermalink.php%3Fstory_fbid%3D2923544071289240%26id%3D100009010261158&amp;show_text=true&amp;width=500\" width=\"500\" height=\"722\" frameborder=\"0\" scrolling=\"no\" allowfullscreen=\"allowfullscreen\"><\/iframe><\/p>\n<\/div>\n<\/div>\n","protected":false},"excerpt":{"rendered":"<p>La Central de Trabajadores Aut\u00f3noma ingres\u00f3 en una nueva etapa pol\u00edtica luego de que 17 de 24 integrantes presentaron sus renuncias dej\u00e1ndola ac\u00e9fala. A trav\u00e9s de una conferencia de prensa organizada en el sal\u00f3n de la CTA, se present\u00f3 la nueva comisi\u00f3n normalizadora de la organizaci\u00f3n, integrada por Mar\u00eda Bel\u00e9n Herreras (UTRACOS), Rosana Mosquera (docente [&hellip;]<\/p>\n","protected":false},"author":2,"featured_media":4770,"comment_status":"open","ping_status":"open","sticky":false,"template":"","format":"standard","meta":{"_exactmetrics_skip_tracking":false,"_exactmetrics_sitenote_active":false,"_exactmetrics_sitenote_note":"","_exactmetrics_sitenote_category":0,"jnews-multi-image_gallery":[],"jnews_single_post":{"source_name":"","source_url":"","via_name":"","via_url":"","override_template":"0","override":[{"template":"1","single_blog_custom":"","parallax":"1","fullscreen":"1","layout":"right-sidebar","sidebar":"default-sidebar","second_sidebar":"default-sidebar","sticky_sidebar":"1","share_position":"top","share_float_style":"share-monocrhome","show_share_counter":"1","show_view_counter":"1","show_featured":"1","show_post_meta":"1","show_post_author":"1","show_post_author_image":"1","show_post_date":"1","post_date_format":"default","post_date_format_custom":"Y\/m\/d","show_post_category":"1","show_post_reading_time":"0","post_reading_time_wpm":"300","show_zoom_button":"0","zoom_button_out_step":"2","zoom_button_in_step":"3","show_post_tag":"1","show_prev_next_post":"1","show_popup_post":"1","number_popup_post":"1","show_author_box":"0","show_post_related":"0","show_inline_post_related":"0"}],"override_image_size":"0","image_override":[{"single_post_thumbnail_size":"crop-500","single_post_gallery_size":"crop-500"}],"trending_post":"0","trending_post_position":"meta","trending_post_label":"Trending","sponsored_post":"0","sponsored_post_label":"Sponsored by","sponsored_post_name":"","sponsored_post_url":"","sponsored_post_logo_enable":"0","sponsored_post_logo":"","sponsored_post_desc":""},"jnews_primary_category":{"id":"22"},"jnews_social_meta":{"fb_title":"","fb_description":"","fb_image":"","twitter_title":"","twitter_description":"","twitter_image":""},"jnews_override_counter":{"override_view_counter":"0","view_counter_number":"0","override_share_counter":"0","share_counter_number":"0","override_like_counter":"0","like_counter_number":"0","override_dislike_counter":"0","dislike_counter_number":"0"},"_joinchat":[],"footnotes":""},"categories":[22],"tags":[220,35],"class_list":["post-4765","post","type-post","status-publish","format-standard","has-post-thumbnail","hentry","category-actualidad","tag-edicion-78","tag-trabajadores"],"_links":{"self":[{"href":"https:\/\/tribunavm.com.ar\/index.php\/wp-json\/wp\/v2\/posts\/4765"}],"collection":[{"href":"https:\/\/tribunavm.com.ar\/index.php\/wp-json\/wp\/v2\/posts"}],"about":[{"href":"https:\/\/tribunavm.com.ar\/index.php\/wp-json\/wp\/v2\/types\/post"}],"author":[{"embeddable":true,"href":"https:\/\/tribunavm.com.ar\/index.php\/wp-json\/wp\/v2\/users\/2"}],"replies":[{"embeddable":true,"href":"https:\/\/tribunavm.com.ar\/index.php\/wp-json\/wp\/v2\/comments?post=4765"}],"version-history":[{"count":2,"href":"https:\/\/tribunavm.com.ar\/index.php\/wp-json\/wp\/v2\/posts\/4765\/revisions"}],"predecessor-version":[{"id":4769,"href":"https:\/\/tribunavm.com.ar\/index.php\/wp-json\/wp\/v2\/posts\/4765\/revisions\/4769"}],"wp:featuredmedia":[{"embeddable":true,"href":"https:\/\/tribunavm.com.ar\/index.php\/wp-json\/wp\/v2\/media\/4770"}],"wp:attachment":[{"href":"https:\/\/tribunavm.com.ar\/index.php\/wp-json\/wp\/v2\/media?parent=4765"}],"wp:term":[{"taxonomy":"category","embeddable":true,"href":"https:\/\/tribunavm.com.ar\/index.php\/wp-json\/wp\/v2\/categories?post=4765"},{"taxonomy":"post_tag","embeddable":true,"href":"https:\/\/tribunavm.com.ar\/index.php\/wp-json\/wp\/v2\/tags?post=4765"}],"curies":[{"name":"wp","href":"https:\/\/api.w.org\/{rel}","templated":true}]}}