{"id":4768,"date":"2021-11-15T00:21:06","date_gmt":"2021-11-15T00:21:06","guid":{"rendered":"https:\/\/tribunavm.com.ar\/?p=4768"},"modified":"2021-11-15T00:21:06","modified_gmt":"2021-11-15T00:21:06","slug":"consenso-multinacional","status":"publish","type":"post","link":"https:\/\/tribunavm.com.ar\/index.php\/2021\/11\/15\/consenso-multinacional\/","title":{"rendered":"Consenso multinacional"},"content":{"rendered":"<div class=\"row clearfix\">\n<div class=\"col-md-8\">\n<div class=\"intro-text\">\n<p><span style=\"font-weight: 400;\">El Gobierno y referentes del arco empresarial se reunieron para discutir un marco de acuerdos para afrontar las negociaciones con el FMI.<\/span><\/p>\n<\/div>\n<p><span style=\"font-weight: 400;\"><span class=\"dropcap \" style=\"background-color: #ffffff; color: #dd9933; border-color: #ffffff;\">E<\/span>l presidente Alberto Fernandez, junto al ministro de Econom\u00eda, Martin Guzman, celebraron una reuni\u00f3n el martes pasado en la quinta de Olivos, con los empresarios Daniel Herrero, representante de Toyota; Antonio Aracre, de Syngenta; Sergio Kaufman, de Accenture; y Laura Barnator, titular de Unilever.<\/span><\/p>\n<p><span style=\"font-weight: 400;\">El encuentro se centr\u00f3 principalmente en la b\u00fasqueda de un consenso para llevar adelante un programa de equilibrio fiscal \u201ccon el menor ajuste posible\u201d e impulsar un acuerdo con el Fondo Monetario Internacional para el pago de la deuda externa.<\/span><\/p>\n<p><span style=\"font-weight: 400;\">\u201cEl ajuste tradicional no sirve. Se preocuparon por dejar en claro de que no habr\u00e1 salto devaluatorio luego de las elecciones y que se buscar\u00e1 un equilibrio, pero siempre pensando en los que menos tienen. En ese sendero, se habl\u00f3 de eliminaci\u00f3n de subsidios innecesarios, de aumento de tarifas en relaci\u00f3n a la suba de los salarios y de educaci\u00f3n con salida laboral r\u00e1pida para la generaci\u00f3n de nuevos empleos como de cuestiones de las que hay que ocuparse con celeridad\u201d, coment\u00f3 Aracre, haciendo un balance del encuentro.<\/span><\/p>\n<p><span style=\"font-weight: 400;\">Por su parte, Kaufman, en declaraciones a Infobae, sostuvo que \u201cdesde mi punto de vista no hay preocupaci\u00f3n, pero s\u00ed debemos, todos, despejar algunos fantasmas, como el acuerdo con el Fondo. Debemos trabajar en la inflaci\u00f3n que es lo pega en la gente. Socialmente, la situaci\u00f3n no da para soluciones dr\u00e1sticas. Cualquier medida hay que tomarla con mucho cuidado. Es positivo que haya voluntad de di\u00e1logo, eso es muy constructivo\u201d.<\/span><\/p>\n<p><span style=\"font-weight: 400;\">\u201cLa idea es acordar puntos para un consenso amplio que luego habr\u00e1 que hablar tambi\u00e9n con los gremios y el Congreso. Quieren llevar un documento de acuerdo al Fondo que garantice un programa para seguir creciendo, que no venga un ajuste que corte la recuperaci\u00f3n pospandemia. El Presidente y el ministro dijeron que van a buscar recaudar m\u00e1s y mejor, y tambi\u00e9n eliminar subsidios para apuntar a un equilibrio a mediano plazo, no ya\u201d, a\u00f1adi\u00f3 Aracre.<\/span><\/p>\n<p><span style=\"font-weight: 400;\">De esta manera, el Gobierno sigue fraguando la salida de la crisis a trav\u00e9s del acuerdo con el FMI de la mano del apoyo empresarial de las empresas multinacionales y bajo el supuesto de que este es el \u00fanico camino para lograr crecimiento econ\u00f3mico, y por ende, el crecimiento de la econom\u00eda de los trabajadores.<\/span><\/p>\n<\/div>\n<\/div>\n","protected":false},"excerpt":{"rendered":"<p>El Gobierno y referentes del arco empresarial se reunieron para discutir un marco de acuerdos para afrontar las negociaciones con el FMI. El presidente Alberto Fernandez, junto al ministro de Econom\u00eda, Martin Guzman, celebraron una reuni\u00f3n el martes pasado en la quinta de Olivos, con los empresarios Daniel Herrero, representante de Toyota; Antonio Aracre, de [&hellip;]<\/p>\n","protected":false},"author":2,"featured_media":4772,"comment_status":"open","ping_status":"open","sticky":false,"template":"","format":"standard","meta":{"_exactmetrics_skip_tracking":false,"_exactmetrics_sitenote_active":false,"_exactmetrics_sitenote_note":"","_exactmetrics_sitenote_category":0,"jnews-multi-image_gallery":[],"jnews_single_post":{"source_name":"","source_url":"","via_name":"","via_url":"","override_template":"0","override":[{"template":"1","single_blog_custom":"","parallax":"1","fullscreen":"1","layout":"right-sidebar","sidebar":"default-sidebar","second_sidebar":"default-sidebar","sticky_sidebar":"1","share_position":"top","share_float_style":"share-monocrhome","show_share_counter":"1","show_view_counter":"1","show_featured":"1","show_post_meta":"1","show_post_author":"1","show_post_author_image":"1","show_post_date":"1","post_date_format":"default","post_date_format_custom":"Y\/m\/d","show_post_category":"1","show_post_reading_time":"0","post_reading_time_wpm":"300","show_zoom_button":"0","zoom_button_out_step":"2","zoom_button_in_step":"3","show_post_tag":"1","show_prev_next_post":"1","show_popup_post":"1","number_popup_post":"1","show_author_box":"0","show_post_related":"0","show_inline_post_related":"0"}],"override_image_size":"0","image_override":[{"single_post_thumbnail_size":"crop-500","single_post_gallery_size":"crop-500"}],"trending_post":"0","trending_post_position":"meta","trending_post_label":"Trending","sponsored_post":"0","sponsored_post_label":"Sponsored by","sponsored_post_name":"","sponsored_post_url":"","sponsored_post_logo_enable":"0","sponsored_post_logo":"","sponsored_post_desc":""},"jnews_primary_category":{"id":"22"},"jnews_social_meta":{"fb_title":"","fb_description":"","fb_image":"","twitter_title":"","twitter_description":"","twitter_image":""},"jnews_override_counter":{"override_view_counter":"0","view_counter_number":"0","override_share_counter":"0","share_counter_number":"0","override_like_counter":"0","like_counter_number":"0","override_dislike_counter":"0","dislike_counter_number":"0"},"_joinchat":[],"footnotes":""},"categories":[22],"tags":[80,220,179,39],"class_list":["post-4768","post","type-post","status-publish","format-standard","has-post-thumbnail","hentry","category-actualidad","tag-deuda","tag-edicion-78","tag-fmi","tag-gobierno"],"_links":{"self":[{"href":"https:\/\/tribunavm.com.ar\/index.php\/wp-json\/wp\/v2\/posts\/4768"}],"collection":[{"href":"https:\/\/tribunavm.com.ar\/index.php\/wp-json\/wp\/v2\/posts"}],"about":[{"href":"https:\/\/tribunavm.com.ar\/index.php\/wp-json\/wp\/v2\/types\/post"}],"author":[{"embeddable":true,"href":"https:\/\/tribunavm.com.ar\/index.php\/wp-json\/wp\/v2\/users\/2"}],"replies":[{"embeddable":true,"href":"https:\/\/tribunavm.com.ar\/index.php\/wp-json\/wp\/v2\/comments?post=4768"}],"version-history":[{"count":1,"href":"https:\/\/tribunavm.com.ar\/index.php\/wp-json\/wp\/v2\/posts\/4768\/revisions"}],"predecessor-version":[{"id":4773,"href":"https:\/\/tribunavm.com.ar\/index.php\/wp-json\/wp\/v2\/posts\/4768\/revisions\/4773"}],"wp:featuredmedia":[{"embeddable":true,"href":"https:\/\/tribunavm.com.ar\/index.php\/wp-json\/wp\/v2\/media\/4772"}],"wp:attachment":[{"href":"https:\/\/tribunavm.com.ar\/index.php\/wp-json\/wp\/v2\/media?parent=4768"}],"wp:term":[{"taxonomy":"category","embeddable":true,"href":"https:\/\/tribunavm.com.ar\/index.php\/wp-json\/wp\/v2\/categories?post=4768"},{"taxonomy":"post_tag","embeddable":true,"href":"https:\/\/tribunavm.com.ar\/index.php\/wp-json\/wp\/v2\/tags?post=4768"}],"curies":[{"name":"wp","href":"https:\/\/api.w.org\/{rel}","templated":true}]}}