{"id":4813,"date":"2021-11-22T16:32:15","date_gmt":"2021-11-22T16:32:15","guid":{"rendered":"https:\/\/tribunavm.com.ar\/?p=4813"},"modified":"2021-11-22T16:53:09","modified_gmt":"2021-11-22T16:53:09","slug":"4813","status":"publish","type":"post","link":"https:\/\/tribunavm.com.ar\/index.php\/2021\/11\/22\/4813\/","title":{"rendered":"Paneo Latinoamericano"},"content":{"rendered":"<div class=\"row clearfix\">\n<div class=\"col-md-8\">\n<h3><span style=\"font-weight: 400; color: #ff9900;\">Elecciones en Chile, en b\u00fasqueda del sucesor de Pi\u00f1era<\/span><\/h3>\n<p><img loading=\"lazy\" decoding=\"async\" class=\"aligncenter size-jnews-750x536 wp-image-4803\" src=\"https:\/\/tribunavm.com.ar\/wp-content\/uploads\/2021\/11\/a13b387b50a17b98c84513568e65b9b4-1-750x536.jpg\" alt=\"\" width=\"750\" height=\"536\" srcset=\"https:\/\/tribunavm.com.ar\/wp-content\/uploads\/2021\/11\/a13b387b50a17b98c84513568e65b9b4-1-750x536.jpg 750w, https:\/\/tribunavm.com.ar\/wp-content\/uploads\/2021\/11\/a13b387b50a17b98c84513568e65b9b4-1-120x86.jpg 120w, https:\/\/tribunavm.com.ar\/wp-content\/uploads\/2021\/11\/a13b387b50a17b98c84513568e65b9b4-1-350x250.jpg 350w, https:\/\/tribunavm.com.ar\/wp-content\/uploads\/2021\/11\/a13b387b50a17b98c84513568e65b9b4-1-1140x815.jpg 1140w\" sizes=\"(max-width: 750px) 100vw, 750px\" \/><\/p>\n<p><span style=\"font-weight: 400;\"><span class=\"dropcap \" style=\"background-color: #ffffff; color: #dd9933; border-color: #ffffff;\">T<\/span>ras una semana marcada por el rechazo al juicio pol\u00edtico de Sebasti\u00e1n Pi\u00f1era, en el Senado de Chile, este domingo se llevaron a cabo las elecciones presidenciales donde se definir\u00e1 el pr\u00f3ximo sucesor.\u00a0<\/span><\/p>\n<p><span style=\"font-weight: 400;\">Las elecciones estuvieron marcadas por el rechazo a los partidos tradicionales, donde los dos candidatos principales Gabriel Boric, candidato de Apruebo Dignidad; y Jos\u00e9 Antonio Kast, del Frente Social Cristiano, discontin\u00faan con la tendencia que se desarroll\u00f3 desde el fin de la dictadura pinochetista hasta la actualidad.\u00a0<\/span><\/p>\n<p><span style=\"font-weight: 400;\">Al cerrar la presente edici\u00f3n, con el 49,62% escrutado, Kast obtendr\u00eda un 28,64% y Boric un 24,44%, por lo que, para determinar qui\u00e9n gobernar\u00e1 desde el Palacio de la Moneda, se deber\u00e1 dar una segunda instancia electoral entre los dos candidatos el pr\u00f3ximo 19 de diciembre.\u00a0\u00a0\u00a0\u00a0\u00a0<\/span><\/p>\n<h3><span style=\"font-weight: 400; color: #ff9900;\">Nicaragua anuncia su retiro de la OEA<\/span><\/h3>\n<p><img loading=\"lazy\" decoding=\"async\" class=\"aligncenter size-jnews-750x536 wp-image-4804\" src=\"https:\/\/tribunavm.com.ar\/wp-content\/uploads\/2021\/11\/1118437366_0_0_1600_901_1920x0_80_0_0_1ba726e38405dab1701cc9055f80cf49-750x536.jpg\" alt=\"\" width=\"750\" height=\"536\" srcset=\"https:\/\/tribunavm.com.ar\/wp-content\/uploads\/2021\/11\/1118437366_0_0_1600_901_1920x0_80_0_0_1ba726e38405dab1701cc9055f80cf49-750x536.jpg 750w, https:\/\/tribunavm.com.ar\/wp-content\/uploads\/2021\/11\/1118437366_0_0_1600_901_1920x0_80_0_0_1ba726e38405dab1701cc9055f80cf49-120x86.jpg 120w, https:\/\/tribunavm.com.ar\/wp-content\/uploads\/2021\/11\/1118437366_0_0_1600_901_1920x0_80_0_0_1ba726e38405dab1701cc9055f80cf49-350x250.jpg 350w, https:\/\/tribunavm.com.ar\/wp-content\/uploads\/2021\/11\/1118437366_0_0_1600_901_1920x0_80_0_0_1ba726e38405dab1701cc9055f80cf49-1140x815.jpg 1140w\" sizes=\"(max-width: 750px) 100vw, 750px\" \/><\/p>\n<p><span style=\"font-weight: 400;\"><span class=\"dropcap \" style=\"background-color: #ffffff; color: #dd9933; border-color: #ffffff;\">T<\/span>ras las elecciones en el pa\u00eds centroamericano y las denuncias por parte de diversos pa\u00edses y de organizaciones internacionales respecto a \u201cirregularidades\u201d en los comicios, Nicaragua anunci\u00f3 su retiro de la Organizaci\u00f3n de Estados Americanos (OEA).<\/span><\/p>\n<p><span style=\"font-weight: 400;\">Desde la posici\u00f3n de Nicaragua, la OEA ha tomado, en reiteradas ocasiones, medidas injerencistas sobre las pol\u00edticas del pa\u00eds, siguiendo los lineamientos brindados por Estados Unidos y garantizando la hegemon\u00eda de este \u00faltimo sobre nuestro continente.<\/span><\/p>\n<p><span style=\"font-weight: 400;\">En este sentido, el Ministro de Relaciones Exteriores nicarag\u00fcense, Denis Moncada Colindres, expres\u00f3 que \u201cest\u00e1 organizaci\u00f3n que funciona permanentemente en Washington tiene como misi\u00f3n facilitar la hegemon\u00eda de los Estados Unidos con su intervencionismo, sobre los pa\u00edses de Am\u00e9rica Latina y el Caribe lo que para Nicaragua es inaceptable\u201d.<\/span><\/p>\n<p><span style=\"font-weight: 400;\">Una vez enviado el comunicado y pensando en el futuro, cabe aclarar que el proceso para su desvinculaci\u00f3n definitiva puede tardar 2 a\u00f1os.<\/span><\/p>\n<h3><span style=\"font-weight: 400; color: #ff9900;\">Encuentro de los \u201ctres amigos\u201d<\/span><\/h3>\n<p><img loading=\"lazy\" decoding=\"async\" class=\"aligncenter size-jnews-750x536 wp-image-4805\" src=\"https:\/\/tribunavm.com.ar\/wp-content\/uploads\/2021\/11\/maxresdefault-750x536.jpg\" alt=\"\" width=\"750\" height=\"536\" srcset=\"https:\/\/tribunavm.com.ar\/wp-content\/uploads\/2021\/11\/maxresdefault-750x536.jpg 750w, https:\/\/tribunavm.com.ar\/wp-content\/uploads\/2021\/11\/maxresdefault-120x86.jpg 120w, https:\/\/tribunavm.com.ar\/wp-content\/uploads\/2021\/11\/maxresdefault-350x250.jpg 350w\" sizes=\"(max-width: 750px) 100vw, 750px\" \/><\/p>\n<p><span style=\"font-weight: 400;\"><span class=\"dropcap \" style=\"background-color: #ffffff; color: #dd9933; border-color: #ffffff;\">L<\/span>os mandatarios de M\u00e9xico, Estados Unidos y Canad\u00e1 -Andres Manuel Lopez Obrador, Joe Biden y Justin Trudeau- reanudaron despu\u00e9s de cinco a\u00f1os el encuentro entre los lideres de Am\u00e9rica del Norte, denominado \u201cTres amigos\u201d.<\/span><\/p>\n<p><span style=\"font-weight: 400;\">La reuni\u00f3n sucedi\u00f3 en Washington, EE.UU., donde los presidentes evaluaron los resultados de la aplicaci\u00f3n del T-MEC, el tratado comercial entre los tres pa\u00edses a m\u00e1s de un a\u00f1o de haber entrado en vigor.<\/span><\/p>\n<p><span style=\"font-weight: 400;\">Tanto M\u00e9xico como Canad\u00e1 alertaron la propuesta proteccionista de Biden de otorgar beneficios fiscales para promover la fabricaci\u00f3n en Estados Unidos de veh\u00edculos el\u00e9ctricos.<\/span><\/p>\n<p><span style=\"font-weight: 400;\">Adem\u00e1s de las relaciones comerciales, el encuentro tuvo como ejes principales el problema migratorio, la lucha contra el cambio clim\u00e1tico y el desarrollo de vacunas contra el coronavirus.<\/span><\/p>\n<p><span style=\"font-weight: 400;\">\u201cMe dijo que no nos iban a ver como el patio trasero\u201d, asegur\u00f3 AMLO sobre Biden.<\/span><\/p>\n<\/div>\n<\/div>\n","protected":false},"excerpt":{"rendered":"<p>Elecciones en Chile, en b\u00fasqueda del sucesor de Pi\u00f1era Tras una semana marcada por el rechazo al juicio pol\u00edtico de Sebasti\u00e1n Pi\u00f1era, en el Senado de Chile, este domingo se llevaron a cabo las elecciones presidenciales donde se definir\u00e1 el pr\u00f3ximo sucesor.\u00a0 Las elecciones estuvieron marcadas por el rechazo a los partidos tradicionales, donde los [&hellip;]<\/p>\n","protected":false},"author":2,"featured_media":4070,"comment_status":"open","ping_status":"open","sticky":false,"template":"","format":"standard","meta":{"_exactmetrics_skip_tracking":false,"_exactmetrics_sitenote_active":false,"_exactmetrics_sitenote_note":"","_exactmetrics_sitenote_category":0,"jnews-multi-image_gallery":[],"jnews_single_post":{"source_name":"","source_url":"","via_name":"","via_url":"","override_template":"0","override":[{"template":"1","single_blog_custom":"","parallax":"1","fullscreen":"1","layout":"right-sidebar","sidebar":"default-sidebar","second_sidebar":"default-sidebar","sticky_sidebar":"1","share_position":"top","share_float_style":"share-monocrhome","show_share_counter":"1","show_view_counter":"1","show_featured":"1","show_post_meta":"1","show_post_author":"1","show_post_author_image":"1","show_post_date":"1","post_date_format":"default","post_date_format_custom":"Y\/m\/d","show_post_category":"1","show_post_reading_time":"0","post_reading_time_wpm":"300","show_zoom_button":"0","zoom_button_out_step":"2","zoom_button_in_step":"3","show_post_tag":"1","show_prev_next_post":"1","show_popup_post":"1","number_popup_post":"1","show_author_box":"0","show_post_related":"0","show_inline_post_related":"0"}],"override_image_size":"0","image_override":[{"single_post_thumbnail_size":"crop-500","single_post_gallery_size":"crop-500"}],"trending_post":"0","trending_post_position":"meta","trending_post_label":"Trending","sponsored_post":"0","sponsored_post_label":"Sponsored by","sponsored_post_name":"","sponsored_post_url":"","sponsored_post_logo_enable":"0","sponsored_post_logo":"","sponsored_post_desc":""},"jnews_primary_category":{"id":"22"},"jnews_social_meta":{"fb_title":"","fb_description":"","fb_image":"","twitter_title":"","twitter_description":"","twitter_image":""},"jnews_override_counter":{"override_view_counter":"0","view_counter_number":"0","override_share_counter":"0","share_counter_number":"0","override_like_counter":"0","like_counter_number":"0","override_dislike_counter":"0","dislike_counter_number":"0"},"_joinchat":[],"footnotes":""},"categories":[22],"tags":[221,222,39,69],"class_list":["post-4813","post","type-post","status-publish","format-standard","has-post-thumbnail","hentry","category-actualidad","tag-edicion-79","tag-elecciones","tag-gobierno","tag-latinoamerica"],"_links":{"self":[{"href":"https:\/\/tribunavm.com.ar\/index.php\/wp-json\/wp\/v2\/posts\/4813"}],"collection":[{"href":"https:\/\/tribunavm.com.ar\/index.php\/wp-json\/wp\/v2\/posts"}],"about":[{"href":"https:\/\/tribunavm.com.ar\/index.php\/wp-json\/wp\/v2\/types\/post"}],"author":[{"embeddable":true,"href":"https:\/\/tribunavm.com.ar\/index.php\/wp-json\/wp\/v2\/users\/2"}],"replies":[{"embeddable":true,"href":"https:\/\/tribunavm.com.ar\/index.php\/wp-json\/wp\/v2\/comments?post=4813"}],"version-history":[{"count":3,"href":"https:\/\/tribunavm.com.ar\/index.php\/wp-json\/wp\/v2\/posts\/4813\/revisions"}],"predecessor-version":[{"id":4816,"href":"https:\/\/tribunavm.com.ar\/index.php\/wp-json\/wp\/v2\/posts\/4813\/revisions\/4816"}],"wp:featuredmedia":[{"embeddable":true,"href":"https:\/\/tribunavm.com.ar\/index.php\/wp-json\/wp\/v2\/media\/4070"}],"wp:attachment":[{"href":"https:\/\/tribunavm.com.ar\/index.php\/wp-json\/wp\/v2\/media?parent=4813"}],"wp:term":[{"taxonomy":"category","embeddable":true,"href":"https:\/\/tribunavm.com.ar\/index.php\/wp-json\/wp\/v2\/categories?post=4813"},{"taxonomy":"post_tag","embeddable":true,"href":"https:\/\/tribunavm.com.ar\/index.php\/wp-json\/wp\/v2\/tags?post=4813"}],"curies":[{"name":"wp","href":"https:\/\/api.w.org\/{rel}","templated":true}]}}