{"id":4827,"date":"2021-11-22T17:24:51","date_gmt":"2021-11-22T17:24:51","guid":{"rendered":"https:\/\/tribunavm.com.ar\/?p=4827"},"modified":"2021-11-22T17:26:43","modified_gmt":"2021-11-22T17:26:43","slug":"atilra-logro-una-paritaria-del-56","status":"publish","type":"post","link":"https:\/\/tribunavm.com.ar\/index.php\/2021\/11\/22\/atilra-logro-una-paritaria-del-56\/","title":{"rendered":"Atilra logr\u00f3 una paritaria del 56%"},"content":{"rendered":"<div class=\"row clearfix\">\n<div class=\"col-md-8\">\n<div class=\"intro-text\">\n<p><span style=\"font-weight: 400;\">El acuerdo fue firmado por el CIL, mientras que APYMEL realiz\u00f3 una presentaci\u00f3n unilateral en el Ministerio de Trabajo.<\/span><\/p>\n<\/div>\n<p><span style=\"font-weight: 400;\"><span class=\"dropcap \" style=\"background-color: #ffffff; color: #dd9933; border-color: #ffffff;\">E<\/span>l gremio de los trabajadores de la industria lechera (ATILRA) y las c\u00e1maras del sector firmaron esta semana una actualizaci\u00f3n en la paritaria 2021, alcanzando un incremento del 56%.<\/span><\/p>\n<p><span style=\"font-weight: 400;\">Desde Tribuna conversamos con Pedro Fern\u00e1ndez, paritario a nivel nacional, quien coment\u00f3 que hubo un acuerdo de \u201caumento del 5% lo que hace que tengamos un 30% sobre abril, 35% en diciembre, enero 42%, febrero un 49%, y marzo un 56%\u201d. Logrando un aumento del 50% para 2020 y del 6% a cuenta de la inflaci\u00f3n del 2022. \u201cAdem\u00e1s conseguimos un bono de 20 mil pesos pagadero en cuatro cuotas\u201d, coment\u00f3.<\/span><\/p>\n<p><span style=\"font-weight: 400;\">El acuerdo fue firmado con el CIL (Centro de Industria Lechera), mientras que la otra c\u00e1mara, APYMEL (Asociaci\u00f3n de Peque\u00f1as y Medianas Empresas L\u00e1cteas), realiz\u00f3 una presentaci\u00f3n unilateral en el Ministerio de Trabajo advirtiendo que respetaran la planilla salarial, pero no el r\u00e9gimen de aportes.<\/span><\/p>\n<p><span style=\"font-weight: 400;\">En la regi\u00f3n se encuentran empresas empresas integrantes\u00a0 del CIL como NOAL (Villa Nueva) y Molfino Hnos. (Tio Pujio), mientras que Punta del Agua no est\u00e1 afiliada en ninguna de las dos.<\/span><\/p>\n<p><span style=\"font-weight: 400;\">Respecto al salvataje de la administraci\u00f3n de Sancor, Fern\u00e1ndez coment\u00f3 que \u201cse est\u00e1 buscando salvar la situaci\u00f3n de 1450 puestos de trabajo\u201d. \u201cQued\u00f3 constituido un fideicomiso donde participan empresarios, Atilra y el Gobierno Nacional. Atilra lo que hace es controlar los fondos, que lo recibido vaya a la producci\u00f3n y se mantengan los puestos de trabajo\u201d, agreg\u00f3.\u00a0<\/span><\/p>\n<p><span style=\"font-weight: 400;\">Adem\u00e1s, evalu\u00f3 que la situaci\u00f3n es complicada debido a que el n\u00famero de trabajadores es elevado en relaci\u00f3n al nivel de producci\u00f3n actual.<\/span><\/p>\n<\/div>\n<\/div>\n","protected":false},"excerpt":{"rendered":"<p>El acuerdo fue firmado por el CIL, mientras que APYMEL realiz\u00f3 una presentaci\u00f3n unilateral en el Ministerio de Trabajo. El gremio de los trabajadores de la industria lechera (ATILRA) y las c\u00e1maras del sector firmaron esta semana una actualizaci\u00f3n en la paritaria 2021, alcanzando un incremento del 56%. Desde Tribuna conversamos con Pedro Fern\u00e1ndez, paritario [&hellip;]<\/p>\n","protected":false},"author":2,"featured_media":4828,"comment_status":"open","ping_status":"open","sticky":false,"template":"","format":"standard","meta":{"_exactmetrics_skip_tracking":false,"_exactmetrics_sitenote_active":false,"_exactmetrics_sitenote_note":"","_exactmetrics_sitenote_category":0,"jnews-multi-image_gallery":[],"jnews_single_post":{"source_name":"","source_url":"","via_name":"","via_url":"","override_template":"0","override":[{"template":"1","single_blog_custom":"","parallax":"1","fullscreen":"1","layout":"right-sidebar","sidebar":"default-sidebar","second_sidebar":"default-sidebar","sticky_sidebar":"1","share_position":"top","share_float_style":"share-monocrhome","show_share_counter":"1","show_view_counter":"1","show_featured":"1","show_post_meta":"1","show_post_author":"1","show_post_author_image":"1","show_post_date":"1","post_date_format":"default","post_date_format_custom":"Y\/m\/d","show_post_category":"1","show_post_reading_time":"0","post_reading_time_wpm":"300","show_zoom_button":"0","zoom_button_out_step":"2","zoom_button_in_step":"3","show_post_tag":"1","show_prev_next_post":"1","show_popup_post":"1","number_popup_post":"1","show_author_box":"0","show_post_related":"0","show_inline_post_related":"0"}],"override_image_size":"0","image_override":[{"single_post_thumbnail_size":"crop-500","single_post_gallery_size":"crop-500"}],"trending_post":"0","trending_post_position":"meta","trending_post_label":"Trending","sponsored_post":"0","sponsored_post_label":"Sponsored by","sponsored_post_name":"","sponsored_post_url":"","sponsored_post_logo_enable":"0","sponsored_post_logo":"","sponsored_post_desc":""},"jnews_primary_category":{"id":"22"},"jnews_social_meta":{"fb_title":"","fb_description":"","fb_image":"","twitter_title":"","twitter_description":"","twitter_image":""},"jnews_override_counter":{"override_view_counter":"0","view_counter_number":"0","override_share_counter":"0","share_counter_number":"0","override_like_counter":"0","like_counter_number":"0","override_dislike_counter":"0","dislike_counter_number":"0"},"_joinchat":[],"footnotes":""},"categories":[22],"tags":[221,42,92,145,35],"class_list":["post-4827","post","type-post","status-publish","format-standard","has-post-thumbnail","hentry","category-actualidad","tag-edicion-79","tag-industria","tag-paritarias","tag-salarios","tag-trabajadores"],"_links":{"self":[{"href":"https:\/\/tribunavm.com.ar\/index.php\/wp-json\/wp\/v2\/posts\/4827"}],"collection":[{"href":"https:\/\/tribunavm.com.ar\/index.php\/wp-json\/wp\/v2\/posts"}],"about":[{"href":"https:\/\/tribunavm.com.ar\/index.php\/wp-json\/wp\/v2\/types\/post"}],"author":[{"embeddable":true,"href":"https:\/\/tribunavm.com.ar\/index.php\/wp-json\/wp\/v2\/users\/2"}],"replies":[{"embeddable":true,"href":"https:\/\/tribunavm.com.ar\/index.php\/wp-json\/wp\/v2\/comments?post=4827"}],"version-history":[{"count":1,"href":"https:\/\/tribunavm.com.ar\/index.php\/wp-json\/wp\/v2\/posts\/4827\/revisions"}],"predecessor-version":[{"id":4829,"href":"https:\/\/tribunavm.com.ar\/index.php\/wp-json\/wp\/v2\/posts\/4827\/revisions\/4829"}],"wp:featuredmedia":[{"embeddable":true,"href":"https:\/\/tribunavm.com.ar\/index.php\/wp-json\/wp\/v2\/media\/4828"}],"wp:attachment":[{"href":"https:\/\/tribunavm.com.ar\/index.php\/wp-json\/wp\/v2\/media?parent=4827"}],"wp:term":[{"taxonomy":"category","embeddable":true,"href":"https:\/\/tribunavm.com.ar\/index.php\/wp-json\/wp\/v2\/categories?post=4827"},{"taxonomy":"post_tag","embeddable":true,"href":"https:\/\/tribunavm.com.ar\/index.php\/wp-json\/wp\/v2\/tags?post=4827"}],"curies":[{"name":"wp","href":"https:\/\/api.w.org\/{rel}","templated":true}]}}