{"id":483,"date":"2019-07-11T21:45:05","date_gmt":"2019-07-11T21:45:05","guid":{"rendered":"https:\/\/tribunavm.com.ar\/?p=483"},"modified":"2019-10-21T22:12:10","modified_gmt":"2019-10-21T22:12:10","slug":"despidos-y-mas-despidos","status":"publish","type":"post","link":"https:\/\/tribunavm.com.ar\/index.php\/2019\/07\/11\/despidos-y-mas-despidos\/","title":{"rendered":"Despidos y m\u00e1s despidos"},"content":{"rendered":"<div class=\"row clearfix\">\n<div class=\"col-md-8\">\n<p><span style=\"color: #212121; font-size: 1.5em; letter-spacing: -0.01em;\">A fines de junio se despidieron a trabajadoras de limpieza del Banco Franc\u00e9s y un trabajador de la F\u00e1brica Militar.<\/span><\/p>\n<p><span style=\"font-weight: 400;\"><span class=\"dropcap \" style=\"background-color: #ffffff; color: #dd9933; border-color: #ffffff;\">E<\/span>l viernes 28 de Junio, se manifestaron frente a la sede local del Banco Franc\u00e9s representantes del Sindicato de Obreros y Empleados de Empresas de Limpieza y Servicios Afines de C\u00f3rdoba. La medida de fuerza se dio en reclamo de 21 despidos ocurridos en la provincia, de los cuales 4 son en Villa Maria.\u00a0<\/span><\/p>\n<p><span style=\"font-weight: 400;\"><strong>Liliana Villalba<\/strong>, Secretaria Gremial de <strong>Soalsec<\/strong>, declar\u00f3 que \u201cnos enteramos de que todas las sucursales del Banco Franc\u00e9s hicieron licitaciones y la empresa que se va no puede reacomodar a sus empleados porque perdi\u00f3 todo el servicio. En tanto, la empresa entrante, que sabe perfectamente el uso y costumbre del gremio (porque siempre ha tomado gente) nos aduce que <strong>el banco no quiere el mismo personal<\/strong>\u201d.<\/span><\/p>\n<p><strong>El reclamo se realiz\u00f3 al mismo tiempo en las ciudades de C\u00f3rdoba y San Francisco.<\/strong><\/p>\n<p><span style=\"font-weight: 400;\">Por otro lado en <strong>Fabricaciones Militares<\/strong> contin\u00faan los despidos: en este caso se dio el <strong>despido de tres trabajadores<\/strong>, uno que se desempe\u00f1aba en el \u00e1rea de Seguridad e Higiene de la planta de Villa Mar\u00eda y en la seccional de Jachal, San Juan. Tambi\u00e9n echaron a dos trabajadores de la F\u00e1brica Militar de R\u00edo Tercero, sum\u00e1ndose a los 60 despidos que se dieron en todas las seccionales en diciembre pasado.<\/span><\/p>\n<\/div>\n<\/div>\n","protected":false},"excerpt":{"rendered":"<p>A fines de junio se despidieron a trabajadoras de limpieza del Banco Franc\u00e9s y un trabajador de la F\u00e1brica Militar. El viernes 28 de Junio, se manifestaron frente a la sede local del Banco Franc\u00e9s representantes del Sindicato de Obreros y Empleados de Empresas de Limpieza y Servicios Afines de C\u00f3rdoba. La medida de fuerza [&hellip;]<\/p>\n","protected":false},"author":2,"featured_media":484,"comment_status":"open","ping_status":"open","sticky":false,"template":"","format":"standard","meta":{"_exactmetrics_skip_tracking":false,"_exactmetrics_sitenote_active":false,"_exactmetrics_sitenote_note":"","_exactmetrics_sitenote_category":0,"jnews-multi-image_gallery":[],"jnews_single_post":{"source_name":"","source_url":"","via_name":"","via_url":"","override_template":"0","override":[{"template":"1","single_blog_custom":"","parallax":"1","fullscreen":"0","layout":"right-sidebar","sidebar":"default-sidebar","second_sidebar":"default-sidebar","sticky_sidebar":"1","share_position":"top","share_float_style":"share-monocrhome","show_share_counter":"1","show_view_counter":"1","show_featured":"1","show_post_meta":"1","show_post_author":"1","show_post_author_image":"1","show_post_date":"1","post_date_format":"default","post_date_format_custom":"Y\/m\/d","show_post_category":"1","show_post_reading_time":"0","post_reading_time_wpm":"300","show_zoom_button":"0","zoom_button_out_step":"2","zoom_button_in_step":"3","show_post_tag":"1","show_prev_next_post":"1","show_popup_post":"1","number_popup_post":"1","show_author_box":"0","show_post_related":"0","show_inline_post_related":"0"}],"override_image_size":"0","image_override":[{"single_post_thumbnail_size":"crop-500","single_post_gallery_size":"crop-500"}],"trending_post":"0","trending_post_position":"meta","trending_post_label":"Trending"},"jnews_primary_category":{"id":""},"jnews_social_meta":{"fb_title":"","fb_description":"","fb_image":"","twitter_title":"","twitter_description":"","twitter_image":""},"jnews_override_counter":{"override_view_counter":"0","view_counter_number":"0","override_share_counter":"0","share_counter_number":"0","override_like_counter":"0","like_counter_number":"0","override_dislike_counter":"0","dislike_counter_number":"0"},"_joinchat":[],"footnotes":""},"categories":[22],"tags":[45,35],"class_list":["post-483","post","type-post","status-publish","format-standard","has-post-thumbnail","hentry","category-actualidad","tag-edicion-4","tag-trabajadores"],"_links":{"self":[{"href":"https:\/\/tribunavm.com.ar\/index.php\/wp-json\/wp\/v2\/posts\/483"}],"collection":[{"href":"https:\/\/tribunavm.com.ar\/index.php\/wp-json\/wp\/v2\/posts"}],"about":[{"href":"https:\/\/tribunavm.com.ar\/index.php\/wp-json\/wp\/v2\/types\/post"}],"author":[{"embeddable":true,"href":"https:\/\/tribunavm.com.ar\/index.php\/wp-json\/wp\/v2\/users\/2"}],"replies":[{"embeddable":true,"href":"https:\/\/tribunavm.com.ar\/index.php\/wp-json\/wp\/v2\/comments?post=483"}],"version-history":[{"count":1,"href":"https:\/\/tribunavm.com.ar\/index.php\/wp-json\/wp\/v2\/posts\/483\/revisions"}],"predecessor-version":[{"id":485,"href":"https:\/\/tribunavm.com.ar\/index.php\/wp-json\/wp\/v2\/posts\/483\/revisions\/485"}],"wp:featuredmedia":[{"embeddable":true,"href":"https:\/\/tribunavm.com.ar\/index.php\/wp-json\/wp\/v2\/media\/484"}],"wp:attachment":[{"href":"https:\/\/tribunavm.com.ar\/index.php\/wp-json\/wp\/v2\/media?parent=483"}],"wp:term":[{"taxonomy":"category","embeddable":true,"href":"https:\/\/tribunavm.com.ar\/index.php\/wp-json\/wp\/v2\/categories?post=483"},{"taxonomy":"post_tag","embeddable":true,"href":"https:\/\/tribunavm.com.ar\/index.php\/wp-json\/wp\/v2\/tags?post=483"}],"curies":[{"name":"wp","href":"https:\/\/api.w.org\/{rel}","templated":true}]}}