{"id":4836,"date":"2021-11-22T17:51:56","date_gmt":"2021-11-22T17:51:56","guid":{"rendered":"https:\/\/tribunavm.com.ar\/?p=4836"},"modified":"2021-11-22T17:52:33","modified_gmt":"2021-11-22T17:52:33","slug":"deuda-o-soberania","status":"publish","type":"post","link":"https:\/\/tribunavm.com.ar\/index.php\/2021\/11\/22\/deuda-o-soberania\/","title":{"rendered":"Deuda o soberan\u00eda"},"content":{"rendered":"<div class=\"row clearfix\">\n<div class=\"col-md-8\">\n<div class=\"intro-text\">\n<p><span style=\"font-weight: 400;\">Se realiz\u00f3 un encuentro de debate entre militantes de la ciudad en la CTA Aut\u00f3noma local. Otros sindicatos hicieron menci\u00f3n a la fecha.<\/span><\/p>\n<\/div>\n<p><span style=\"font-weight: 400;\"><span class=\"dropcap \" style=\"background-color: #ffffff; color: #dd9933; border-color: #ffffff;\">E<\/span>l s\u00e1bado 20 de noviembre se llev\u00f3 a cabo en el marco del D\u00eda de la Soberan\u00eda un encuentro entre militantes de la ciudad, con el objetivo de debatir respecto a la Deuda P\u00fablica y su implicancias en la actualidad.<\/span><\/p>\n<p><span style=\"font-weight: 400;\">El encuentro se llev\u00f3 a cabo en el sal\u00f3n de la CTA Aut\u00f3noma y, seg\u00fan la publicaci\u00f3n de la Central, \u201cse discuti\u00f3 acerca de la deuda en el contexto actual y las implicancias sociales, econ\u00f3micas y culturales de enfrentar su pago sin poner por delante las necesidades del pueblo argentino\u201d.<\/span><\/p>\n<p><span style=\"font-weight: 400;\">\u201cTambi\u00e9n se avanz\u00f3 en analizar qu\u00e9 consecuencias acarrea la deuda externa en la vida cotidiana de las ciudadanas y ciudadanos\u201d, expresaron desde la Central. A su vez, distintos espacios gremiales hicieron alusi\u00f3n a la fecha en sus redes sociales, como el Sindicato de Empleados P\u00fablicos (SEP), Sindicato Regional de Luz y Fuerza, Camioneros, UTEDYC, entre otros.<\/span><\/p>\n<p><span style=\"font-weight: 400;\">El d\u00eda lleva ese nombre en conmemoraci\u00f3n de la gesta her\u00f3ica en 1845 del Ej\u00e9rcito de la Confederaci\u00f3n Argentina en defensa de la soberan\u00eda del R\u00edo Paran\u00e1 contra las fuerzas imperiales de Gran Breta\u00f1a y Francia.\u00a0<\/span><\/p>\n<\/div>\n<\/div>\n","protected":false},"excerpt":{"rendered":"<p>Se realiz\u00f3 un encuentro de debate entre militantes de la ciudad en la CTA Aut\u00f3noma local. Otros sindicatos hicieron menci\u00f3n a la fecha. El s\u00e1bado 20 de noviembre se llev\u00f3 a cabo en el marco del D\u00eda de la Soberan\u00eda un encuentro entre militantes de la ciudad, con el objetivo de debatir respecto a la [&hellip;]<\/p>\n","protected":false},"author":2,"featured_media":4837,"comment_status":"open","ping_status":"open","sticky":false,"template":"","format":"standard","meta":{"_exactmetrics_skip_tracking":false,"_exactmetrics_sitenote_active":false,"_exactmetrics_sitenote_note":"","_exactmetrics_sitenote_category":0,"jnews-multi-image_gallery":[],"jnews_single_post":{"source_name":"","source_url":"","via_name":"","via_url":"","override_template":"0","override":[{"template":"1","single_blog_custom":"","parallax":"1","fullscreen":"1","layout":"right-sidebar","sidebar":"default-sidebar","second_sidebar":"default-sidebar","sticky_sidebar":"1","share_position":"top","share_float_style":"share-monocrhome","show_share_counter":"1","show_view_counter":"1","show_featured":"1","show_post_meta":"1","show_post_author":"1","show_post_author_image":"1","show_post_date":"1","post_date_format":"default","post_date_format_custom":"Y\/m\/d","show_post_category":"1","show_post_reading_time":"0","post_reading_time_wpm":"300","show_zoom_button":"0","zoom_button_out_step":"2","zoom_button_in_step":"3","show_post_tag":"1","show_prev_next_post":"1","show_popup_post":"1","number_popup_post":"1","show_author_box":"0","show_post_related":"0","show_inline_post_related":"0"}],"override_image_size":"0","image_override":[{"single_post_thumbnail_size":"crop-500","single_post_gallery_size":"crop-500"}],"trending_post":"0","trending_post_position":"meta","trending_post_label":"Trending","sponsored_post":"0","sponsored_post_label":"Sponsored by","sponsored_post_name":"","sponsored_post_url":"","sponsored_post_logo_enable":"0","sponsored_post_logo":"","sponsored_post_desc":""},"jnews_primary_category":{"id":"22"},"jnews_social_meta":{"fb_title":"","fb_description":"","fb_image":"","twitter_title":"","twitter_description":"","twitter_image":""},"jnews_override_counter":{"override_view_counter":"0","view_counter_number":"0","override_share_counter":"0","share_counter_number":"0","override_like_counter":"0","like_counter_number":"0","override_dislike_counter":"0","dislike_counter_number":"0"},"_joinchat":[],"footnotes":""},"categories":[22],"tags":[109,80,221,35],"class_list":["post-4836","post","type-post","status-publish","format-standard","has-post-thumbnail","hentry","category-actualidad","tag-condiciones-de-vida","tag-deuda","tag-edicion-79","tag-trabajadores"],"_links":{"self":[{"href":"https:\/\/tribunavm.com.ar\/index.php\/wp-json\/wp\/v2\/posts\/4836"}],"collection":[{"href":"https:\/\/tribunavm.com.ar\/index.php\/wp-json\/wp\/v2\/posts"}],"about":[{"href":"https:\/\/tribunavm.com.ar\/index.php\/wp-json\/wp\/v2\/types\/post"}],"author":[{"embeddable":true,"href":"https:\/\/tribunavm.com.ar\/index.php\/wp-json\/wp\/v2\/users\/2"}],"replies":[{"embeddable":true,"href":"https:\/\/tribunavm.com.ar\/index.php\/wp-json\/wp\/v2\/comments?post=4836"}],"version-history":[{"count":1,"href":"https:\/\/tribunavm.com.ar\/index.php\/wp-json\/wp\/v2\/posts\/4836\/revisions"}],"predecessor-version":[{"id":4838,"href":"https:\/\/tribunavm.com.ar\/index.php\/wp-json\/wp\/v2\/posts\/4836\/revisions\/4838"}],"wp:featuredmedia":[{"embeddable":true,"href":"https:\/\/tribunavm.com.ar\/index.php\/wp-json\/wp\/v2\/media\/4837"}],"wp:attachment":[{"href":"https:\/\/tribunavm.com.ar\/index.php\/wp-json\/wp\/v2\/media?parent=4836"}],"wp:term":[{"taxonomy":"category","embeddable":true,"href":"https:\/\/tribunavm.com.ar\/index.php\/wp-json\/wp\/v2\/categories?post=4836"},{"taxonomy":"post_tag","embeddable":true,"href":"https:\/\/tribunavm.com.ar\/index.php\/wp-json\/wp\/v2\/tags?post=4836"}],"curies":[{"name":"wp","href":"https:\/\/api.w.org\/{rel}","templated":true}]}}