{"id":486,"date":"2019-07-11T22:12:43","date_gmt":"2019-07-11T22:12:43","guid":{"rendered":"https:\/\/tribunavm.com.ar\/?p=486"},"modified":"2019-10-22T14:57:20","modified_gmt":"2019-10-22T14:57:20","slug":"nuevo-record-de-tarifas","status":"publish","type":"post","link":"https:\/\/tribunavm.com.ar\/index.php\/2019\/07\/11\/nuevo-record-de-tarifas\/","title":{"rendered":"Nuevo r\u00e9cord de tarifas"},"content":{"rendered":"<div class=\"row clearfix\">\n<div class=\"col-md-8\">\n<p><span style=\"color: #212121; font-size: 1.5em; letter-spacing: -0.01em;\">El primero de julio, el ente que regula los servicios p\u00fablicos en la provincia (ERSEP) autoriz\u00f3 a EPEC a aumentarlas un 125% para 700 mil hogares y empresas de la provincia, convirtiendo su suministro en el m\u00e1s caro del pa\u00eds.<\/span><\/p>\n<p><span style=\"font-weight: 400;\"><span class=\"dropcap \" style=\"background-color: #ffffff; color: #dd9933; border-color: #ffffff;\">C<\/span>on esta nueva suba, un hogar de Villa Mar\u00eda con un consumo medio mensual de <strong>300 kWh<\/strong> pasar\u00e1 a pagar <strong>$2.764<\/strong>, cuando hace 4 a\u00f1os abonaba <strong>$355<\/strong> (un incremento del <strong>678%<\/strong>).<\/span><\/p>\n<p><span style=\"font-weight: 400;\">De esta manera, EPEC vuelve a cargar sobre los consumidores con un nuevo cuadro tarifario. Adem\u00e1s, de esa factura el Estado nacional se queda con un 21%, correspondiente al IVA, mientras que el municipio se apropia de un 20% a traves impuestos.<\/span><\/p>\n<p><span style=\"font-weight: 400;\"><strong>En abril<\/strong> de este a\u00f1o, la empresa comunic\u00f3 que gracias a distintas medidas hab\u00eda conseguido un \u201cahorro operativo\u201d de <strong>$770 millones durante los 9 meses anteriores<\/strong>. Esto se dio por el retiro (\u201cprograma de pasividad anticipada\u201d) de 319 trabajadores, recorte de subsidios a jubilados y empleados, reducci\u00f3n de horas extras y congelamiento de salarios e ingresos de personal.<\/span><\/p>\n<p><span style=\"font-weight: 400;\">Todo esto llev\u00f3 a que en <strong>2018<\/strong> EPEC tuviera un resultado operativo positivo (ingresos menos gastos) de<strong> $693 millones<\/strong>. Sin embargo, seg\u00fan el propio balance de la empresa, este super\u00e1vit se consigui\u00f3 gracias principalmente a los aumentos de tarifas.\u00a0<\/span><\/p>\n<p><span style=\"color: #ff6600;\"><b>Respuesta de los trabajadores lucifuercistas<\/b><\/span><\/p>\n<p><span style=\"font-weight: 400;\">Hace ya m\u00e1s de un a\u00f1o que <strong>los trabajadores de EPEC<\/strong>, sindicalizados en el gremio de Luz y Fuerza, vienen planteando que la situaci\u00f3n para la empresa es compleja. Tal es as\u00ed que durante el a\u00f1o 2018 no se firmaron paritarias hasta el mes de noviembre, con un <strong>aumento salarial del 25%<\/strong>, <strong>muy<\/strong> <strong>por debajo de una inflaci\u00f3n que rond\u00f3 el 48% anual.\u00a0<\/strong><\/span><\/p>\n<p><span style=\"font-weight: 400;\">El triunvirato de la seccional Villa Mar\u00eda de <strong>Luz y Fuerza<\/strong>, compuesto por Ezequiel Zulatto, Gabriela Duarte y Mariano Peralta, denunci\u00f3 ante este peri\u00f3dico que <strong>existe una campa\u00f1a para desprestigiar a los trabajadores<\/strong> del sector, haciendo foco en supuestas condiciones de \u201cprivilegio\u201d por sus salarios o beneficios de convenio. Desde la visi\u00f3n gremial, el principal problema que enfrenta la empresa es la falta de inversiones, la falta de personal y la precarizaci\u00f3n laboral que se busca por medio de la tercerizaci\u00f3n.\u00a0<\/span><\/p>\n<p><span style=\"font-weight: 400;\">Los dirigentes reconocen las dificultades que atraviesa EPEC, pero a su vez destacan que no puede culparse a los trabajadores ya que no representan ni el 20% de los \u201ccostos\u201d de la empresa, adem\u00e1s de no haber sido convocados por funcionarios para aportar ideas y soluciones al mejoramiento de EPEC.\u00a0<\/span><\/p>\n<p><span style=\"font-weight: 400;\">Por el contrario, destacaron que la misi\u00f3n central del sindicato durante los \u00faltimos a\u00f1os ha sido la capacitaci\u00f3n y perfeccionamiento laboral, para poder mejorar la calidad del servicio lo m\u00e1s posible.<\/span><\/p>\n<p><span style=\"color: #ff6600;\"><b>Due\u00f1os de la energ\u00eda<\/b><\/span><\/p>\n<p><span style=\"font-weight: 400;\">La generaci\u00f3n de energ\u00eda en el pa\u00eds (contemplando desde la producci\u00f3n hasta su comercializaci\u00f3n) se encuentra mayoritariamente en manos de empresas privadas. EPEC es una de las pocas empresas que a\u00fan conserva su car\u00e1cter de p\u00fablica provincial en la producci\u00f3n. <strong>Del total de la producci\u00f3n energ\u00e9tica nacional, un 78% corresponde al sector privado; 17% p\u00fablica nacional y 5% publica provincial.<\/strong><\/span><\/p>\n<p><span style=\"font-weight: 400;\">Al frente de estas empresas privadas se encuentran fundamentalmente bancos, fondos de inversi\u00f3n y conocidas petroleras. Tambi\u00e9n hay ciertos \u201cempresarios nacionales\u201d, como el ex Ministro de Energ\u00eda Juan Jos\u00e9 Aranguren (<strong>Shell Argentina<\/strong>) o Nicol\u00e1s \u201cNicky\u201d Caputo (miembro del PRO y titular del grupo <strong>Caputo SA<\/strong>).<\/span><\/p>\n<p><span style=\"font-weight: 400;\">Esta concentraci\u00f3n nos remonta a la d\u00e9cada de los noventa cuando se impulsaron las privatizaciones de los servicios p\u00fablicos. Bajo este nuevo sistema, que en lo esencial se mantuvo inalterado durante los \u00faltimos 30 a\u00f1os, grandes empresas nacionales y extranjeras han encontrado abultadas ganancias a costa de la explotaci\u00f3n de recursos naturales y transferencias de ingresos desde los hogares.<\/span><\/p>\n<p><span style=\"color: #ff6600;\"><b>\u00bfQui\u00e9n define el precio de la energ\u00eda?<\/b><\/span><\/p>\n<p><span style=\"font-weight: 400;\">La Compa\u00f1\u00eda Administradora del Mercado Mayorista El\u00e9ctrico (<strong>CAMMESA<\/strong>), es la empresa monop\u00f3lica creada en 1992 que adquiere la energ\u00eda el\u00e9ctrica generada por el Mercado El\u00e9ctrico Mayorista (<strong>MEM<\/strong>), fijando el precio mediante audiencias p\u00fablicas cada cinco a\u00f1os.<\/span><\/p>\n<p><span style=\"font-weight: 400;\">Su administraci\u00f3n y acciones se dividen en un <strong>20% en manos del Estado Nacional<\/strong> (a trav\u00e9s de la Secretar\u00eda de Energ\u00eda), mientras que <strong>el 80% restante es controlado por los privados<\/strong> (Generadores, Transportistas, Distribuidores y Grandes Usuarios) en un 20% cada uno.<\/span><\/p>\n<p><img loading=\"lazy\" decoding=\"async\" class=\"alignnone size-medium wp-image-488 aligncenter\" src=\"https:\/\/tribunavm.com.ar\/wp-content\/uploads\/2019\/10\/Sin-t\u00edtulo-300x230.png\" alt=\"\" width=\"300\" height=\"230\" srcset=\"https:\/\/tribunavm.com.ar\/wp-content\/uploads\/2019\/10\/Sin-t\u00edtulo-300x230.png 300w, https:\/\/tribunavm.com.ar\/wp-content\/uploads\/2019\/10\/Sin-t\u00edtulo.png 480w\" sizes=\"(max-width: 300px) 100vw, 300px\" \/><\/p>\n<p><span style=\"font-weight: 400;\">La energ\u00eda es adquirida por las empresas de transporte, las que a su vez suministran a las empresas distribuidoras, como EPEC, para que finalmente provean del recurso a los hogares.<\/span><\/p>\n<p><span style=\"font-weight: 400;\"><strong>Transener SA<\/strong>, principal empresa de transporte de energ\u00eda de alta tensi\u00f3n, acumul\u00f3 ganancias durante el <strong>2018 por $3.176 millones<\/strong>. Esta empresa es la que opera el sistema de Desconexi\u00f3n Autom\u00e1tica de Generaci\u00f3n, cuya falla gener\u00f3 el apag\u00f3n el\u00e9ctrico nacional el pasado 16 de junio, debido a un acto de negligencia de la empresa, seg\u00fan declar\u00f3 ante el Senado el Secretario de Energ\u00eda de la Naci\u00f3n, Gustavo Lopetegui.<\/span><\/p>\n<p><span style=\"font-weight: 400;\">En el ranking de las 20 empresas con mayores beneficios econ\u00f3micos del 2018 tambi\u00e9n se colaron otras energ\u00e9ticas: <strong>YPF (1\u00ba con $38.600 millones), Transporte de Gas del Sur (6\u00ba con $11.415 millones), Pampa Energ\u00eda (7\u00ba con 11.001 millones), Tecpetrol (8\u00ba con $10.164 millones) y Edenor (18\u00ba con $4.260 millones).<\/strong><\/span><\/p>\n<p><span style=\"font-weight: 400;\">EPEC tiene la particularidad de operar en los 3 eslabones de la cadena, es decir que produce, traslada y distribuye energ\u00eda a 710.000 hogares cordobeses y a 202 cooperativas el\u00e9ctricas locales. Al no ser autosuficiente, la energ\u00eda faltante la adquiere tambi\u00e9n en el MEM.<\/span><\/p>\n<p><span style=\"font-weight: 400;\">El precio de la energ\u00eda que abonamos en las tarifas, se encuentra entonces fuertemente vinculado al precio que disponen las empresas privadas que la producen y transportan, las cu\u00e1les han presentado beneficios econ\u00f3micos r\u00e9cord durante las \u00faltimas d\u00e9cadas.<\/span><\/p>\n<\/div>\n<\/div>\n","protected":false},"excerpt":{"rendered":"<p>El primero de julio, el ente que regula los servicios p\u00fablicos en la provincia (ERSEP) autoriz\u00f3 a EPEC a aumentarlas un 125% para 700 mil hogares y empresas de la provincia, convirtiendo su suministro en el m\u00e1s caro del pa\u00eds. Con esta nueva suba, un hogar de Villa Mar\u00eda con un consumo medio mensual de [&hellip;]<\/p>\n","protected":false},"author":2,"featured_media":491,"comment_status":"open","ping_status":"open","sticky":false,"template":"","format":"standard","meta":{"_exactmetrics_skip_tracking":false,"_exactmetrics_sitenote_active":false,"_exactmetrics_sitenote_note":"","_exactmetrics_sitenote_category":0,"jnews-multi-image_gallery":[],"jnews_single_post":{"source_name":"","source_url":"","via_name":"","via_url":"","override_template":"0","override":[{"template":"1","single_blog_custom":"","parallax":"1","fullscreen":"0","layout":"right-sidebar","sidebar":"default-sidebar","second_sidebar":"default-sidebar","sticky_sidebar":"1","share_position":"top","share_float_style":"share-monocrhome","show_share_counter":"1","show_view_counter":"1","show_featured":"1","show_post_meta":"1","show_post_author":"1","show_post_author_image":"1","show_post_date":"1","post_date_format":"default","post_date_format_custom":"Y\/m\/d","show_post_category":"1","show_post_reading_time":"0","post_reading_time_wpm":"300","show_zoom_button":"0","zoom_button_out_step":"2","zoom_button_in_step":"3","show_post_tag":"1","show_prev_next_post":"1","show_popup_post":"1","number_popup_post":"1","show_author_box":"0","show_post_related":"0","show_inline_post_related":"0"}],"override_image_size":"0","image_override":[{"single_post_thumbnail_size":"crop-500","single_post_gallery_size":"crop-500"}],"trending_post":"0","trending_post_position":"meta","trending_post_label":"Trending"},"jnews_primary_category":{"id":""},"jnews_social_meta":{"fb_title":"","fb_description":"","fb_image":"","twitter_title":"","twitter_description":"","twitter_image":""},"jnews_override_counter":{"override_view_counter":"0","view_counter_number":"0","override_share_counter":"0","share_counter_number":"0","override_like_counter":"0","like_counter_number":"0","override_dislike_counter":"0","dislike_counter_number":"0"},"_joinchat":[],"footnotes":""},"categories":[23],"tags":[45,46,35],"class_list":["post-486","post","type-post","status-publish","format-standard","has-post-thumbnail","hentry","category-analisis","tag-edicion-4","tag-energia","tag-trabajadores"],"_links":{"self":[{"href":"https:\/\/tribunavm.com.ar\/index.php\/wp-json\/wp\/v2\/posts\/486"}],"collection":[{"href":"https:\/\/tribunavm.com.ar\/index.php\/wp-json\/wp\/v2\/posts"}],"about":[{"href":"https:\/\/tribunavm.com.ar\/index.php\/wp-json\/wp\/v2\/types\/post"}],"author":[{"embeddable":true,"href":"https:\/\/tribunavm.com.ar\/index.php\/wp-json\/wp\/v2\/users\/2"}],"replies":[{"embeddable":true,"href":"https:\/\/tribunavm.com.ar\/index.php\/wp-json\/wp\/v2\/comments?post=486"}],"version-history":[{"count":5,"href":"https:\/\/tribunavm.com.ar\/index.php\/wp-json\/wp\/v2\/posts\/486\/revisions"}],"predecessor-version":[{"id":589,"href":"https:\/\/tribunavm.com.ar\/index.php\/wp-json\/wp\/v2\/posts\/486\/revisions\/589"}],"wp:featuredmedia":[{"embeddable":true,"href":"https:\/\/tribunavm.com.ar\/index.php\/wp-json\/wp\/v2\/media\/491"}],"wp:attachment":[{"href":"https:\/\/tribunavm.com.ar\/index.php\/wp-json\/wp\/v2\/media?parent=486"}],"wp:term":[{"taxonomy":"category","embeddable":true,"href":"https:\/\/tribunavm.com.ar\/index.php\/wp-json\/wp\/v2\/categories?post=486"},{"taxonomy":"post_tag","embeddable":true,"href":"https:\/\/tribunavm.com.ar\/index.php\/wp-json\/wp\/v2\/tags?post=486"}],"curies":[{"name":"wp","href":"https:\/\/api.w.org\/{rel}","templated":true}]}}