{"id":4903,"date":"2021-11-29T13:18:43","date_gmt":"2021-11-29T13:18:43","guid":{"rendered":"https:\/\/tribunavm.com.ar\/?p=4903"},"modified":"2021-11-29T13:18:49","modified_gmt":"2021-11-29T13:18:49","slug":"acuerdo-smata-toyota","status":"publish","type":"post","link":"https:\/\/tribunavm.com.ar\/index.php\/2021\/11\/29\/acuerdo-smata-toyota\/","title":{"rendered":"Acuerdo SMATA-Toyota"},"content":{"rendered":"<div class=\"row clearfix\">\n<div class=\"col-md-8\">\n<p><span style=\"font-weight: 400;\"><span class=\"dropcap \" style=\"background-color: #ffffff; color: #dd9933; border-color: #ffffff;\">E<\/span>l Sindicato de Mec\u00e1nicos y Afines del Transporte Automotor (Smata) y la automotriz Toyota rubricaron un acuerdo para fortalecer la productividad de la empresa, en un encuentro con el presidente Alberto Fern\u00e1ndez. El anuncio incluye el incremento de la fabricaci\u00f3n de unidades en su planta de la localidad bonaerense de Z\u00e1rate y la efectivizaci\u00f3n de 1.012 trabajadores.<\/span><\/p>\n<p><span style=\"font-weight: 400;\">El acuerdo establece cambios en el r\u00e9gimen laboral que le permiten extender la semana de trabajo hasta los s\u00e1bados.<\/span><\/p>\n<\/div>\n<\/div>\n","protected":false},"excerpt":{"rendered":"<p>El Sindicato de Mec\u00e1nicos y Afines del Transporte Automotor (Smata) y la automotriz Toyota rubricaron un acuerdo para fortalecer la productividad de la empresa, en un encuentro con el presidente Alberto Fern\u00e1ndez. El anuncio incluye el incremento de la fabricaci\u00f3n de unidades en su planta de la localidad bonaerense de Z\u00e1rate y la efectivizaci\u00f3n de [&hellip;]<\/p>\n","protected":false},"author":2,"featured_media":4898,"comment_status":"open","ping_status":"open","sticky":false,"template":"","format":"standard","meta":{"_exactmetrics_skip_tracking":false,"_exactmetrics_sitenote_active":false,"_exactmetrics_sitenote_note":"","_exactmetrics_sitenote_category":0,"jnews-multi-image_gallery":[],"jnews_single_post":{"source_name":"","source_url":"","via_name":"","via_url":"","override_template":"0","override":[{"template":"1","single_blog_custom":"","parallax":"1","fullscreen":"1","layout":"right-sidebar","sidebar":"default-sidebar","second_sidebar":"default-sidebar","sticky_sidebar":"1","share_position":"top","share_float_style":"share-monocrhome","show_share_counter":"1","show_view_counter":"1","show_featured":"1","show_post_meta":"1","show_post_author":"1","show_post_author_image":"1","show_post_date":"1","post_date_format":"default","post_date_format_custom":"Y\/m\/d","show_post_category":"1","show_post_reading_time":"0","post_reading_time_wpm":"300","show_zoom_button":"0","zoom_button_out_step":"2","zoom_button_in_step":"3","show_post_tag":"1","show_prev_next_post":"1","show_popup_post":"1","number_popup_post":"1","show_author_box":"0","show_post_related":"0","show_inline_post_related":"0"}],"override_image_size":"0","image_override":[{"single_post_thumbnail_size":"crop-500","single_post_gallery_size":"crop-500"}],"trending_post":"0","trending_post_position":"meta","trending_post_label":"Trending","sponsored_post":"0","sponsored_post_label":"Sponsored by","sponsored_post_name":"","sponsored_post_url":"","sponsored_post_logo_enable":"0","sponsored_post_logo":"","sponsored_post_desc":""},"jnews_primary_category":{"id":"22"},"jnews_social_meta":{"fb_title":"","fb_description":"","fb_image":"","twitter_title":"","twitter_description":"","twitter_image":""},"jnews_override_counter":{"override_view_counter":"0","view_counter_number":"0","override_share_counter":"0","share_counter_number":"0","override_like_counter":"0","like_counter_number":"0","override_dislike_counter":"0","dislike_counter_number":"0"},"_joinchat":[],"footnotes":""},"categories":[22],"tags":[183,224,42],"class_list":["post-4903","post","type-post","status-publish","format-standard","has-post-thumbnail","hentry","category-actualidad","tag-condiciones-de-trabajo","tag-edicion-80","tag-industria"],"_links":{"self":[{"href":"https:\/\/tribunavm.com.ar\/index.php\/wp-json\/wp\/v2\/posts\/4903"}],"collection":[{"href":"https:\/\/tribunavm.com.ar\/index.php\/wp-json\/wp\/v2\/posts"}],"about":[{"href":"https:\/\/tribunavm.com.ar\/index.php\/wp-json\/wp\/v2\/types\/post"}],"author":[{"embeddable":true,"href":"https:\/\/tribunavm.com.ar\/index.php\/wp-json\/wp\/v2\/users\/2"}],"replies":[{"embeddable":true,"href":"https:\/\/tribunavm.com.ar\/index.php\/wp-json\/wp\/v2\/comments?post=4903"}],"version-history":[{"count":1,"href":"https:\/\/tribunavm.com.ar\/index.php\/wp-json\/wp\/v2\/posts\/4903\/revisions"}],"predecessor-version":[{"id":4904,"href":"https:\/\/tribunavm.com.ar\/index.php\/wp-json\/wp\/v2\/posts\/4903\/revisions\/4904"}],"wp:featuredmedia":[{"embeddable":true,"href":"https:\/\/tribunavm.com.ar\/index.php\/wp-json\/wp\/v2\/media\/4898"}],"wp:attachment":[{"href":"https:\/\/tribunavm.com.ar\/index.php\/wp-json\/wp\/v2\/media?parent=4903"}],"wp:term":[{"taxonomy":"category","embeddable":true,"href":"https:\/\/tribunavm.com.ar\/index.php\/wp-json\/wp\/v2\/categories?post=4903"},{"taxonomy":"post_tag","embeddable":true,"href":"https:\/\/tribunavm.com.ar\/index.php\/wp-json\/wp\/v2\/tags?post=4903"}],"curies":[{"name":"wp","href":"https:\/\/api.w.org\/{rel}","templated":true}]}}