{"id":4953,"date":"2022-01-06T21:04:51","date_gmt":"2022-01-06T21:04:51","guid":{"rendered":"https:\/\/tribunavm.com.ar\/?p=4953"},"modified":"2022-01-06T21:04:51","modified_gmt":"2022-01-06T21:04:51","slug":"argentina-pedira-otro-prestamo-al-fmi-para-financiar-la-deuda-con-el-organismo","status":"publish","type":"post","link":"https:\/\/tribunavm.com.ar\/index.php\/2022\/01\/06\/argentina-pedira-otro-prestamo-al-fmi-para-financiar-la-deuda-con-el-organismo\/","title":{"rendered":"Argentina pedir\u00e1 otro pr\u00e9stamo al FMI para financiar la deuda con el organismo"},"content":{"rendered":"<div class=\"row clearfix\">\n<div class=\"col-md-8\">\n<div class=\"intro-text\">\n<p><span style=\"font-weight: 400;\">\u00a0\u201cCuando se alcance un acuerdo, lo que deber\u00eda ocurrir, es que el FMI nos d\u00e9 el financiamiento para pagarle al mismo FMI las deudas\u201d, dijo el ministro Guzm\u00e1n ayer en la reuni\u00f3n con los gobernadores.<\/span><\/p>\n<\/div>\n<p><span style=\"font-weight: 400;\"><span class=\"dropcap \" style=\"background-color: #ffffff; color: #dd9933; border-color: #ffffff;\">A<\/span>yer se realiz\u00f3 una reuni\u00f3n convocada por el Gobierno Nacional para discutir con los gobernadores la negociaci\u00f3n con el Fondo Monetario Internacional (FMI). Inicialmente se hab\u00eda convocado a sindicatos y referentes empresariales pero, por presi\u00f3n de algunos sectores pol\u00edticos, se redujo la reuni\u00f3n a los representantes de las administraciones provinciales.<\/span><\/p>\n<p><span style=\"font-weight: 400;\">Abri\u00f3 la reuni\u00f3n el presidente Alberto Fern\u00e1ndez, y continu\u00f3 el ministro de Econom\u00eda Mart\u00edn Guzm\u00e1n con la exposici\u00f3n de los principales puntos del acuerdo. Adem\u00e1s, en la mesa de presentaci\u00f3n, se encontraba Juan Manzur, jefe de Gabinete de Ministros de la Naci\u00f3n.<\/span><\/p>\n<p><span style=\"font-weight: 400;\">En la exposici\u00f3n se comentaron los puntos ya negociados con el FMI en distintas reuniones llevadas a cabo durante la gesti\u00f3n del Gobierno Nacional y los principales puntos de desacuerdos con el organismo. Seg\u00fan present\u00f3 el ministro de Econom\u00eda, en el mejor de los escenarios, el pago de la deuda se reducir\u00eda considerablemente reci\u00e9n en 2034. \u201c<\/span><b>\u00bfPara qu\u00e9 sirve cumplir con los compromisos? Para que el FMI nos env\u00ede los fondos con los cuales le vamos a pagar al fondo<\/b><span style=\"font-weight: 400;\">\u201d, sentenci\u00f3 el ministro.<\/span><\/p>\n<figure id=\"attachment_4954\" aria-describedby=\"caption-attachment-4954\" style=\"width: 1366px\" class=\"wp-caption aligncenter\"><img loading=\"lazy\" decoding=\"async\" class=\"size-full wp-image-4954\" src=\"https:\/\/tribunavm.com.ar\/wp-content\/uploads\/2022\/01\/Como-quedaria.png\" alt=\"\" width=\"1366\" height=\"768\" srcset=\"https:\/\/tribunavm.com.ar\/wp-content\/uploads\/2022\/01\/Como-quedaria.png 1366w, https:\/\/tribunavm.com.ar\/wp-content\/uploads\/2022\/01\/Como-quedaria-300x169.png 300w, https:\/\/tribunavm.com.ar\/wp-content\/uploads\/2022\/01\/Como-quedaria-1024x576.png 1024w, https:\/\/tribunavm.com.ar\/wp-content\/uploads\/2022\/01\/Como-quedaria-768x432.png 768w, https:\/\/tribunavm.com.ar\/wp-content\/uploads\/2022\/01\/Como-quedaria-750x422.png 750w, https:\/\/tribunavm.com.ar\/wp-content\/uploads\/2022\/01\/Como-quedaria-1140x641.png 1140w\" sizes=\"(max-width: 1366px) 100vw, 1366px\" \/><figcaption id=\"caption-attachment-4954\" class=\"wp-caption-text\">Como quedar\u00eda el perfil de vencimiento luego del acuerdo<\/figcaption><\/figure>\n<p><span style=\"font-weight: 400;\">El objetivo principal de la reuni\u00f3n, seg\u00fan explic\u00f3 el propio ministro, gir\u00f3 en torno a la generaci\u00f3n de un consenso nacional amplio para terminar de cerrar el acuerdo. Sin embargo, las diferencias y contrapropuestas se hicieron notar en las intervenciones de los gobernadores de las provincias. Entre ellas, el gobernador Rodr\u00edguez Sa\u00e1 pidi\u00f3 <strong>no pagar la deuda y realizar una consulta popular<\/strong>.<\/span><\/p>\n<p><span style=\"font-weight: 400;\">La insistencia sobre cumplir con los \u201ccompromisos asumidos\u201d se convierte en una pol\u00edtica injustificable frente a los urgentes problemas populares a resolver relacionados al trabajo, alimentaci\u00f3n, vivienda, entre tantas otras necesidades de la poblaci\u00f3n. A\u00fan m\u00e1s teniendo en cuenta que, adem\u00e1s de los 4.500 millones de d\u00f3lares pagados el a\u00f1o pasado al FMI, este a\u00f1o se sumar\u00edan otros 19.000 millones, y en el a\u00f1o 2023 otros 20.000 millones m\u00e1s. Sin contar, claro est\u00e1, los compromisos asumidos con otros organismos multilaterales de cr\u00e9dito y los Fondos Comunes de Inversi\u00f3n (FCI).<\/span><\/p>\n<figure id=\"attachment_4955\" aria-describedby=\"caption-attachment-4955\" style=\"width: 1366px\" class=\"wp-caption aligncenter\"><img loading=\"lazy\" decoding=\"async\" class=\"size-full wp-image-4955\" src=\"https:\/\/tribunavm.com.ar\/wp-content\/uploads\/2022\/01\/Vencimiento-actual.png\" alt=\"\" width=\"1366\" height=\"768\" srcset=\"https:\/\/tribunavm.com.ar\/wp-content\/uploads\/2022\/01\/Vencimiento-actual.png 1366w, https:\/\/tribunavm.com.ar\/wp-content\/uploads\/2022\/01\/Vencimiento-actual-300x169.png 300w, https:\/\/tribunavm.com.ar\/wp-content\/uploads\/2022\/01\/Vencimiento-actual-1024x576.png 1024w, https:\/\/tribunavm.com.ar\/wp-content\/uploads\/2022\/01\/Vencimiento-actual-768x432.png 768w, https:\/\/tribunavm.com.ar\/wp-content\/uploads\/2022\/01\/Vencimiento-actual-750x422.png 750w, https:\/\/tribunavm.com.ar\/wp-content\/uploads\/2022\/01\/Vencimiento-actual-1140x641.png 1140w\" sizes=\"(max-width: 1366px) 100vw, 1366px\" \/><figcaption id=\"caption-attachment-4955\" class=\"wp-caption-text\">Perfil de vencimiento actual<\/figcaption><\/figure>\n<p><span style=\"color: #ff9900;\"><b>Los objetivos reales del acuerdo<\/b><\/span><\/p>\n<p><span style=\"font-weight: 400;\">Al comenzar con la exposici\u00f3n, el ministro de econom\u00eda aclar\u00f3 que \u201ces tan grande la magnitud del problema que<strong> va a llevar a\u00f1os poder resolverlo<\/strong>\u201d. En dicho marco, el apoyo nacional interno debe ir dirigido a \u201cpoder tener apoyo internacional al esquema de pol\u00edtica econ\u00f3mica que plantea el gobierno nacional para que podamos llevar a cabo ese programa\u201d propuesto al FMI.<\/span><\/p>\n<div class=\"jeg_video_container jeg_video_content\"><iframe loading=\"lazy\" title=\"El presidente particip\u00f3 en la exposici\u00f3n sobre las negociaciones con el FMI.\" width=\"500\" height=\"281\" src=\"https:\/\/www.youtube.com\/embed\/HEB--1hpj6I?start=833&#038;feature=oembed\" frameborder=\"0\" allow=\"accelerometer; autoplay; clipboard-write; encrypted-media; gyroscope; picture-in-picture; web-share\" referrerpolicy=\"strict-origin-when-cross-origin\" allowfullscreen><\/iframe><\/div>\n<p><span style=\"font-weight: 400;\">\u201cCuando se alcance un acuerdo, lo que deber\u00eda ocurrir, es que<\/span><b> el FMI nos d\u00e9 el financiamiento para pagarle al mismo FMI para pagarle las deudas<\/b><span style=\"font-weight: 400;\"> que se tomaron en 2018 y 2019\u201d, explic\u00f3 Guzm\u00e1n.\u00a0<\/span><\/p>\n<p><span style=\"font-weight: 400;\">Luego del marco general de negociaci\u00f3n, el ministro comenz\u00f3 a exponer los puntos principales del acuerdo y los objetivos generales del mismo. \u201c<\/span><b>En primer lugar es importante que las exportaciones puedan crecer de forma sostenida porque de ah\u00ed es donde salen las divisas que nos permitan crecer para mantener la estabilidad cambiaria<\/b><span style=\"font-weight: 400;\">\u201d, coment\u00f3.<\/span><\/p>\n<p><a href=\"https:\/\/www.infobae.com\/america\/agencias\/2022\/01\/03\/empresas-agroexportadoras-de-argentina-liquidan-328079-million-en-2021-camara\/\"><span style=\"font-weight: 400;\">Empresas agroexportadoras de Argentina liquidan 32.807,9 million $ en 2021<\/span><\/a><\/p>\n<p><span style=\"font-weight: 400;\">Respecto a ello existe un acuerdo entre el Gobierno Nacional y el FMI. Se busca favorecer a los sectores m\u00e1s concentrados de la econom\u00eda, a saber la agroindustria, hidrocarburos y miner\u00eda, encargados de la gran mayor\u00eda de las exportaciones del pa\u00eds.<\/span><\/p>\n<figure id=\"attachment_4956\" aria-describedby=\"caption-attachment-4956\" style=\"width: 1366px\" class=\"wp-caption aligncenter\"><img loading=\"lazy\" decoding=\"async\" class=\"size-full wp-image-4956\" src=\"https:\/\/tribunavm.com.ar\/wp-content\/uploads\/2022\/01\/Sin-titulo.png\" alt=\"\" width=\"1366\" height=\"768\" srcset=\"https:\/\/tribunavm.com.ar\/wp-content\/uploads\/2022\/01\/Sin-titulo.png 1366w, https:\/\/tribunavm.com.ar\/wp-content\/uploads\/2022\/01\/Sin-titulo-300x169.png 300w, https:\/\/tribunavm.com.ar\/wp-content\/uploads\/2022\/01\/Sin-titulo-1024x576.png 1024w, https:\/\/tribunavm.com.ar\/wp-content\/uploads\/2022\/01\/Sin-titulo-768x432.png 768w, https:\/\/tribunavm.com.ar\/wp-content\/uploads\/2022\/01\/Sin-titulo-750x422.png 750w, https:\/\/tribunavm.com.ar\/wp-content\/uploads\/2022\/01\/Sin-titulo-1140x641.png 1140w\" sizes=\"(max-width: 1366px) 100vw, 1366px\" \/><figcaption id=\"caption-attachment-4956\" class=\"wp-caption-text\">Principales puntos del acuerdo<\/figcaption><\/figure>\n<p><span style=\"font-weight: 400;\">\u201cHay una parte de estas negociaciones donde hay un entendimiento claro: la parte estructural. <\/span><b>Se ha entendido que el problema estructural en la argentina para sostener el crecimiento econ\u00f3mico es el problema de la restricci\u00f3n externa<\/b><span style=\"font-weight: 400;\">\u201d. B\u00e1sicamente, esto quiere decir que buscan acceder nuevamente al mercado de cr\u00e9dito internacional para iniciar un nuevo ciclo de endeudamiento. Sin el acuerdo con el FMI los nuevos acreedores no acceder\u00edan a prestarle m\u00e1s plata al pa\u00eds.<\/span><\/p>\n<p><span style=\"font-weight: 400;\">Ello se encuentra en sinton\u00eda con las declaraciones de Daniel Funes de Rioja en la 27\u00aa Conferencia Industrial de Uni\u00f3n Industrial Argentina (UIA) donde dijo que \u201cqueremos tener acceso al cr\u00e9dito internacional, porque queremos seguir reequip\u00e1ndonos y comprar insumos\u201d.<\/span><\/p>\n<figure id=\"attachment_4957\" aria-describedby=\"caption-attachment-4957\" style=\"width: 681px\" class=\"wp-caption aligncenter\"><img loading=\"lazy\" decoding=\"async\" class=\"size-full wp-image-4957\" src=\"https:\/\/tribunavm.com.ar\/wp-content\/uploads\/2022\/01\/MARTIN-GUZMAN-1-681x462-1.jpg\" alt=\"\" width=\"681\" height=\"462\" srcset=\"https:\/\/tribunavm.com.ar\/wp-content\/uploads\/2022\/01\/MARTIN-GUZMAN-1-681x462-1.jpg 681w, https:\/\/tribunavm.com.ar\/wp-content\/uploads\/2022\/01\/MARTIN-GUZMAN-1-681x462-1-300x204.jpg 300w\" sizes=\"(max-width: 681px) 100vw, 681px\" \/><figcaption id=\"caption-attachment-4957\" class=\"wp-caption-text\">Ministro de econom\u00eda Mart\u00edn Guzm\u00e1n<\/figcaption><\/figure>\n<p><span style=\"font-weight: 400;\">Sumado a lo anterior, Guzm\u00e1n anticip\u00f3 que lo que deben hacer como gobierno \u201c<\/span><b>es fortalecer el mercado de capitales, favoreciendo el desarrollo de los sectores con capacidad de generaci\u00f3n de divisas en nuestra econom\u00eda<\/b><span style=\"font-weight: 400;\">\u201d.<\/span><\/p>\n<p><span style=\"font-weight: 400;\">Asimismo, a pesar de estar de acuerdo en lo estructural, el ministro dijo que no exist\u00eda el mismo nivel de consenso en todos los puntos. \u201cEl sendero fiscal es el punto donde no hay acuerdo\u201d, aclar\u00f3. De todas formas, as\u00ed se consiguiera el consenso propuesto por el Gobierno Nacional, \u201clo que debemos entender es que en t\u00e9rminos absolutos <\/span><b>no existe un buen acuerdo<\/b><span style=\"font-weight: 400;\"> porque el mundo no cuenta hoy con opciones que nos permitan poder generar un perfil m\u00e1s suave, m\u00e1s distribuido en el tiempo\u201d, sentenci\u00f3 el ministro.<\/span><\/p>\n<p><span style=\"color: #ff9900;\"><strong>Diferencia de los Gobernadores<\/strong><\/span><\/p>\n<p><span style=\"font-weight: 400;\">Luego de la exposici\u00f3n, algunos gobernadores tomaron la palabra para exponer sus posiciones al respecto, entre los cuales destacamos los siguientes:\u00a0<\/span><\/p>\n<figure id=\"attachment_4958\" aria-describedby=\"caption-attachment-4958\" style=\"width: 1000px\" class=\"wp-caption aligncenter\"><img loading=\"lazy\" decoding=\"async\" class=\"size-full wp-image-4958\" src=\"https:\/\/tribunavm.com.ar\/wp-content\/uploads\/2022\/01\/Jorge-Capitanich.jpg\" alt=\"\" width=\"1000\" height=\"689\" srcset=\"https:\/\/tribunavm.com.ar\/wp-content\/uploads\/2022\/01\/Jorge-Capitanich.jpg 1000w, https:\/\/tribunavm.com.ar\/wp-content\/uploads\/2022\/01\/Jorge-Capitanich-300x207.jpg 300w, https:\/\/tribunavm.com.ar\/wp-content\/uploads\/2022\/01\/Jorge-Capitanich-768x529.jpg 768w, https:\/\/tribunavm.com.ar\/wp-content\/uploads\/2022\/01\/Jorge-Capitanich-750x517.jpg 750w\" sizes=\"(max-width: 1000px) 100vw, 1000px\" \/><figcaption id=\"caption-attachment-4958\" class=\"wp-caption-text\">Jorge Capitanich, gobernador de la provincia del Chaco<\/figcaption><\/figure>\n<p><span style=\"font-weight: 400;\">Jorge Capitanich, gobernador de Chaco, dijo que \u201ceste endeudamiento fue absolutamente irresponsable\u201d generando \u201c<\/span><b>88.000 millones de fuga de capitales que fueron motorizados por los mismos fondos de inversi\u00f3n que son los que generan financiamiento para aumentar su tasa de rentabilidad a costa de los pueblos y a costa de nuestra situaci\u00f3n y vulnerabilidad social. <\/b><span style=\"font-weight: 400;\">Las consecuencias la estamos pagando hoy y la vamos a seguir pagando a futuro\u201d.<\/span><\/p>\n<figure id=\"attachment_4959\" aria-describedby=\"caption-attachment-4959\" style=\"width: 950px\" class=\"wp-caption aligncenter\"><img loading=\"lazy\" decoding=\"async\" class=\"size-full wp-image-4959\" src=\"https:\/\/tribunavm.com.ar\/wp-content\/uploads\/2022\/01\/axel-kicillof-20211013-1244316.jpg\" alt=\"\" width=\"950\" height=\"534\" srcset=\"https:\/\/tribunavm.com.ar\/wp-content\/uploads\/2022\/01\/axel-kicillof-20211013-1244316.jpg 950w, https:\/\/tribunavm.com.ar\/wp-content\/uploads\/2022\/01\/axel-kicillof-20211013-1244316-300x169.jpg 300w, https:\/\/tribunavm.com.ar\/wp-content\/uploads\/2022\/01\/axel-kicillof-20211013-1244316-768x432.jpg 768w, https:\/\/tribunavm.com.ar\/wp-content\/uploads\/2022\/01\/axel-kicillof-20211013-1244316-750x422.jpg 750w\" sizes=\"(max-width: 950px) 100vw, 950px\" \/><figcaption id=\"caption-attachment-4959\" class=\"wp-caption-text\">Axel Kiccilof, gobernador de la provincia de Buenos Aires<\/figcaption><\/figure>\n<p><span style=\"font-weight: 400;\">Por su lado, Axel Kiccilof, gobernador de la provincia de Buenos Aires, coment\u00f3 que \u201cla dominancia fiscal, la b\u00fasqueda permanente de un ajuste monetario y fiscal, ni trajo m\u00e1s confianza, ni domin\u00f3 la inflaci\u00f3n, menos todav\u00eda gener\u00f3 inversiones, y ni hablar que no gener\u00f3 trabajo ni crecimiento\u201d. Ante la posici\u00f3n de algunos pa\u00edses contra la postura de la Argentina, que seg\u00fan dijo \u201cson siempre los mismos, empezando por Estados Unidos\u201d, sostuvo que \u201csi estos pa\u00edses tienen la posibilidad de trabar el acuerdo cabe revisar la estrategia\u201d. \u201cSi el mismo FMI, con la misma filosof\u00eda, nos trata de imponer este nuevo acuerdo con el poder de veto y con la capacidad de voto de algunos pa\u00edses (&#8230;) estamos frente a una dificultad que merece un tratamiento profundo y mucha unidad nacional. <\/span><b>No puede ser que un cr\u00e9dito mal otorgado de manera ilegal, fuera del estatuto del propio Fondo, absolutamente desmesurado y fracasado,<\/b> <b>ahora nos lleva a una apariencia de soluci\u00f3n donde la propia dureza en la misma l\u00ednea de fondo nos va a llevar a un mismo tipo de fracaso<\/b><span style=\"font-weight: 400;\">\u201d, asumi\u00f3 el gobernador.<\/span><\/p>\n<figure id=\"attachment_4960\" aria-describedby=\"caption-attachment-4960\" style=\"width: 750px\" class=\"wp-caption aligncenter\"><img loading=\"lazy\" decoding=\"async\" class=\"size-full wp-image-4960\" src=\"https:\/\/tribunavm.com.ar\/wp-content\/uploads\/2022\/01\/sss-750x480-1.png\" alt=\"\" width=\"750\" height=\"480\" srcset=\"https:\/\/tribunavm.com.ar\/wp-content\/uploads\/2022\/01\/sss-750x480-1.png 750w, https:\/\/tribunavm.com.ar\/wp-content\/uploads\/2022\/01\/sss-750x480-1-300x192.png 300w\" sizes=\"(max-width: 750px) 100vw, 750px\" \/><figcaption id=\"caption-attachment-4960\" class=\"wp-caption-text\">Alberto Rodr\u00edguez Sa\u00e1, gobernador de la provincia de San Luis<\/figcaption><\/figure>\n<p><span style=\"font-weight: 400;\">Por otro lado, Alberto Rodriguez Sa\u00e1, gobernador de San Luis, expres\u00f3 su rechazo a la estrategia del Gobierno nacional. \u201cEn Argentina, el se\u00f1or macri y su gobierno duplicaron la deuda externa que se contrajo, la mayor\u00eda de ella ileg\u00edtima, ilegal, arbitraria y odiosa\u201d, coment\u00f3. Y continu\u00f3: \u201c<\/span><b>ese pr\u00e9stamo con el FMI fue una estafa y se us\u00f3 como apariencia legal para producir una fuga de capitales que se comi\u00f3 los 44.000 millones m\u00e1s otros 50.000 millones extra. Con la plata de la deuda externa, que se sepa no se realiz\u00f3 ni una alcantarilla, ni un cord\u00f3n cuneta, ni una escuela, nada. Esa es la deuda externa, absolutamente para condenar al pueblo a la miseria, que no tiene ning\u00fan beneficio para el pueblo argentino<\/b><span style=\"font-weight: 400;\">\u201d<\/span><\/p>\n<p><span style=\"font-weight: 400;\">Respecto a la estrategia planteada, manifest\u00f3 no estar de acuerdo con el camino, ya que \u201c<\/span><b>negociar con el FMI con la cat\u00e1strofe que significa los a\u00f1os que vienen y la condenaci\u00f3n a futuras generaciones y no denunciar como una deuda odiosa, una estafa, es un camino equivocado que no comparto. No estoy de acuerdo con el acuerdo con los bonistas privados, no estoy de acuerdo con que se haya fijado para dirimir los problemas de la deuda a un tribunal con pr\u00f3rroga de jurisdicci\u00f3n a Nueva York, esa es una p\u00e9rdida de soberan\u00eda incre\u00edble. No estoy de acuerdo con que se haya establecido un nuevo Plan Brady<\/b><span style=\"font-weight: 400;\">\u201d<\/span><b>.<\/b><span style=\"font-weight: 400;\">\u00a0<\/span><\/p>\n<p><span style=\"font-weight: 400;\">Por ello, como propuesta dijo que \u201cel camino es denunciar la estafa\u201d y puede llevarse a cabo con \u201clo que pide el FMI que tiene que haber un consenso generalizado, y legitimidad sobre lo que se hable, puede ser el <\/span><b>camino en que el pueblo Argentino elija en denunciar que esto es una estafa o el camino de la negociaci\u00f3n con el fondo tal cual lo est\u00e1 planteando el gobierno. Que el pueblo elija, \u00bfmayor consenso que eso? Es una consulta popular que va a entender el pueblo entero, una consulta popular donde el pueblo elija entre los dos caminos<\/b><span style=\"font-weight: 400;\">\u201d<\/span><b>.<\/b><span style=\"font-weight: 400;\">\u00a0<\/span><\/p>\n<p><span style=\"font-weight: 400;\">\u201cAprovechemos el crecimiento previsto para este a\u00f1o para que podamos terminar con la pobreza, el empleo de calidad y los jubilados, tres grandes deudas internas entre otras que est\u00e1n primero que la odiosa deuda externa\u201d, sentenci\u00f3 el gobernador.<\/span><\/p>\n<\/div>\n<\/div>\n<div><\/div>\n","protected":false},"excerpt":{"rendered":"<p>\u00a0\u201cCuando se alcance un acuerdo, lo que deber\u00eda ocurrir, es que el FMI nos d\u00e9 el financiamiento para pagarle al mismo FMI las deudas\u201d, dijo el ministro Guzm\u00e1n ayer en la reuni\u00f3n con los gobernadores. Ayer se realiz\u00f3 una reuni\u00f3n convocada por el Gobierno Nacional para discutir con los gobernadores la negociaci\u00f3n con el Fondo [&hellip;]<\/p>\n","protected":false},"author":2,"featured_media":4961,"comment_status":"open","ping_status":"open","sticky":false,"template":"","format":"standard","meta":{"_exactmetrics_skip_tracking":false,"_exactmetrics_sitenote_active":false,"_exactmetrics_sitenote_note":"","_exactmetrics_sitenote_category":0,"jnews-multi-image_gallery":[],"jnews_single_post":{"source_name":"","source_url":"","via_name":"","via_url":"","override_template":"0","override":[{"template":"1","single_blog_custom":"","parallax":"1","fullscreen":"1","layout":"right-sidebar","sidebar":"default-sidebar","second_sidebar":"default-sidebar","sticky_sidebar":"1","share_position":"top","share_float_style":"share-monocrhome","show_share_counter":"1","show_view_counter":"1","show_featured":"1","show_post_meta":"1","show_post_author":"1","show_post_author_image":"1","show_post_date":"1","post_date_format":"default","post_date_format_custom":"Y\/m\/d","show_post_category":"1","show_post_reading_time":"0","post_reading_time_wpm":"300","show_zoom_button":"0","zoom_button_out_step":"2","zoom_button_in_step":"3","show_post_tag":"1","show_prev_next_post":"1","show_popup_post":"1","number_popup_post":"1","show_author_box":"0","show_post_related":"0","show_inline_post_related":"0"}],"override_image_size":"0","image_override":[{"single_post_thumbnail_size":"crop-500","single_post_gallery_size":"crop-500"}],"trending_post":"0","trending_post_position":"meta","trending_post_label":"Trending","sponsored_post":"0","sponsored_post_label":"Sponsored by","sponsored_post_name":"","sponsored_post_url":"","sponsored_post_logo_enable":"0","sponsored_post_logo":"","sponsored_post_desc":""},"jnews_primary_category":{"id":"22"},"jnews_social_meta":{"fb_title":"","fb_description":"","fb_image":"","twitter_title":"","twitter_description":"","twitter_image":""},"jnews_override_counter":{"override_view_counter":"0","view_counter_number":"0","override_share_counter":"0","share_counter_number":"0","override_like_counter":"0","like_counter_number":"0","override_dislike_counter":"0","dislike_counter_number":"0"},"_joinchat":[],"footnotes":""},"categories":[22],"tags":[80,72,52,39,36],"class_list":["post-4953","post","type-post","status-publish","format-standard","has-post-thumbnail","hentry","category-actualidad","tag-deuda","tag-edicion-digital","tag-finanzas","tag-gobierno","tag-que-paso"],"_links":{"self":[{"href":"https:\/\/tribunavm.com.ar\/index.php\/wp-json\/wp\/v2\/posts\/4953"}],"collection":[{"href":"https:\/\/tribunavm.com.ar\/index.php\/wp-json\/wp\/v2\/posts"}],"about":[{"href":"https:\/\/tribunavm.com.ar\/index.php\/wp-json\/wp\/v2\/types\/post"}],"author":[{"embeddable":true,"href":"https:\/\/tribunavm.com.ar\/index.php\/wp-json\/wp\/v2\/users\/2"}],"replies":[{"embeddable":true,"href":"https:\/\/tribunavm.com.ar\/index.php\/wp-json\/wp\/v2\/comments?post=4953"}],"version-history":[{"count":1,"href":"https:\/\/tribunavm.com.ar\/index.php\/wp-json\/wp\/v2\/posts\/4953\/revisions"}],"predecessor-version":[{"id":4962,"href":"https:\/\/tribunavm.com.ar\/index.php\/wp-json\/wp\/v2\/posts\/4953\/revisions\/4962"}],"wp:featuredmedia":[{"embeddable":true,"href":"https:\/\/tribunavm.com.ar\/index.php\/wp-json\/wp\/v2\/media\/4961"}],"wp:attachment":[{"href":"https:\/\/tribunavm.com.ar\/index.php\/wp-json\/wp\/v2\/media?parent=4953"}],"wp:term":[{"taxonomy":"category","embeddable":true,"href":"https:\/\/tribunavm.com.ar\/index.php\/wp-json\/wp\/v2\/categories?post=4953"},{"taxonomy":"post_tag","embeddable":true,"href":"https:\/\/tribunavm.com.ar\/index.php\/wp-json\/wp\/v2\/tags?post=4953"}],"curies":[{"name":"wp","href":"https:\/\/api.w.org\/{rel}","templated":true}]}}