{"id":4973,"date":"2022-01-28T21:25:52","date_gmt":"2022-01-28T21:25:52","guid":{"rendered":"https:\/\/tribunavm.com.ar\/?p=4973"},"modified":"2022-01-28T21:35:36","modified_gmt":"2022-01-28T21:35:36","slug":"el-gobierno-anuncio-un-nuevo-acuerdo-con-el-fmi","status":"publish","type":"post","link":"https:\/\/tribunavm.com.ar\/index.php\/2022\/01\/28\/el-gobierno-anuncio-un-nuevo-acuerdo-con-el-fmi\/","title":{"rendered":"El Gobierno anunci\u00f3 un nuevo acuerdo con el FMI"},"content":{"rendered":"<div class=\"row clearfix\">\n<div class=\"col-md-8\">\n<div class=\"intro-text\">\n<p><span style=\"font-weight: 400;\">A pesar de las movilizaciones y reclamos para cancelar el pago de la deuda, el gobierno anunci\u00f3 un nuevo acuerdo para cumplir con los compromisos asumidos con el organismo de cr\u00e9dito.<\/span><\/p>\n<\/div>\n<p><span style=\"font-weight: 400;\"><span class=\"dropcap \" style=\"background-color: #ffffff; color: #dd9933; border-color: #ffffff;\">A<\/span>yer la Autoconvocatoria por la Suspensi\u00f3n del Pago e Investigaci\u00f3n de la Deuda junto a otras organizaciones, partidos pol\u00edticos y sindicatos llev\u00f3 a cabo movilizaciones y concentraciones en varios puntos del pa\u00eds con la consigna <\/span><span style=\"color: #000000;\"><a style=\"color: #000000;\" href=\"https:\/\/autoconvocatoriadeuda.blogspot.com\/2022\/01\/ante-los-proximos-vencimientos-primero.html\"><b>Primero lo Primero: \u00a1Ni UN d\u00f3lar m\u00e1s al FMI!<\/b><\/a><span style=\"font-weight: 400;\">.<\/span><\/span><\/p>\n<p><span style=\"font-weight: 400;\">Ver: <\/span><span style=\"color: #ff9900;\"><a style=\"color: #ff9900;\" href=\"https:\/\/tribunavm.com.ar\/index.php\/2022\/01\/06\/argentina-pedira-otro-prestamo-al-fmi-para-financiar-la-deuda-con-el-organismo\/\"><span style=\"font-weight: 400;\">Argentina pedir\u00e1 otro pr\u00e9stamo al FMI para financiar la deuda con el organismo<\/span><\/a><\/span><\/p>\n<p><span style=\"font-weight: 400;\">Seg\u00fan la p\u00e1gina oficial de la Autoconvocatoria \u201cexigen hoy (27.01) al Gobierno Nacional el desconocimiento de los pr\u00f3ximos \u201cvencimientos\u201d reclamados por el FMI por m\u00e1s de mil millones de d\u00f3lares\u201d. Con la <\/span><a href=\"https:\/\/autoconvocatoriadeuda.blogspot.com\/2022\/01\/primero-lo-primero-ni-un-dolar-mas-al.html\"><span style=\"font-weight: 400;\"><span style=\"color: #ff9900;\">firma de m\u00e1s de 700 organizaciones y referentes populares<\/span><\/span><\/a><span style=\"font-weight: 400;\"> las acciones se convocaron en CABA, Chaco, C\u00f3rdoba Capital, R\u00edo Cuarto, Jujuy, Mar del Plata, Rosario, Salta, Tucum\u00e1n, entre otros.<\/span><\/p>\n<p><span style=\"font-weight: 400;\">\u201cNI UN D\u00d3LAR M\u00c1S debe sustraerse de las necesidades del pueblo argentino, para pagar lo que ni siquiera es una deuda nuestra,\u201d se\u00f1ala el texto. \u201cPagar implica convalidar la estafa y la impunidad, malversando el patrimonio del pueblo y concediendo al FMI potestad para imponer cada vez m\u00e1s ajuste y condiciones. Pero hay alternativa: NO pagar la estafa\u201d, sentencia.<\/span><\/p>\n<p><span style=\"font-weight: 400;\">Ver: <\/span><span style=\"color: #ff9900;\"><a style=\"color: #ff9900;\" href=\"https:\/\/tribunavm.com.ar\/index.php\/2021\/12\/13\/marcha-contra-el-fmi\/\"><span style=\"font-weight: 400;\">Marcha contra el FMI<\/span><\/a><\/span><\/p>\n<p><span style=\"font-weight: 400;\">La declaraci\u00f3n cont\u00f3 con las firmas del Premio Nobel de la Paz Adolfo P\u00e9rez Esquivel, la Madre de Plaza de Mayo Nora Corti\u00f1as, el ex juez federal de C\u00f3rdoba Miguel Julio Rodr\u00edguez Villafa\u00f1e, entre otras personalidades y referentes. Adem\u00e1s de cientos de organizaciones y jueces y juezas del Juicio Popular a la Deuda y al FMI desarrollado en 2020. \u00c9ste \u00faltimo <\/span><b>calific\u00f3 a la deuda y el acuerdo con el Fondo como cr\u00edmenes econ\u00f3micos de lesa humanidad y de lesa naturaleza y plante\u00f3 su nulidad<\/b><span style=\"font-weight: 400;\">.\u00a0<\/span><\/p>\n<a href=\"https:\/\/tribunavm.com.ar\/wp-content\/uploads\/2022\/01\/FALLO-JUICIO-POPULAR-A-LA-DEUDA-Y-AL-FMI.pdf\" class=\"pdfemb-viewer\" style=\"width:600px;height:900px;\" data-width=\"600\" data-height=\"900\" data-toolbar=\"bottom\" data-toolbar-fixed=\"off\">FALLO JUICIO POPULAR A LA DEUDA Y AL FMI<\/a>\n<p>&nbsp;<\/p>\n<p><span style=\"color: #ff9900;\"><b>El cuento del FMI<\/b><\/span><\/p>\n<p><span style=\"font-weight: 400;\">Hoy durante la ma\u00f1ana el presidente Alberto Fernandez anunci\u00f3 un nuevo acuerdo con el FMI en v\u00edsperas de un pago a realizar de m\u00e1s de 700 millones de d\u00f3lares al organismo. En el mensaje transmitido por televisi\u00f3n dijo que \u201ceste acuerdo no contempla restricciones que postergue nuestro desarrollo\u201d. Adem\u00e1s, \u201c\u201dvamos a poder acceder a nuevos financiamientos\u201d, aclar\u00f3.<\/span><\/p>\n<p><img loading=\"lazy\" decoding=\"async\" class=\"aligncenter size-jnews-750x536 wp-image-4975\" src=\"https:\/\/tribunavm.com.ar\/wp-content\/uploads\/2022\/01\/27W3KDQ3TJHIRORKI6EBN5J73Y-750x432.jpg\" alt=\"\" width=\"750\" height=\"432\" \/><\/p>\n<p><span style=\"font-weight: 400;\">\u201cEste acuerdo no nos condiciona y podremos llevar adelante nuestra soberan\u00eda. Es un acuerdo basado en la confianza del mundo con nuestras posibilidades\u201d, agreg\u00f3 el mandatario.\u00a0<\/span><\/p>\n<p><span style=\"font-weight: 400;\">\u201cTen\u00edamos una deuda impagable que nos dejaba sin presente y sin futuro y ahora tenemos una acuerdo razonable que nos va a permitir crecer y <\/span><b>cumplir con nuestras obligaciones<\/b><span style=\"font-weight: 400;\">\u201d dijo Fern\u00e1ndez en la conferencia de 3 minutos.\u00a0<\/span><\/p>\n<p><span style=\"font-weight: 400;\">Luego, el jefe de Gabinete, Juan Manzur, y el ministro de Econom\u00eda, Mart\u00edn Guzm\u00e1n, ampliaron la informaci\u00f3n sobre el acuerdo que ser\u00e1 presentado al Congreso de la Naci\u00f3n para su tratamiento y aprobaci\u00f3n. Con el mismo,<\/span><b> el FMI realizar\u00eda una revisi\u00f3n trimestral de los objetivos acordados y, luego de su aprobaci\u00f3n, liberar\u00eda los recursos para pagar su propia deuda<\/b><span style=\"font-weight: 400;\">.<\/span><\/p>\n<p><span style=\"font-weight: 400;\">El jefe de Gabinete dijo que \u201csiempre hubo vocaci\u00f3n y decisi\u00f3n pol\u00edtica de acordar, lo \u00fanico que buscaba nuestro Gobierno es que este acuerdo no impida el crecimiento, seguir hacia adelante en el proceso de recuperaci\u00f3n acelerado que hoy est\u00e1 viviendo la Argentina\u201d.<\/span><\/p>\n<p><span style=\"font-weight: 400;\">Por su parte, Guzm\u00e1n dijo que \u201cse logr\u00f3 que Argentina pueda llegar a un acuerdo de pol\u00edticas con el FMI sin que haya pol\u00edticas de ajuste\u201d. Sin embargo, <\/span><b>se acat\u00f3 la petici\u00f3n del Fondo respecto a reducir el d\u00e9ficit fiscal, que implica una reducci\u00f3n del gasto p\u00fablico en algunas \u00e1reas<\/b><span style=\"font-weight: 400;\">.<\/span><\/p>\n<p><span style=\"font-weight: 400;\">Adem\u00e1s, acordaron \u201cuna estructura de tasas de inter\u00e9s reales que redunde en valores positivos\u201d, o sea, aumentar los retornos (ganancias) de las letras y bonos emitidas por el Estado hacia los Fondos de Inversi\u00f3n.<\/span><\/p>\n<p><span style=\"font-weight: 400;\">&#8220;Empezamos en un lugar da\u00f1ino y terminamos en un lugar razonable. Una alternativa era un salto a lo desconocido, a la incertidumbre, sin garant\u00edas. <\/span><b>Se lleg\u00f3 al mejor acuerdo que se pod\u00eda lograr<\/b><span style=\"font-weight: 400;\">\u201d, concluy\u00f3 el ministro.<\/span><\/p>\n<p><span style=\"color: #ff9900;\"><b>Comunicado del FMI<\/b><\/span><\/p>\n<p><span style=\"font-weight: 400;\">Unos minutos m\u00e1s tarde el Equipo del FMI public\u00f3 una <\/span><a href=\"https:\/\/www.imf.org\/es\/News\/Articles\/2022\/01\/28\/pr2218-argentina-imf-staff-statement-on-argentina\"><span style=\"font-weight: 400;\">declaraci\u00f3n<\/span><\/a><span style=\"font-weight: 400;\"> firmada por Julie Kozack, directora adjunta del Departamento del Hemisferio Occidental, y Luis Cubeddu, jefe de misi\u00f3n para Argentina, en que dicen que \u201c<\/span><b>han llegado a entendimientos sobre pol\u00edticas clave<\/b><span style=\"font-weight: 400;\">\u201d en el acuerdo con Argentina.<\/span><\/p>\n<p><span style=\"font-weight: 400;\">\u201cAcordamos que una estrategia para <\/span><b>reducir los subsidios a la energ\u00eda de manera progresiva<\/b><span style=\"font-weight: 400;\"> ser\u00e1 fundamental para mejorar la composici\u00f3n del gasto p\u00fablico\u201d, comenta la declaraci\u00f3n.<\/span><\/p>\n<p><span style=\"font-weight: 400;\">Tambi\u00e9n llegaron a un entendimiento con el \u201cobjetivo a<\/span><b>segurar tasas de inter\u00e9s reales positivas<\/b><span style=\"font-weight: 400;\"> para respaldar el financiamiento interno y fortalecer la estabilidad\u201d. Esto apunta a aumentar las ganancias de los acreedores de la deuda externa privada, tal como lo dijo el ministro Guzm\u00e1n.<\/span><\/p>\n<p><span style=\"font-weight: 400;\">Adem\u00e1s, acordaron un \u201c<\/span><b>apoyo financiero adicional de los socios Internacionales de Argentina<\/b><span style=\"font-weight: 400;\"> ayudar\u00eda a reforzar la resiliencia externa del pa\u00eds\u201d, o sea, m\u00e1s deuda por parte de otros organismos de cr\u00e9dito internacionales.<\/span><\/p>\n<\/div>\n<\/div>\n","protected":false},"excerpt":{"rendered":"<p>A pesar de las movilizaciones y reclamos para cancelar el pago de la deuda, el gobierno anunci\u00f3 un nuevo acuerdo para cumplir con los compromisos asumidos con el organismo de cr\u00e9dito. Ayer la Autoconvocatoria por la Suspensi\u00f3n del Pago e Investigaci\u00f3n de la Deuda junto a otras organizaciones, partidos pol\u00edticos y sindicatos llev\u00f3 a cabo [&hellip;]<\/p>\n","protected":false},"author":2,"featured_media":4976,"comment_status":"open","ping_status":"open","sticky":false,"template":"","format":"standard","meta":{"_exactmetrics_skip_tracking":false,"_exactmetrics_sitenote_active":false,"_exactmetrics_sitenote_note":"","_exactmetrics_sitenote_category":0,"jnews-multi-image_gallery":[],"jnews_single_post":{"source_name":"","source_url":"","via_name":"","via_url":"","override_template":"0","override":[{"template":"1","single_blog_custom":"","parallax":"1","fullscreen":"1","layout":"right-sidebar","sidebar":"default-sidebar","second_sidebar":"default-sidebar","sticky_sidebar":"1","share_position":"top","share_float_style":"share-monocrhome","show_share_counter":"1","show_view_counter":"1","show_featured":"1","show_post_meta":"1","show_post_author":"1","show_post_author_image":"1","show_post_date":"1","post_date_format":"default","post_date_format_custom":"Y\/m\/d","show_post_category":"1","show_post_reading_time":"0","post_reading_time_wpm":"300","show_zoom_button":"0","zoom_button_out_step":"2","zoom_button_in_step":"3","show_post_tag":"1","show_prev_next_post":"1","show_popup_post":"1","number_popup_post":"1","show_author_box":"0","show_post_related":"0","show_inline_post_related":"0"}],"override_image_size":"0","image_override":[{"single_post_thumbnail_size":"crop-500","single_post_gallery_size":"crop-500"}],"trending_post":"0","trending_post_position":"meta","trending_post_label":"Trending","sponsored_post":"0","sponsored_post_label":"Sponsored by","sponsored_post_name":"","sponsored_post_url":"","sponsored_post_logo_enable":"0","sponsored_post_logo":"","sponsored_post_desc":""},"jnews_primary_category":{"id":"22"},"jnews_social_meta":{"fb_title":"","fb_description":"","fb_image":"","twitter_title":"","twitter_description":"","twitter_image":""},"jnews_override_counter":{"override_view_counter":"0","view_counter_number":"0","override_share_counter":"0","share_counter_number":"0","override_like_counter":"0","like_counter_number":"0","override_dislike_counter":"0","dislike_counter_number":"0"},"_joinchat":[],"footnotes":""},"categories":[22],"tags":[80,72,39],"class_list":["post-4973","post","type-post","status-publish","format-standard","has-post-thumbnail","hentry","category-actualidad","tag-deuda","tag-edicion-digital","tag-gobierno"],"_links":{"self":[{"href":"https:\/\/tribunavm.com.ar\/index.php\/wp-json\/wp\/v2\/posts\/4973"}],"collection":[{"href":"https:\/\/tribunavm.com.ar\/index.php\/wp-json\/wp\/v2\/posts"}],"about":[{"href":"https:\/\/tribunavm.com.ar\/index.php\/wp-json\/wp\/v2\/types\/post"}],"author":[{"embeddable":true,"href":"https:\/\/tribunavm.com.ar\/index.php\/wp-json\/wp\/v2\/users\/2"}],"replies":[{"embeddable":true,"href":"https:\/\/tribunavm.com.ar\/index.php\/wp-json\/wp\/v2\/comments?post=4973"}],"version-history":[{"count":2,"href":"https:\/\/tribunavm.com.ar\/index.php\/wp-json\/wp\/v2\/posts\/4973\/revisions"}],"predecessor-version":[{"id":4978,"href":"https:\/\/tribunavm.com.ar\/index.php\/wp-json\/wp\/v2\/posts\/4973\/revisions\/4978"}],"wp:featuredmedia":[{"embeddable":true,"href":"https:\/\/tribunavm.com.ar\/index.php\/wp-json\/wp\/v2\/media\/4976"}],"wp:attachment":[{"href":"https:\/\/tribunavm.com.ar\/index.php\/wp-json\/wp\/v2\/media?parent=4973"}],"wp:term":[{"taxonomy":"category","embeddable":true,"href":"https:\/\/tribunavm.com.ar\/index.php\/wp-json\/wp\/v2\/categories?post=4973"},{"taxonomy":"post_tag","embeddable":true,"href":"https:\/\/tribunavm.com.ar\/index.php\/wp-json\/wp\/v2\/tags?post=4973"}],"curies":[{"name":"wp","href":"https:\/\/api.w.org\/{rel}","templated":true}]}}