{"id":5015,"date":"2022-02-14T03:37:36","date_gmt":"2022-02-14T03:37:36","guid":{"rendered":"https:\/\/tribunavm.com.ar\/?p=5015"},"modified":"2022-02-14T03:37:36","modified_gmt":"2022-02-14T03:37:36","slug":"petroleros-piden-aumento-salarial","status":"publish","type":"post","link":"https:\/\/tribunavm.com.ar\/index.php\/2022\/02\/14\/petroleros-piden-aumento-salarial\/","title":{"rendered":"Petroleros piden aumento salarial"},"content":{"rendered":"<div class=\"row clearfix\">\n<div class=\"col-md-8\">\n<div class=\"intro-text\">\n<p><span style=\"font-weight: 400;\">Ante la inminencia del paro se dict\u00f3 la conciliaci\u00f3n obligatoria por parte del Ministerio de Trabajo.\u00a0<\/span><\/p>\n<\/div>\n<p><span style=\"font-weight: 400;\"><span class=\"dropcap \" style=\"background-color: #ffffff; color: #dd9933; border-color: #ffffff;\">E<\/span>l conflicto iniciado por los petroleros ocurri\u00f3 la semana pasada, luego de que un plenario de los cuerpos org\u00e1nicos y delegados gremiales, instrumentar\u00e1 a realizar medidas de fuerza por recomposici\u00f3n salarial.<\/span><\/p>\n<p><span style=\"font-weight: 400;\">Al paro se iba a sumar un bloqueo de YPF, que seg\u00fan el vocero del sindicato privado de petroleros, es \u201cla operadora que menos comprometida est\u00e1 con la Cuenca\u201d petrolera.<\/span><\/p>\n<p><span style=\"font-weight: 400;\">Anteriormente, representantes del Sindicato del Petr\u00f3leo y Gas Privado de R\u00edo Negro, Neuqu\u00e9n y La Pampa se hab\u00edan encontrado para negociar con la C\u00e1mara de Empresas Productoras de Hidrocarburos (CEPH) y la C\u00e1mara de Empresas de Operaciones Petroleras Especiales (CEOPE). Pero no hubo conformidad con las propuestas.\u00a0<\/span><\/p>\n<p><span style=\"font-weight: 400;\">\u201cEsto no se arregla si no demostramos nuestra fuerza, vamos al paro a partir de ahora\u201d, hab\u00eda expresado el titular del gremio, Marcelo Rucci, en asamblea.<\/span><\/p>\n<p><span style=\"font-weight: 400;\">As\u00ed lo confirm\u00f3 esta tarde el Tesorero del Sindicato del Petr\u00f3leo y Gas Privado del Chubut, H\u00e9ctor Millar, quien explic\u00f3 que el encuentro general se dio a ra\u00edz de lo transmitido por el Secretario General acerca del fracaso de la negociaci\u00f3n paritaria del \u00faltimo jueves en la Ciudad Aut\u00f3noma de Buenos Aires.<\/span><\/p>\n<p><span style=\"font-weight: 400;\">En ese marco, el dirigente indic\u00f3 que \u2018Loma\u2019 \u00c1vila convoco el mencionado Plenario de los Cuerpos Org\u00e1nicos, en el que se resolvi\u00f3 instrumentar medidas de acci\u00f3n directa a partir de la conclusi\u00f3n de la jornada dominical, que se dar\u00e1 en todos los Yacimientos con la paralizaci\u00f3n de todo tipo de actividad dentro de los mismos.<\/span><\/p>\n<p><span style=\"font-weight: 400;\">As\u00ed, la jornada del lunes 7 de febrero comenzar\u00e1 sin actividad, ante lo cual Millar mencion\u00f3 que \u201ca eso se agregar\u00e1 una movilizaci\u00f3n de personal hacia YPF, que es la Operadora que menos comprometida est\u00e1 con la Cuenca\u201d, aclarando que ello se dar\u00e1 desde las 11 de la ma\u00f1ana de ese d\u00eda con la presencia de todas las empresas contratistas en la Sede que tiene la compa\u00f1\u00eda de Bandera en la zona norte de Comodoro Rivadavia.<\/span><\/p>\n<p><span style=\"font-weight: 400;\">\u201cEl Plenario brind\u00f3 su total respaldo tanto por parte de la Comisi\u00f3n Directiva como por el del Cuerpo de Delegados de la Instituci\u00f3n, al Secretario General Jorge \u00c1vila para seguir llevando adelante cualquier discusi\u00f3n para la mejora salarial para los Trabajadores Petroleros\u201d, concluy\u00f3.<\/span><\/p>\n<\/div>\n<\/div>\n","protected":false},"excerpt":{"rendered":"<p>Ante la inminencia del paro se dict\u00f3 la conciliaci\u00f3n obligatoria por parte del Ministerio de Trabajo.\u00a0 El conflicto iniciado por los petroleros ocurri\u00f3 la semana pasada, luego de que un plenario de los cuerpos org\u00e1nicos y delegados gremiales, instrumentar\u00e1 a realizar medidas de fuerza por recomposici\u00f3n salarial. Al paro se iba a sumar un bloqueo [&hellip;]<\/p>\n","protected":false},"author":2,"featured_media":5016,"comment_status":"open","ping_status":"open","sticky":false,"template":"","format":"standard","meta":{"_exactmetrics_skip_tracking":false,"_exactmetrics_sitenote_active":false,"_exactmetrics_sitenote_note":"","_exactmetrics_sitenote_category":0,"jnews-multi-image_gallery":[],"jnews_single_post":{"source_name":"","source_url":"","via_name":"","via_url":"","override_template":"0","override":[{"template":"1","single_blog_custom":"","parallax":"1","fullscreen":"1","layout":"right-sidebar","sidebar":"default-sidebar","second_sidebar":"default-sidebar","sticky_sidebar":"1","share_position":"top","share_float_style":"share-monocrhome","show_share_counter":"1","show_view_counter":"1","show_featured":"1","show_post_meta":"1","show_post_author":"1","show_post_author_image":"1","show_post_date":"1","post_date_format":"default","post_date_format_custom":"Y\/m\/d","show_post_category":"1","show_post_reading_time":"0","post_reading_time_wpm":"300","show_zoom_button":"0","zoom_button_out_step":"2","zoom_button_in_step":"3","show_post_tag":"1","show_prev_next_post":"1","show_popup_post":"1","number_popup_post":"1","show_author_box":"0","show_post_related":"0","show_inline_post_related":"0"}],"override_image_size":"0","image_override":[{"single_post_thumbnail_size":"crop-500","single_post_gallery_size":"crop-500"}],"trending_post":"0","trending_post_position":"meta","trending_post_label":"Trending","sponsored_post":"0","sponsored_post_label":"Sponsored by","sponsored_post_name":"","sponsored_post_url":"","sponsored_post_logo_enable":"0","sponsored_post_logo":"","sponsored_post_desc":""},"jnews_primary_category":{"id":"22"},"jnews_social_meta":{"fb_title":"","fb_description":"","fb_image":"","twitter_title":"","twitter_description":"","twitter_image":""},"jnews_override_counter":{"override_view_counter":"0","view_counter_number":"0","override_share_counter":"0","share_counter_number":"0","override_like_counter":"0","like_counter_number":"0","override_dislike_counter":"0","dislike_counter_number":"0"},"_joinchat":[],"footnotes":""},"categories":[22],"tags":[227,35],"class_list":["post-5015","post","type-post","status-publish","format-standard","has-post-thumbnail","hentry","category-actualidad","tag-edicion-82","tag-trabajadores"],"_links":{"self":[{"href":"https:\/\/tribunavm.com.ar\/index.php\/wp-json\/wp\/v2\/posts\/5015"}],"collection":[{"href":"https:\/\/tribunavm.com.ar\/index.php\/wp-json\/wp\/v2\/posts"}],"about":[{"href":"https:\/\/tribunavm.com.ar\/index.php\/wp-json\/wp\/v2\/types\/post"}],"author":[{"embeddable":true,"href":"https:\/\/tribunavm.com.ar\/index.php\/wp-json\/wp\/v2\/users\/2"}],"replies":[{"embeddable":true,"href":"https:\/\/tribunavm.com.ar\/index.php\/wp-json\/wp\/v2\/comments?post=5015"}],"version-history":[{"count":1,"href":"https:\/\/tribunavm.com.ar\/index.php\/wp-json\/wp\/v2\/posts\/5015\/revisions"}],"predecessor-version":[{"id":5017,"href":"https:\/\/tribunavm.com.ar\/index.php\/wp-json\/wp\/v2\/posts\/5015\/revisions\/5017"}],"wp:featuredmedia":[{"embeddable":true,"href":"https:\/\/tribunavm.com.ar\/index.php\/wp-json\/wp\/v2\/media\/5016"}],"wp:attachment":[{"href":"https:\/\/tribunavm.com.ar\/index.php\/wp-json\/wp\/v2\/media?parent=5015"}],"wp:term":[{"taxonomy":"category","embeddable":true,"href":"https:\/\/tribunavm.com.ar\/index.php\/wp-json\/wp\/v2\/categories?post=5015"},{"taxonomy":"post_tag","embeddable":true,"href":"https:\/\/tribunavm.com.ar\/index.php\/wp-json\/wp\/v2\/tags?post=5015"}],"curies":[{"name":"wp","href":"https:\/\/api.w.org\/{rel}","templated":true}]}}