{"id":5067,"date":"2022-02-28T03:03:44","date_gmt":"2022-02-28T03:03:44","guid":{"rendered":"https:\/\/tribunavm.com.ar\/?p=5067"},"modified":"2022-03-01T12:38:50","modified_gmt":"2022-03-01T12:38:50","slug":"notas-sobre-el-conflicto-en-ucrania","status":"publish","type":"post","link":"https:\/\/tribunavm.com.ar\/index.php\/2022\/02\/28\/notas-sobre-el-conflicto-en-ucrania\/","title":{"rendered":"Notas sobre el conflicto en Ucrania"},"content":{"rendered":"<div class=\"row clearfix\">\n<div class=\"col-md-8\">\n<div class=\"intro-text\">\n<p><span style=\"font-weight: 400;\">La tensi\u00f3n en la frontera ruso-ucraniana ha crecido en las \u00faltimas semanas. El mi\u00e9rcoles pasado las tropas rusas ingresaron en el territorio de Ucrania dejando un saldo de 240 civiles asesinados.<\/span><\/p>\n<\/div>\n<p><b><span class=\"dropcap \" style=\"background-color: #ffffff; color: #dd9933; border-color: #ffffff;\">C<\/span><\/b><span style=\"font-weight: 400;\">omo ya hemos adelantado en entregas anteriores, desde finales del 2021 la frontera ruso-ucraniana se ha convertido en un escenario de tensiones, inestabilidad y especulaciones respecto a la seguridad del este europeo y de la Federaci\u00f3n Rusa.\u00a0<\/span><\/p>\n<p><span style=\"font-weight: 400;\">A partir de noviembre de 2021, Rusia despleg\u00f3 m\u00e1s de 120.000 soldados en la frontera con Ucrania, a esto se le sumaron ejercicios militares en la pen\u00ednsula de Crimea (anexada a Rusia tras el conflicto de 2014) y env\u00edos de tropas hacia Bielorrusia, el gran aliado del Kremlin en Europa.<\/span><\/p>\n<p><span style=\"font-weight: 400;\">Hace unas semanas, Jens Stoltenberg, secretario general de la OTAN, descart\u00f3 el env\u00edo de tropas al territorio ucraniano en caso de que el conflicto escalara, aludiendo a que &#8220;Ucrania no es un aliado de la OTAN&#8221; y la &#8220;garant\u00eda de seguridad al 100 por ciento de que un ataque sobre un aliado generar\u00e1 una respuesta de toda la Alianza&#8221; no se aplica a Kiev.\u00a0<\/span><\/p>\n<p><span style=\"font-weight: 400;\">A pesar de estas declaraciones, los pa\u00edses de la alianza militar no permanecieron como meros espectadores, sino que desplegaron diversas estrategias para responder a la movilizaci\u00f3n rusa. EE.UU. envi\u00f3 tropas a los pa\u00edses de Europa del este y confirm\u00f3 el apoyo ante un conflicto que pusiera en peligro la seguridad de sus aliados. De igual manera pa\u00edses como Espa\u00f1a, Francia, Dinamarca y Pa\u00edses Bajos entre otros, han enviado tropas, aviones de combate y buques para reforzar las fuerzas navales de la OTAN en pa\u00edses como Lituania, Bulgaria y Rumania.<\/span><\/p>\n<p><span style=\"font-weight: 400;\">El conflicto en el Donb\u00e1ss entre el movimiento independentista (pro-ruso) y el ej\u00e9rcito ucraniano, que lleva 8 a\u00f1os de continuidad, alcanz\u00f3 el punto cr\u00edtico cuando, luego de ataques del gobierno de Ucrania a un pueblo de la regi\u00f3n de Lugansk, el gobierno de Vladimir Putin decide reconocer la independencia de la Rep\u00fablica Popular de Donetsk y la Rep\u00fablica Popular de Lugansk.<\/span><\/p>\n<p><span style=\"font-weight: 400;\">Pero quiz\u00e1 el d\u00eda clave haya sido el 24 de febrero, cuando el presidente de Rusia anunci\u00f3 el inicio de \u201coperaciones militares especiales\u201d, que se tradujeron en bombardeos y la posterior invasi\u00f3n terrestre que se expandi\u00f3 hasta la capital Kiev.<\/span><\/p>\n<p><span style=\"font-weight: 400;\">Frente al avance ruso sobre el territorio ucraniano, el presidente Volod\u00edmir Zelenski ha solicitado apoyo a sus \u201caliados occidentales\u201d, solicitud no respondida de forma inmediata, lo que ha dado lugar a la sensaci\u00f3n de soledad en la c\u00fapula pol\u00edtica del pa\u00eds.<\/span><\/p>\n<p><span style=\"font-weight: 400;\">En medio del conflicto, las potencias occidentales han intentado generar presiones sobre Rusia para poner fin a la invasi\u00f3n. Entre las medidas iniciadas por los pa\u00edses de la OTAN y sus aliados debemos destacar, por un lado, el intento de excluir a la Federaci\u00f3n Rusa del sistema SWIFT lo que implicar\u00eda la exclusi\u00f3n de determinados bancos rusos del sistema interbancario (medida anunciada el s\u00e1bado 26). Y, por otro, el proyecto de resoluci\u00f3n iniciado por Albania y EE.UU. en el Consejo de Seguridad para el \u201ccese inmediato\u00a0 del uso de la fuerza contra Ucrania\u201d. Cabe aclarar que dicho proyecto, apoyado por 11 pa\u00edses miembros del Consejo de Seguridad (China, India y Emiratos \u00c1rabes Unidos se abstuvieron), fue vetado por la propia Rusia.<\/span><\/p>\n<p><span style=\"color: #ff9900;\"><b>La \u201cguerra inminente\u201d y la invasi\u00f3n.<\/b><\/span><\/p>\n<p><span style=\"font-weight: 400;\">Desde el inicio de la crisis fronteriza se dieron m\u00faltiples lecturas respecto a la situaci\u00f3n. Podemos agruparlas en dos grandes vertientes. Por un lado quienes entend\u00edan que la posibilidad de la invasi\u00f3n rusa era real, el movimiento de tropas por parte de Rusia (y la respuesta de la OTAN) eran el preludio de un conflicto armado. Una posici\u00f3n apoyada en la guerra de Crimea de 2014, donde Rusia efectivamente invadi\u00f3 la pen\u00ednsula del sur de Ucrania, y por otro lado el apoyo ruso a los movimientos separatistas del este ucraniano.<\/span><\/p>\n<p><span style=\"font-weight: 400;\">Y por el otro lado, quienes comprend\u00edan que la amenaza rusa, el aumento de las tropas en la frontera, no supon\u00eda el inicio de un conflicto abierto sino que era un intento ruso de sentarse junto a la OTAN para lograr concesiones en el plano regional e internacional.<\/span><\/p>\n<p><span style=\"font-weight: 400;\">Lo cierto es que Rusia ha pretendido volver a proyectarse en el plano global y regional a lo largo de la \u00faltima d\u00e9cada, ha fortalecido su posici\u00f3n y ha intentado hacer valer la misma en este conflicto con un objetivo claro: evitar el ingreso de Ucrania a la OTAN, lo que supondr\u00eda la presencia militar de la alianza estrat\u00e9gica en un pa\u00eds lim\u00edtrofe y el cierre de un \u201ccerco anti-ruso\u201d frente a toda la frontera rusa.<\/span><\/p>\n<p><span style=\"color: #ff9900;\"><b>Intereses de fondo<\/b><\/span><\/p>\n<p><span style=\"font-weight: 400;\">En cuanto a los intereses que est\u00e1n en juego, los hilos que mueven las acciones de cada parte, podemos observar un par de elementos clave.\u00a0<\/span><\/p>\n<p><span style=\"font-weight: 400;\">El primer elemento es algo b\u00e1sico para el desarrollo econ\u00f3mico (y de la vida cotidiana) en Europa: el gas. Europa importa el 90% del gas que consume y es, pr\u00e1cticamente, dependiente de la producci\u00f3n rusa, entre el 37% y el 41% del gas importado en el viejo continente proviene de Rusia. \u00c9ste, a su vez, es el pa\u00eds con la mayor reserva de gas del mundo y el 85% de sus reservas de gas son vendidas a la Uni\u00f3n Europea. Ucrania es una tercera pata en este tema ya que el 3,8% de su PIB viene de lo que cobra a Rusia por el tr\u00e1nsito de gas hacia Europa. La cuesti\u00f3n gas\u00edfera marca las negociaciones, Europa depende del gas ruso (principalmente en el duro invierno europeo), pero pa\u00edses como Alemania tambi\u00e9n utilizan la carta de la renuncia al proyecto del gasoducto Nord Stream 2 como forma de presi\u00f3n.<\/span><\/p>\n<p><span style=\"font-weight: 400;\">Esta variable es sumamente relevante para las negociaciones, siendo uno de los principales elementos para presionar a la otra parte (la OTAN propone una suspensi\u00f3n de determinados acuerdos con Rusia, a su vez \u00e9sta tiene la carta del \u201ccierre de la llave\u201d que implicar\u00eda desabastecimiento de gas en Europa). En este marco, EE.UU. ha impulsado en las \u00faltimas semanas un llamado a pa\u00edses aliados para el abastecimiento del mercado gas\u00edfero de Europa, mercado en donde tambi\u00e9n tiene inter\u00e9s de dominar el pa\u00eds del norte.<\/span><\/p>\n<p><span style=\"font-weight: 400;\">El segundo elemento se vincula a una cuesti\u00f3n de la pol\u00edtica regional: la posibilidad del ingreso de Ucrania a la OTAN supone el cierre de un cerco pol\u00edtico y militar propuesto por la alianza hacia Rusia. Desde 1997 la OTAN ha incorporado diversos pa\u00edses del este europeo, que hab\u00edan tenido una fuerte vinculaci\u00f3n con el bloque sovi\u00e9tico hasta la desaparici\u00f3n de la URSS. La anexi\u00f3n de Lituania, Letonia, Estonia y Polonia, sumado a la posible entrada de Ucrania y Georgia, implicar\u00eda un escenario desfavorable para el intento ruso de expandir su poder regional.<\/span><\/p>\n<p><img loading=\"lazy\" decoding=\"async\" class=\"aligncenter size-full wp-image-5068\" src=\"https:\/\/tribunavm.com.ar\/wp-content\/uploads\/2022\/02\/ocupacion-milicias-prorrusas-510x380-1.jpg\" alt=\"\" width=\"2121\" height=\"1588\" srcset=\"https:\/\/tribunavm.com.ar\/wp-content\/uploads\/2022\/02\/ocupacion-milicias-prorrusas-510x380-1.jpg 2121w, https:\/\/tribunavm.com.ar\/wp-content\/uploads\/2022\/02\/ocupacion-milicias-prorrusas-510x380-1-300x225.jpg 300w, https:\/\/tribunavm.com.ar\/wp-content\/uploads\/2022\/02\/ocupacion-milicias-prorrusas-510x380-1-1024x767.jpg 1024w, https:\/\/tribunavm.com.ar\/wp-content\/uploads\/2022\/02\/ocupacion-milicias-prorrusas-510x380-1-768x575.jpg 768w, https:\/\/tribunavm.com.ar\/wp-content\/uploads\/2022\/02\/ocupacion-milicias-prorrusas-510x380-1-1536x1150.jpg 1536w, https:\/\/tribunavm.com.ar\/wp-content\/uploads\/2022\/02\/ocupacion-milicias-prorrusas-510x380-1-2048x1533.jpg 2048w, https:\/\/tribunavm.com.ar\/wp-content\/uploads\/2022\/02\/ocupacion-milicias-prorrusas-510x380-1-750x562.jpg 750w, https:\/\/tribunavm.com.ar\/wp-content\/uploads\/2022\/02\/ocupacion-milicias-prorrusas-510x380-1-1140x854.jpg 1140w\" sizes=\"(max-width: 2121px) 100vw, 2121px\" \/><\/p>\n<p><span style=\"font-weight: 400;\">Rusia considera que su seguridad nacional depende de mantener las fronteras de sus rivales lo m\u00e1s lejos posible de su territorio. Para ello utiliza \u201cEstados tap\u00f3n\u201d, como Bielorrusia, pero la anexi\u00f3n de los pa\u00edses del este europeo a la OTAN supone un quiebre de esa estrategia.<\/span><\/p>\n<p><span style=\"font-weight: 400;\">Un tercer factor es el intento de Rusia de volver a presentarse como un actor clave en la escena mundial, una voluntad (acompa\u00f1ada con recursos y relaciones con otros Estados) que permite considerar a la Federaci\u00f3n Rusa como una \u201cpotencia re-emergente\u201d. La presi\u00f3n militar obliga a la OTAN, como hemos planteado antes, a reconocer a Rusia como interlocutor y sentarse en una misma mesa, como pares, para negociar.<\/span><\/p>\n<p><span style=\"font-weight: 400;\">Estos elementos propios de la pol\u00edtica internacional, se suman a cuestiones internas en Ucrania: la existencia de ciertas ligaduras entre el pueblo ruso y el ucraniano (Putin plantea que el pueblo ucraniano es el mismo que el ruso, y amplios sectores del este ucraniano comparten fuertes v\u00ednculos culturales, \u00e9tnicos y ling\u00fc\u00edsticos con Rusia), la presencia desde el 2014 de fuerzas separatistas en el Donbass (dos regiones se declararon independientes), la fuerza de los movimientos anti-ruso\/pro-europeos, etc.<\/span><\/p>\n<p><span style=\"font-weight: 400;\">Todas estas variables complejizan el escenario, por lo que ser\u00e1 necesario seguir d\u00eda a d\u00eda (u hora a hora) el conflicto. Quiz\u00e1 el m\u00e1s importante en t\u00e9rminos militares y pol\u00edticos en suelo europeo desde hace d\u00e9cadas.<\/span><\/p>\n<\/div>\n<\/div>\n","protected":false},"excerpt":{"rendered":"<p>La tensi\u00f3n en la frontera ruso-ucraniana ha crecido en las \u00faltimas semanas. El mi\u00e9rcoles pasado las tropas rusas ingresaron en el territorio de Ucrania dejando un saldo de 240 civiles asesinados. Como ya hemos adelantado en entregas anteriores, desde finales del 2021 la frontera ruso-ucraniana se ha convertido en un escenario de tensiones, inestabilidad y [&hellip;]<\/p>\n","protected":false},"author":2,"featured_media":5069,"comment_status":"open","ping_status":"open","sticky":false,"template":"","format":"standard","meta":{"_exactmetrics_skip_tracking":false,"_exactmetrics_sitenote_active":false,"_exactmetrics_sitenote_note":"","_exactmetrics_sitenote_category":0,"jnews-multi-image_gallery":[],"jnews_single_post":{"source_name":"","source_url":"","via_name":"","via_url":"","override_template":"0","override":[{"template":"1","single_blog_custom":"","parallax":"1","fullscreen":"1","layout":"right-sidebar","sidebar":"default-sidebar","second_sidebar":"default-sidebar","sticky_sidebar":"1","share_position":"top","share_float_style":"share-monocrhome","show_share_counter":"1","show_view_counter":"1","show_featured":"1","show_post_meta":"1","show_post_author":"1","show_post_author_image":"1","show_post_date":"1","post_date_format":"default","post_date_format_custom":"Y\/m\/d","show_post_category":"1","show_post_reading_time":"0","post_reading_time_wpm":"300","show_zoom_button":"0","zoom_button_out_step":"2","zoom_button_in_step":"3","show_post_tag":"1","show_prev_next_post":"1","show_popup_post":"1","number_popup_post":"1","show_author_box":"0","show_post_related":"0","show_inline_post_related":"0"}],"override_image_size":"0","image_override":[{"single_post_thumbnail_size":"crop-500","single_post_gallery_size":"crop-500"}],"trending_post":"0","trending_post_position":"meta","trending_post_label":"Trending","sponsored_post":"0","sponsored_post_label":"Sponsored by","sponsored_post_name":"","sponsored_post_url":"","sponsored_post_logo_enable":"0","sponsored_post_logo":"","sponsored_post_desc":""},"jnews_primary_category":{"id":"23"},"jnews_social_meta":{"fb_title":"","fb_description":"","fb_image":"","twitter_title":"","twitter_description":"","twitter_image":""},"jnews_override_counter":{"override_view_counter":"0","view_counter_number":"0","override_share_counter":"0","share_counter_number":"0","override_like_counter":"0","like_counter_number":"0","override_dislike_counter":"0","dislike_counter_number":"0"},"_joinchat":[],"footnotes":""},"categories":[23],"tags":[153,230,231],"class_list":["post-5067","post","type-post","status-publish","format-standard","has-post-thumbnail","hentry","category-analisis","tag-analisis","tag-edicion-83","tag-otan"],"_links":{"self":[{"href":"https:\/\/tribunavm.com.ar\/index.php\/wp-json\/wp\/v2\/posts\/5067"}],"collection":[{"href":"https:\/\/tribunavm.com.ar\/index.php\/wp-json\/wp\/v2\/posts"}],"about":[{"href":"https:\/\/tribunavm.com.ar\/index.php\/wp-json\/wp\/v2\/types\/post"}],"author":[{"embeddable":true,"href":"https:\/\/tribunavm.com.ar\/index.php\/wp-json\/wp\/v2\/users\/2"}],"replies":[{"embeddable":true,"href":"https:\/\/tribunavm.com.ar\/index.php\/wp-json\/wp\/v2\/comments?post=5067"}],"version-history":[{"count":2,"href":"https:\/\/tribunavm.com.ar\/index.php\/wp-json\/wp\/v2\/posts\/5067\/revisions"}],"predecessor-version":[{"id":5148,"href":"https:\/\/tribunavm.com.ar\/index.php\/wp-json\/wp\/v2\/posts\/5067\/revisions\/5148"}],"wp:featuredmedia":[{"embeddable":true,"href":"https:\/\/tribunavm.com.ar\/index.php\/wp-json\/wp\/v2\/media\/5069"}],"wp:attachment":[{"href":"https:\/\/tribunavm.com.ar\/index.php\/wp-json\/wp\/v2\/media?parent=5067"}],"wp:term":[{"taxonomy":"category","embeddable":true,"href":"https:\/\/tribunavm.com.ar\/index.php\/wp-json\/wp\/v2\/categories?post=5067"},{"taxonomy":"post_tag","embeddable":true,"href":"https:\/\/tribunavm.com.ar\/index.php\/wp-json\/wp\/v2\/tags?post=5067"}],"curies":[{"name":"wp","href":"https:\/\/api.w.org\/{rel}","templated":true}]}}