{"id":5082,"date":"2022-02-28T03:18:13","date_gmt":"2022-02-28T03:18:13","guid":{"rendered":"https:\/\/tribunavm.com.ar\/?p=5082"},"modified":"2022-02-28T03:18:13","modified_gmt":"2022-02-28T03:18:13","slug":"gobierno-camaras-y-sindicato-lanzaron-la-mesa-de-la-mineria","status":"publish","type":"post","link":"https:\/\/tribunavm.com.ar\/index.php\/2022\/02\/28\/gobierno-camaras-y-sindicato-lanzaron-la-mesa-de-la-mineria\/","title":{"rendered":"Gobierno, c\u00e1maras y sindicato lanzaron la Mesa de la Miner\u00eda"},"content":{"rendered":"<div class=\"row clearfix\">\n<div class=\"col-md-8\">\n<div class=\"intro-text\">\n<p><span style=\"font-weight: 400;\">El Ministerio de Desarrollo Productivo anunci\u00f3 la conformaci\u00f3n de la Mesa de la Miner\u00eda Abierta a la Comunidad (Memac) y el Sistema de Informaci\u00f3n Abierta a la Comunidad sobre la Actividad Minera en la Argentina (Siacam).<\/span><\/p>\n<\/div>\n<p><span style=\"font-weight: 400;\"><span class=\"dropcap \" style=\"background-color: #ffffff; color: #dd9933; border-color: #ffffff;\">L<\/span>a iniciativa contar\u00eda con la participaci\u00f3n de las c\u00e1maras empresariales y los sindicatos que conforman el sector. El titular de la cartera, Mat\u00edas Kulfas, asegur\u00f3 que el gobierno promueve el desarrollo de una miner\u00eda que &#8220;cuide el ambiente, desarrolle las comunidades, genere desarrollo productivo, y estimule el desarrollo nacional&#8221;, sin poder omitir que es &#8220;un sector que genera muchas divisas&#8221;.<\/span><\/p>\n<p><span style=\"font-weight: 400;\">Al mismo tiempo, se anunci\u00f3 la puesta en marcha del Sistema de Informaci\u00f3n Abierta a la Comunidad sobre la Actividad Minera en la Argentina (Siacam).<\/span><\/p>\n<p><span style=\"font-weight: 400;\">Antonio Cal\u00f3, representante de la Uni\u00f3n Obrera Metal\u00fargica (UOM) destac\u00f3 la convocatoria, se\u00f1alando que &#8220;es una actividad que hay que explotar&#8221; porque &#8220;es dinero que se extrae de la tierra y al que los trabajadores pueden acceder&#8221;.<\/span><\/p>\n<p><span style=\"font-weight: 400;\">Por su parte, Daniel Funes de Rioja, presidente de la Uni\u00f3n Industrial Argentina celebr\u00f3 el anunci\u00f3, remarcando que \u201cla miner\u00eda es central y estrat\u00e9gico para el pa\u00eds&#8221;, y remarc\u00f3 en particular la importancia del \u201cdesarrollo de las provincias cordilleranas\u201d.<\/span><\/p>\n<p><span style=\"font-weight: 400;\">Seg\u00fan cifras oficiales, las exportaciones mineras alcanzaron en 2021 3.230,54 millones de d\u00f3lares, representando una suba del 23,3% al 2020, y el trabajo lleg\u00f3 a los 31.323 puestos,\u00a0 superando en 2,7% al a\u00f1o anterior.<\/span><\/p>\n<\/div>\n<\/div>\n","protected":false},"excerpt":{"rendered":"<p>El Ministerio de Desarrollo Productivo anunci\u00f3 la conformaci\u00f3n de la Mesa de la Miner\u00eda Abierta a la Comunidad (Memac) y el Sistema de Informaci\u00f3n Abierta a la Comunidad sobre la Actividad Minera en la Argentina (Siacam). La iniciativa contar\u00eda con la participaci\u00f3n de las c\u00e1maras empresariales y los sindicatos que conforman el sector. El titular [&hellip;]<\/p>\n","protected":false},"author":2,"featured_media":5080,"comment_status":"open","ping_status":"open","sticky":false,"template":"","format":"standard","meta":{"_exactmetrics_skip_tracking":false,"_exactmetrics_sitenote_active":false,"_exactmetrics_sitenote_note":"","_exactmetrics_sitenote_category":0,"jnews-multi-image_gallery":[],"jnews_single_post":{"source_name":"","source_url":"","via_name":"","via_url":"","override_template":"0","override":[{"template":"1","single_blog_custom":"","parallax":"1","fullscreen":"1","layout":"right-sidebar","sidebar":"default-sidebar","second_sidebar":"default-sidebar","sticky_sidebar":"1","share_position":"top","share_float_style":"share-monocrhome","show_share_counter":"1","show_view_counter":"1","show_featured":"1","show_post_meta":"1","show_post_author":"1","show_post_author_image":"1","show_post_date":"1","post_date_format":"default","post_date_format_custom":"Y\/m\/d","show_post_category":"1","show_post_reading_time":"0","post_reading_time_wpm":"300","show_zoom_button":"0","zoom_button_out_step":"2","zoom_button_in_step":"3","show_post_tag":"1","show_prev_next_post":"1","show_popup_post":"1","number_popup_post":"1","show_author_box":"0","show_post_related":"0","show_inline_post_related":"0"}],"override_image_size":"0","image_override":[{"single_post_thumbnail_size":"crop-500","single_post_gallery_size":"crop-500"}],"trending_post":"0","trending_post_position":"meta","trending_post_label":"Trending","sponsored_post":"0","sponsored_post_label":"Sponsored by","sponsored_post_name":"","sponsored_post_url":"","sponsored_post_logo_enable":"0","sponsored_post_logo":"","sponsored_post_desc":""},"jnews_primary_category":{"id":"22"},"jnews_social_meta":{"fb_title":"","fb_description":"","fb_image":"","twitter_title":"","twitter_description":"","twitter_image":""},"jnews_override_counter":{"override_view_counter":"0","view_counter_number":"0","override_share_counter":"0","share_counter_number":"0","override_like_counter":"0","like_counter_number":"0","override_dislike_counter":"0","dislike_counter_number":"0"},"_joinchat":[],"footnotes":""},"categories":[22],"tags":[230,165,35],"class_list":["post-5082","post","type-post","status-publish","format-standard","has-post-thumbnail","hentry","category-actualidad","tag-edicion-83","tag-mineria","tag-trabajadores"],"_links":{"self":[{"href":"https:\/\/tribunavm.com.ar\/index.php\/wp-json\/wp\/v2\/posts\/5082"}],"collection":[{"href":"https:\/\/tribunavm.com.ar\/index.php\/wp-json\/wp\/v2\/posts"}],"about":[{"href":"https:\/\/tribunavm.com.ar\/index.php\/wp-json\/wp\/v2\/types\/post"}],"author":[{"embeddable":true,"href":"https:\/\/tribunavm.com.ar\/index.php\/wp-json\/wp\/v2\/users\/2"}],"replies":[{"embeddable":true,"href":"https:\/\/tribunavm.com.ar\/index.php\/wp-json\/wp\/v2\/comments?post=5082"}],"version-history":[{"count":1,"href":"https:\/\/tribunavm.com.ar\/index.php\/wp-json\/wp\/v2\/posts\/5082\/revisions"}],"predecessor-version":[{"id":5083,"href":"https:\/\/tribunavm.com.ar\/index.php\/wp-json\/wp\/v2\/posts\/5082\/revisions\/5083"}],"wp:featuredmedia":[{"embeddable":true,"href":"https:\/\/tribunavm.com.ar\/index.php\/wp-json\/wp\/v2\/media\/5080"}],"wp:attachment":[{"href":"https:\/\/tribunavm.com.ar\/index.php\/wp-json\/wp\/v2\/media?parent=5082"}],"wp:term":[{"taxonomy":"category","embeddable":true,"href":"https:\/\/tribunavm.com.ar\/index.php\/wp-json\/wp\/v2\/categories?post=5082"},{"taxonomy":"post_tag","embeddable":true,"href":"https:\/\/tribunavm.com.ar\/index.php\/wp-json\/wp\/v2\/tags?post=5082"}],"curies":[{"name":"wp","href":"https:\/\/api.w.org\/{rel}","templated":true}]}}