{"id":5091,"date":"2022-02-28T03:26:50","date_gmt":"2022-02-28T03:26:50","guid":{"rendered":"https:\/\/tribunavm.com.ar\/?p=5091"},"modified":"2022-02-28T03:26:50","modified_gmt":"2022-02-28T03:26:50","slug":"los-buenos-amigos","status":"publish","type":"post","link":"https:\/\/tribunavm.com.ar\/index.php\/2022\/02\/28\/los-buenos-amigos\/","title":{"rendered":"Los \u201cbuenos amigos\u201d"},"content":{"rendered":"<div class=\"row clearfix\">\n<div class=\"col-md-8\">\n<div class=\"intro-text\">\n<p><i><span style=\"font-weight: 400;\">Se realiz\u00f3 la primera reuni\u00f3n de trabajo entre Santiago Cafiero y el nuevo embajador de Estados Unidos.<\/span><\/i><\/p>\n<\/div>\n<p><span style=\"font-weight: 400;\"><span class=\"dropcap \" style=\"background-color: #ffffff; color: #dd9933; border-color: #ffffff;\">E<\/span>l encuentro se dio con el fin de discutir la planificaci\u00f3n conjunta de las relaciones bilaterales entre los pa\u00edses.<\/span><\/p>\n<p><span style=\"font-weight: 400;\">Los puntos abordados se dirigieron a la construcci\u00f3n de una agenda que permita al pa\u00eds recibir capitales americanos, con el objetivo de &#8220;incrementar la oferta exportable de los productos argentinos y reducir el d\u00e9ficit comercial que el pa\u00eds tiene con Estados Unidos\u201d , seg\u00fan inform\u00f3 el parte de prensa difundido por Canciller\u00eda.\u00a0<\/span><\/p>\n<p><span style=\"font-weight: 400;\">Por otra parte, se discuti\u00f3 el Tratado sobre la No Proliferaci\u00f3n de las Armas Nucleares (TNP), el fomento de uso pacifico de la energ\u00eda nuclear y la reducci\u00f3n de la emisi\u00f3n de gases con efectos invernaderos.\u00a0<\/span><\/p>\n<p><span style=\"font-weight: 400;\">&#8220;Argentina y Estados Unidos son buenos amigos y los buenos amigos tienen conversaciones frecuentes y directas como la que tuvimos hoy con Cafiero\u201d, declar\u00f3 Stanley.<\/span><\/p>\n<\/div>\n<\/div>\n","protected":false},"excerpt":{"rendered":"<p>Se realiz\u00f3 la primera reuni\u00f3n de trabajo entre Santiago Cafiero y el nuevo embajador de Estados Unidos. El encuentro se dio con el fin de discutir la planificaci\u00f3n conjunta de las relaciones bilaterales entre los pa\u00edses. Los puntos abordados se dirigieron a la construcci\u00f3n de una agenda que permita al pa\u00eds recibir capitales americanos, con [&hellip;]<\/p>\n","protected":false},"author":2,"featured_media":5088,"comment_status":"open","ping_status":"open","sticky":false,"template":"","format":"standard","meta":{"_exactmetrics_skip_tracking":false,"_exactmetrics_sitenote_active":false,"_exactmetrics_sitenote_note":"","_exactmetrics_sitenote_category":0,"jnews-multi-image_gallery":[],"jnews_single_post":{"source_name":"","source_url":"","via_name":"","via_url":"","override_template":"0","override":[{"template":"1","single_blog_custom":"","parallax":"1","fullscreen":"1","layout":"right-sidebar","sidebar":"default-sidebar","second_sidebar":"default-sidebar","sticky_sidebar":"1","share_position":"top","share_float_style":"share-monocrhome","show_share_counter":"1","show_view_counter":"1","show_featured":"1","show_post_meta":"1","show_post_author":"1","show_post_author_image":"1","show_post_date":"1","post_date_format":"default","post_date_format_custom":"Y\/m\/d","show_post_category":"1","show_post_reading_time":"0","post_reading_time_wpm":"300","show_zoom_button":"0","zoom_button_out_step":"2","zoom_button_in_step":"3","show_post_tag":"1","show_prev_next_post":"1","show_popup_post":"1","number_popup_post":"1","show_author_box":"0","show_post_related":"0","show_inline_post_related":"0"}],"override_image_size":"0","image_override":[{"single_post_thumbnail_size":"crop-500","single_post_gallery_size":"crop-500"}],"trending_post":"0","trending_post_position":"meta","trending_post_label":"Trending","sponsored_post":"0","sponsored_post_label":"Sponsored by","sponsored_post_name":"","sponsored_post_url":"","sponsored_post_logo_enable":"0","sponsored_post_logo":"","sponsored_post_desc":""},"jnews_primary_category":{"id":"22"},"jnews_social_meta":{"fb_title":"","fb_description":"","fb_image":"","twitter_title":"","twitter_description":"","twitter_image":""},"jnews_override_counter":{"override_view_counter":"0","view_counter_number":"0","override_share_counter":"0","share_counter_number":"0","override_like_counter":"0","like_counter_number":"0","override_dislike_counter":"0","dislike_counter_number":"0"},"_joinchat":[],"footnotes":""},"categories":[22],"tags":[230,39],"class_list":["post-5091","post","type-post","status-publish","format-standard","has-post-thumbnail","hentry","category-actualidad","tag-edicion-83","tag-gobierno"],"_links":{"self":[{"href":"https:\/\/tribunavm.com.ar\/index.php\/wp-json\/wp\/v2\/posts\/5091"}],"collection":[{"href":"https:\/\/tribunavm.com.ar\/index.php\/wp-json\/wp\/v2\/posts"}],"about":[{"href":"https:\/\/tribunavm.com.ar\/index.php\/wp-json\/wp\/v2\/types\/post"}],"author":[{"embeddable":true,"href":"https:\/\/tribunavm.com.ar\/index.php\/wp-json\/wp\/v2\/users\/2"}],"replies":[{"embeddable":true,"href":"https:\/\/tribunavm.com.ar\/index.php\/wp-json\/wp\/v2\/comments?post=5091"}],"version-history":[{"count":1,"href":"https:\/\/tribunavm.com.ar\/index.php\/wp-json\/wp\/v2\/posts\/5091\/revisions"}],"predecessor-version":[{"id":5092,"href":"https:\/\/tribunavm.com.ar\/index.php\/wp-json\/wp\/v2\/posts\/5091\/revisions\/5092"}],"wp:featuredmedia":[{"embeddable":true,"href":"https:\/\/tribunavm.com.ar\/index.php\/wp-json\/wp\/v2\/media\/5088"}],"wp:attachment":[{"href":"https:\/\/tribunavm.com.ar\/index.php\/wp-json\/wp\/v2\/media?parent=5091"}],"wp:term":[{"taxonomy":"category","embeddable":true,"href":"https:\/\/tribunavm.com.ar\/index.php\/wp-json\/wp\/v2\/categories?post=5091"},{"taxonomy":"post_tag","embeddable":true,"href":"https:\/\/tribunavm.com.ar\/index.php\/wp-json\/wp\/v2\/tags?post=5091"}],"curies":[{"name":"wp","href":"https:\/\/api.w.org\/{rel}","templated":true}]}}