{"id":5093,"date":"2022-02-28T03:29:20","date_gmt":"2022-02-28T03:29:20","guid":{"rendered":"https:\/\/tribunavm.com.ar\/?p=5093"},"modified":"2022-02-28T03:29:20","modified_gmt":"2022-02-28T03:29:20","slug":"dejan-sin-efecto-la-suspension-de-explotacion-offshore-en-el-mar-argentino","status":"publish","type":"post","link":"https:\/\/tribunavm.com.ar\/index.php\/2022\/02\/28\/dejan-sin-efecto-la-suspension-de-explotacion-offshore-en-el-mar-argentino\/","title":{"rendered":"Dejan sin efecto la suspensi\u00f3n de explotaci\u00f3n offshore en el mar argentino"},"content":{"rendered":"<div class=\"row clearfix\">\n<div class=\"col-md-8\">\n<p><span style=\"font-weight: 400;\"><span class=\"dropcap \" style=\"background-color: #ffffff; color: #dd9933; border-color: #ffffff;\">E<\/span>n el marco de la medida que autoriz\u00f3 a YPF y Equinor a realizar explotaciones de petr\u00f3leo a 300 kil\u00f3metros de la costa de Mar del Plata, el juez federal, Alfredo Lopez, dej\u00f3 sin efecto la suspensi\u00f3n dispuesta anteriormente.<\/span><\/p>\n<p><span style=\"font-weight: 400;\">A fines de diciembre el ministro de Ambiente Juan Cabandi\u00e9 firm\u00f3 un decreto que autoriz\u00f3 la explotaci\u00f3n de tres zonas petroleras. Organizaciones expresaron su rechaz\u00f3 al proyecto logrando la suspensi\u00f3n de la mencionada autorizaci\u00f3n.<\/span><\/p>\n<p><span style=\"color: #ff9900;\"><span style=\"font-weight: 400;\">Ver: <\/span><a style=\"color: #ff9900;\" href=\"https:\/\/tribunavm.com.ar\/index.php\/2022\/01\/08\/tension-en-mar-del-plata-por-proyecto-extractivista\/\"><span style=\"font-weight: 400;\">Tensi\u00f3n en Mar del Plata por proyecto extractivista<\/span><\/a><\/span><\/p>\n<p><span style=\"font-weight: 400;\">Las campa\u00f1as previstas por las petroleras ten\u00edan licencias CAN 100 y 108, y una segunda campa\u00f1a CAN 114. Todas en una distancia de entre 300 y 400 kil\u00f3metros de las costas de Mar del Plata.<\/span><\/p>\n<p><span style=\"font-weight: 400;\">All\u00ed, Equinor posee el 35% de CAN 100, al igual que YPF, y el restante 30% pertenece a Shell; Equinor posee el 50% de CAN 114 e YPF el otro 50%, y a su vez controla el 100% de CAN 108.<\/span><\/p>\n<p><span style=\"font-weight: 400;\">Recientemente, el ministro de Desarrollo Productivo, Matias Kulfas hab\u00eda insistido en que el Gobierno iba a avanzar para destrabar el conflicto judicial a fin de realizar las explotaciones petroleras en dicha zona. Seg\u00fan hab\u00eda expresado el proyecto podr\u00eda generar 220.000 puestos de trabajo y sumar exportaciones por unos US$ 25.000 millones anuales con lo cual \u201cdesaparecer\u00eda el problema del cepo cambiario o al menos ser\u00eda mucho m\u00e1s flexible que hoy\u201d.<\/span><\/p>\n<p><span style=\"font-weight: 400;\">En su momento, un conjunto de organizaciones que llevaron adelante el \u201cAtlanticazo\u201d, mencionaron que la proliferaci\u00f3n de las actividades extractivistas en el territorio estaba siendo condicionada para llevar a cabo el pago de la deuda externa en d\u00f3lares.<\/span><\/p>\n<\/div>\n<\/div>\n","protected":false},"excerpt":{"rendered":"<p>En el marco de la medida que autoriz\u00f3 a YPF y Equinor a realizar explotaciones de petr\u00f3leo a 300 kil\u00f3metros de la costa de Mar del Plata, el juez federal, Alfredo Lopez, dej\u00f3 sin efecto la suspensi\u00f3n dispuesta anteriormente. A fines de diciembre el ministro de Ambiente Juan Cabandi\u00e9 firm\u00f3 un decreto que autoriz\u00f3 la [&hellip;]<\/p>\n","protected":false},"author":2,"featured_media":5089,"comment_status":"open","ping_status":"open","sticky":false,"template":"","format":"standard","meta":{"_exactmetrics_skip_tracking":false,"_exactmetrics_sitenote_active":false,"_exactmetrics_sitenote_note":"","_exactmetrics_sitenote_category":0,"jnews-multi-image_gallery":[],"jnews_single_post":{"source_name":"","source_url":"","via_name":"","via_url":"","override_template":"0","override":[{"template":"1","single_blog_custom":"","parallax":"1","fullscreen":"1","layout":"right-sidebar","sidebar":"default-sidebar","second_sidebar":"default-sidebar","sticky_sidebar":"1","share_position":"top","share_float_style":"share-monocrhome","show_share_counter":"1","show_view_counter":"1","show_featured":"1","show_post_meta":"1","show_post_author":"1","show_post_author_image":"1","show_post_date":"1","post_date_format":"default","post_date_format_custom":"Y\/m\/d","show_post_category":"1","show_post_reading_time":"0","post_reading_time_wpm":"300","show_zoom_button":"0","zoom_button_out_step":"2","zoom_button_in_step":"3","show_post_tag":"1","show_prev_next_post":"1","show_popup_post":"1","number_popup_post":"1","show_author_box":"0","show_post_related":"0","show_inline_post_related":"0"}],"override_image_size":"0","image_override":[{"single_post_thumbnail_size":"crop-500","single_post_gallery_size":"crop-500"}],"trending_post":"0","trending_post_position":"meta","trending_post_label":"Trending","sponsored_post":"0","sponsored_post_label":"Sponsored by","sponsored_post_name":"","sponsored_post_url":"","sponsored_post_logo_enable":"0","sponsored_post_logo":"","sponsored_post_desc":""},"jnews_primary_category":{"id":"22"},"jnews_social_meta":{"fb_title":"","fb_description":"","fb_image":"","twitter_title":"","twitter_description":"","twitter_image":""},"jnews_override_counter":{"override_view_counter":"0","view_counter_number":"0","override_share_counter":"0","share_counter_number":"0","override_like_counter":"0","like_counter_number":"0","override_dislike_counter":"0","dislike_counter_number":"0"},"_joinchat":[],"footnotes":""},"categories":[22],"tags":[230,39,185],"class_list":["post-5093","post","type-post","status-publish","format-standard","has-post-thumbnail","hentry","category-actualidad","tag-edicion-83","tag-gobierno","tag-petroleo"],"_links":{"self":[{"href":"https:\/\/tribunavm.com.ar\/index.php\/wp-json\/wp\/v2\/posts\/5093"}],"collection":[{"href":"https:\/\/tribunavm.com.ar\/index.php\/wp-json\/wp\/v2\/posts"}],"about":[{"href":"https:\/\/tribunavm.com.ar\/index.php\/wp-json\/wp\/v2\/types\/post"}],"author":[{"embeddable":true,"href":"https:\/\/tribunavm.com.ar\/index.php\/wp-json\/wp\/v2\/users\/2"}],"replies":[{"embeddable":true,"href":"https:\/\/tribunavm.com.ar\/index.php\/wp-json\/wp\/v2\/comments?post=5093"}],"version-history":[{"count":1,"href":"https:\/\/tribunavm.com.ar\/index.php\/wp-json\/wp\/v2\/posts\/5093\/revisions"}],"predecessor-version":[{"id":5094,"href":"https:\/\/tribunavm.com.ar\/index.php\/wp-json\/wp\/v2\/posts\/5093\/revisions\/5094"}],"wp:featuredmedia":[{"embeddable":true,"href":"https:\/\/tribunavm.com.ar\/index.php\/wp-json\/wp\/v2\/media\/5089"}],"wp:attachment":[{"href":"https:\/\/tribunavm.com.ar\/index.php\/wp-json\/wp\/v2\/media?parent=5093"}],"wp:term":[{"taxonomy":"category","embeddable":true,"href":"https:\/\/tribunavm.com.ar\/index.php\/wp-json\/wp\/v2\/categories?post=5093"},{"taxonomy":"post_tag","embeddable":true,"href":"https:\/\/tribunavm.com.ar\/index.php\/wp-json\/wp\/v2\/tags?post=5093"}],"curies":[{"name":"wp","href":"https:\/\/api.w.org\/{rel}","templated":true}]}}