{"id":5095,"date":"2022-02-28T03:33:14","date_gmt":"2022-02-28T03:33:14","guid":{"rendered":"https:\/\/tribunavm.com.ar\/?p=5095"},"modified":"2025-07-26T17:45:34","modified_gmt":"2025-07-26T17:45:34","slug":"uatre-reclama-al-ministro-de-trabajo","status":"publish","type":"post","link":"https:\/\/tribunavm.com.ar\/index.php\/2022\/02\/28\/uatre-reclama-al-ministro-de-trabajo\/","title":{"rendered":"UATRE reclama al ministro de Trabajo"},"content":{"rendered":"<div class=\"row clearfix\">\n<div class=\"col-md-8\">\n<div class=\"intro-text\">\n<p><span style=\"font-weight: 400;\">\u201cQue nos toquen el dinero que nosotros aportamos al gremio es desesperante\u201d, dijo Jer\u00f3nimo Perez, el delegado del sindicato en Villa Mar\u00eda.<\/span><\/p>\n<\/div>\n<p><span style=\"font-weight: 400;\"><span class=\"dropcap \" style=\"background-color: #ffffff; color: #dd9933; border-color: #ffffff;\">L<\/span>a Uni\u00f3n Argentina de Trabajadores Rurales y Estibadores (UATRE) realiz\u00f3 una concentraci\u00f3n en su local ubicado en 9 De Julio 66, en la ciudad de Villa Mar\u00eda, y luego cort\u00f3 la ruta 158 a la salida de la rotonda de Villa Nueva.<\/span><\/p>\n<p><span style=\"font-weight: 400;\">Participaron alrededor de 250 trabajadores de varias localidades de la zona donde el sindicato tiene presencia a trav\u00e9s de sus delegaciones. En el lugar conversamos con Jeronimo Perez, delegado de UATRE Villa Mar\u00eda, donde coment\u00f3 que \u201ces un conflicto que viene desde hace 4 meses, en el cual le estamos pidiendo al secretario de Trabajo Moroni que nos apruebe la decisi\u00f3n que tomo el Congreso Nacional el 12 de octubre de 2021 en Rio Negro\u201d.<\/span><\/p>\n<p><span style=\"font-weight: 400;\">\u201cNos hemos juntado 468 congresales (casi el 85% del total) de todo el pa\u00eds en el cual por unanimidad apartamos de su cargo a Juan Carlos Katz, ex-tesorero, y a D\u00e1valos, ex prosecretario general\u201d, coment\u00f3 P\u00e9rez.\u00a0<\/span><\/p>\n<p><span style=\"font-weight: 400;\">La semana pasada hubo movilizaciones en Capital Federal y otros puntos del pa\u00eds que iban a continuar hasta tanto no se obtenga una respuesta del ministerio.<\/span><\/p>\n<p><span style=\"font-weight: 400;\">Por esta situaci\u00f3n no autorizan legalmente al sindicato a \u201crecibir los \u00fatiles escolares de nuestros afiliados y a sus familias, no pudimos entregar los guardapolvos, no recibimos el reintegro del 40% que se env\u00eda a todas las seccionales para pagar sus gastos. Hay seccionales que pagan alquiler, internet y luz que tampoco pueden trabajar la obra social. Es muy complicado lo que est\u00e1 pasando\u201d, sentenci\u00f3 el delegado local.<\/span><\/p>\n<p><span style=\"font-weight: 400;\">La situaci\u00f3n afecta a 14.000 afiliados que, contando el grupo familiar, estar\u00edan afectadas cerca de 50.000 personas. \u201cVilla Mar\u00eda es la delegaci\u00f3n m\u00e1s grande del sindicato en C\u00f3rdoba y la tercera m\u00e1s grande del pa\u00eds en la cantidad de afiliados y aportantes. Es una delegaci\u00f3n que tiene 37 seccionales, as\u00ed que realmente es mucho\u201d, dijo P\u00e9rez.<\/span><\/p>\n<p><img loading=\"lazy\" decoding=\"async\" class=\"aligncenter size-jnews-750x536 wp-image-5145\" src=\"https:\/\/tribunavm.com.ar\/wp-content\/uploads\/2022\/02\/DSC_0332-750x536.png\" alt=\"\" width=\"750\" height=\"536\" srcset=\"https:\/\/tribunavm.com.ar\/wp-content\/uploads\/2022\/02\/DSC_0332-750x536.png 750w, https:\/\/tribunavm.com.ar\/wp-content\/uploads\/2022\/02\/DSC_0332-120x86.png 120w, https:\/\/tribunavm.com.ar\/wp-content\/uploads\/2022\/02\/DSC_0332-350x250.png 350w, https:\/\/tribunavm.com.ar\/wp-content\/uploads\/2022\/02\/DSC_0332-1140x815.png 1140w\" sizes=\"(max-width: 750px) 100vw, 750px\" \/><\/p>\n<p><span style=\"font-weight: 400;\">En cuanto a la movilizaci\u00f3n se decidi\u00f3 \u201cen asamblea manifestarnos en la ruta 158 para hacer escuchar nuestro reclamo, que seguramente se va a replicar en todo el pa\u00eds como pas\u00f3 en Rio Negro y Buenos Aires\u201d.\u00a0<\/span><\/p>\n<p><span style=\"font-weight: 400;\">El dirigente agreg\u00f3 que su intenci\u00f3n es \u201cque el gobierno sepa, m\u00e1s que todo el ministro Moroni, que nosotros tenemos la posibilidad de parar todo el pa\u00eds. Queremos evitar eso porque en definitiva afectamos a un mont\u00f3n de gente que no tiene nada que ver\u201d<\/span><\/p>\n<p><span style=\"font-weight: 400;\">\u201cEsperemos que esto se solucione pronto por el bien de los trabajadores y sus familias\u201d, sentenci\u00f3 Perez.<\/span><\/p>\n<\/div>\n<\/div>\n","protected":false},"excerpt":{"rendered":"<p>\u201cQue nos toquen el dinero que nosotros aportamos al gremio es desesperante\u201d, dijo Jer\u00f3nimo Perez, el delegado del sindicato en Villa Mar\u00eda.<\/p>\n","protected":false},"author":2,"featured_media":5096,"comment_status":"open","ping_status":"open","sticky":false,"template":"","format":"standard","meta":{"_exactmetrics_skip_tracking":false,"_exactmetrics_sitenote_active":false,"_exactmetrics_sitenote_note":"","_exactmetrics_sitenote_category":0,"jnews-multi-image_gallery":[],"jnews_single_post":{"source_name":"","source_url":"","via_name":"","via_url":"","override_template":"0","override":[{"template":"1","single_blog_custom":"","parallax":"1","fullscreen":"1","layout":"right-sidebar","sidebar":"default-sidebar","second_sidebar":"default-sidebar","sticky_sidebar":"1","share_position":"top","share_float_style":"share-monocrhome","show_share_counter":"1","show_view_counter":"1","show_featured":"1","show_post_meta":"1","show_post_author":"1","show_post_author_image":"1","show_post_date":"1","post_date_format":"default","post_date_format_custom":"Y\/m\/d","show_post_category":"1","show_post_reading_time":"0","post_reading_time_wpm":"300","show_zoom_button":"0","zoom_button_out_step":"2","zoom_button_in_step":"3","show_post_tag":"1","show_prev_next_post":"1","show_popup_post":"1","number_popup_post":"1","show_author_box":"0","show_post_related":"0","show_inline_post_related":"0","post_calculate_word_method":"count_blank"}],"override_image_size":"0","image_override":[{"single_post_thumbnail_size":"crop-500","single_post_gallery_size":"crop-500"}],"trending_post":"0","trending_post_position":"meta","trending_post_label":"Trending","sponsored_post":"0","sponsored_post_label":"Sponsored by","sponsored_post_name":"","sponsored_post_url":"","sponsored_post_logo_enable":"0","sponsored_post_logo":"","sponsored_post_desc":"","format":"standard","disable_ad":"0"},"jnews_primary_category":{"id":"22"},"jnews_social_meta":{"fb_title":"","fb_description":"","fb_image":"","twitter_title":"","twitter_description":"","twitter_image":""},"jnews_override_counter":{"override_view_counter":"0","view_counter_number":"0","override_share_counter":"0","share_counter_number":"0","override_like_counter":"0","like_counter_number":"0","override_dislike_counter":"0","dislike_counter_number":"0"},"_joinchat":[],"footnotes":""},"categories":[22],"tags":[230,210,35],"class_list":["post-5095","post","type-post","status-publish","format-standard","has-post-thumbnail","hentry","category-actualidad","tag-edicion-83","tag-local","tag-trabajadores"],"_links":{"self":[{"href":"https:\/\/tribunavm.com.ar\/index.php\/wp-json\/wp\/v2\/posts\/5095"}],"collection":[{"href":"https:\/\/tribunavm.com.ar\/index.php\/wp-json\/wp\/v2\/posts"}],"about":[{"href":"https:\/\/tribunavm.com.ar\/index.php\/wp-json\/wp\/v2\/types\/post"}],"author":[{"embeddable":true,"href":"https:\/\/tribunavm.com.ar\/index.php\/wp-json\/wp\/v2\/users\/2"}],"replies":[{"embeddable":true,"href":"https:\/\/tribunavm.com.ar\/index.php\/wp-json\/wp\/v2\/comments?post=5095"}],"version-history":[{"count":4,"href":"https:\/\/tribunavm.com.ar\/index.php\/wp-json\/wp\/v2\/posts\/5095\/revisions"}],"predecessor-version":[{"id":13498,"href":"https:\/\/tribunavm.com.ar\/index.php\/wp-json\/wp\/v2\/posts\/5095\/revisions\/13498"}],"wp:featuredmedia":[{"embeddable":true,"href":"https:\/\/tribunavm.com.ar\/index.php\/wp-json\/wp\/v2\/media\/5096"}],"wp:attachment":[{"href":"https:\/\/tribunavm.com.ar\/index.php\/wp-json\/wp\/v2\/media?parent=5095"}],"wp:term":[{"taxonomy":"category","embeddable":true,"href":"https:\/\/tribunavm.com.ar\/index.php\/wp-json\/wp\/v2\/categories?post=5095"},{"taxonomy":"post_tag","embeddable":true,"href":"https:\/\/tribunavm.com.ar\/index.php\/wp-json\/wp\/v2\/tags?post=5095"}],"curies":[{"name":"wp","href":"https:\/\/api.w.org\/{rel}","templated":true}]}}