{"id":511,"date":"2019-08-08T13:27:22","date_gmt":"2019-08-08T13:27:22","guid":{"rendered":"https:\/\/tribunavm.com.ar\/?p=511"},"modified":"2019-10-22T13:34:34","modified_gmt":"2019-10-22T13:34:34","slug":"encuentro-de-empresarios-en-villa-maria","status":"publish","type":"post","link":"https:\/\/tribunavm.com.ar\/index.php\/2019\/08\/08\/encuentro-de-empresarios-en-villa-maria\/","title":{"rendered":"Encuentro de empresarios en Villa Mar\u00eda"},"content":{"rendered":"<div class=\"row clearfix\">\n<div class=\"col-md-8\">\n<p><span style=\"color: #212121; font-size: 1.5em; letter-spacing: -0.01em;\">La jornada se realiz\u00f3 en AERCA donde participaron representantes del sector industrial y funcionarios nacionales, provinciales y municipales.<\/span><\/p>\n<p><span style=\"font-weight: 400;\"><span class=\"dropcap \" style=\"background-color: #ffffff; color: #dd9933; border-color: #ffffff;\">E<\/span>l d\u00eda jueves 1 de agosto se llev\u00f3 a cabo el 5to pre-coloquio industrial de la UIC (Uni\u00f3n Industrial de C\u00f3rdoba), la antesala del 12vo coloquio industrial que se realizar\u00e1 en unas semanas en C\u00f3rdoba Capital.<\/span><\/p>\n<p><span style=\"font-weight: 400;\">En el acto de apertura hablaron Franco Monetti, presidente de AERCA (la representaci\u00f3n gremial de los empresarios de la zona), Luis Miguel Etchevehere, ministro de Agricultura de la Naci\u00f3n, Roberto Avalle, ministro de comercio, industria y miner\u00eda de C\u00f3rdoba y Mart\u00edn Gill, intendente de la ciudad.<\/span><\/p>\n<p><span style=\"font-weight: 400;\">Ante la presencia de 120 asistentes, tom\u00f3 la palabra, Monetti, quien hizo una repaso por los reclamos en sus cuatro a\u00f1os como presidente de la entidad. En el 2018 denunciaban \u201caltas tasas de inter\u00e9s, falta de acceso al cr\u00e9dito y poca previsibilidad a largo plazo\u201d. Para el dirigente, sin estas condiciones \u201ccualquier actividad industrial es inviable\u201d. \u201cA hoy, la situaci\u00f3n sigue igual, nada cambi\u00f3\u201d, remarc\u00f3.<img loading=\"lazy\" decoding=\"async\" class=\"size-medium wp-image-514 alignright\" src=\"https:\/\/tribunavm.com.ar\/wp-content\/uploads\/2019\/10\/4-etche.jpg_57698320-300x176.jpg\" alt=\"\" width=\"300\" height=\"176\" srcset=\"https:\/\/tribunavm.com.ar\/wp-content\/uploads\/2019\/10\/4-etche.jpg_57698320-300x176.jpg 300w, https:\/\/tribunavm.com.ar\/wp-content\/uploads\/2019\/10\/4-etche.jpg_57698320-768x451.jpg 768w, https:\/\/tribunavm.com.ar\/wp-content\/uploads\/2019\/10\/4-etche.jpg_57698320-750x440.jpg 750w, https:\/\/tribunavm.com.ar\/wp-content\/uploads\/2019\/10\/4-etche.jpg_57698320.jpg 792w\" sizes=\"(max-width: 300px) 100vw, 300px\" \/><\/span><\/p>\n<p><span style=\"font-weight: 400;\">A su turno, Etchevehere plante\u00f3 que la crisis mundial del 2018 repercuti\u00f3 directamente en la econom\u00eda nacional. Frente a ello nombr\u00f3 la negociaci\u00f3n con el FMI como algo positivo, \u201cnunca prest\u00f3 tanta plata el fondo\u201d. Frente al acuerdo UE-Mercosur se refiri\u00f3 a la posibilidad inigualable del desarrollo del sector, sin hacer menci\u00f3n al impacto sobre la producci\u00f3n y las econom\u00edas regionales.<\/span><\/p>\n<p><span style=\"font-weight: 400;\">El ministro Avalle, dij\u00f3 que se revisen las pol\u00edticas de redistribuci\u00f3n del ingreso que est\u00e1n vigentes refiri\u00e9ndose a \u201clas retenciones a las exportaciones industriales, que tienen un impacto negativo en el sector\u201d, puntualmente pidi\u00f3\u00a0 \u201celiminarlas\u201d.<\/span><\/p>\n<p><span style=\"font-weight: 400;\">Por \u00faltimo, Mart\u00edn Gill dijo que el gobierno local \u201cno busca estatizar, sino acompa\u00f1ar\u201d la actividad privada en la ciudad. \u201cSabemos d\u00f3nde tenemos que estar, hoy ustedes son los que transforman y ponen en marcha la econom\u00eda, los que generan trabajo, aumentan la riqueza y sostienen la gesti\u00f3n municipal\u201d, concluy\u00f3.<\/span><\/p>\n<p><img loading=\"lazy\" decoding=\"async\" class=\"size-medium wp-image-515 aligncenter\" src=\"https:\/\/tribunavm.com.ar\/wp-content\/uploads\/2019\/10\/DSCN5369-1-1920x1440-300x225.jpg\" alt=\"\" width=\"300\" height=\"225\" srcset=\"https:\/\/tribunavm.com.ar\/wp-content\/uploads\/2019\/10\/DSCN5369-1-1920x1440-300x225.jpg 300w, https:\/\/tribunavm.com.ar\/wp-content\/uploads\/2019\/10\/DSCN5369-1-1920x1440-768x576.jpg 768w, https:\/\/tribunavm.com.ar\/wp-content\/uploads\/2019\/10\/DSCN5369-1-1920x1440-1024x768.jpg 1024w, https:\/\/tribunavm.com.ar\/wp-content\/uploads\/2019\/10\/DSCN5369-1-1920x1440-750x563.jpg 750w, https:\/\/tribunavm.com.ar\/wp-content\/uploads\/2019\/10\/DSCN5369-1-1920x1440-1140x855.jpg 1140w, https:\/\/tribunavm.com.ar\/wp-content\/uploads\/2019\/10\/DSCN5369-1-1920x1440.jpg 1920w\" sizes=\"(max-width: 300px) 100vw, 300px\" \/><\/p>\n<\/div>\n<\/div>\n","protected":false},"excerpt":{"rendered":"<p>La jornada se realiz\u00f3 en AERCA donde participaron representantes del sector industrial y funcionarios nacionales, provinciales y municipales. El d\u00eda jueves 1 de agosto se llev\u00f3 a cabo el 5to pre-coloquio industrial de la UIC (Uni\u00f3n Industrial de C\u00f3rdoba), la antesala del 12vo coloquio industrial que se realizar\u00e1 en unas semanas en C\u00f3rdoba Capital. En [&hellip;]<\/p>\n","protected":false},"author":2,"featured_media":513,"comment_status":"open","ping_status":"open","sticky":false,"template":"","format":"standard","meta":{"_exactmetrics_skip_tracking":false,"_exactmetrics_sitenote_active":false,"_exactmetrics_sitenote_note":"","_exactmetrics_sitenote_category":0,"jnews-multi-image_gallery":[],"jnews_single_post":{"source_name":"","source_url":"","via_name":"","via_url":"","override_template":"0","override":[{"template":"1","single_blog_custom":"","parallax":"1","fullscreen":"0","layout":"right-sidebar","sidebar":"default-sidebar","second_sidebar":"default-sidebar","sticky_sidebar":"1","share_position":"top","share_float_style":"share-monocrhome","show_share_counter":"1","show_view_counter":"1","show_featured":"1","show_post_meta":"1","show_post_author":"1","show_post_author_image":"1","show_post_date":"1","post_date_format":"default","post_date_format_custom":"Y\/m\/d","show_post_category":"1","show_post_reading_time":"0","post_reading_time_wpm":"300","show_zoom_button":"0","zoom_button_out_step":"2","zoom_button_in_step":"3","show_post_tag":"1","show_prev_next_post":"1","show_popup_post":"1","number_popup_post":"1","show_author_box":"0","show_post_related":"0","show_inline_post_related":"0"}],"override_image_size":"0","image_override":[{"single_post_thumbnail_size":"crop-500","single_post_gallery_size":"crop-500"}],"trending_post":"0","trending_post_position":"meta","trending_post_label":"Trending"},"jnews_primary_category":{"id":"22"},"jnews_social_meta":{"fb_title":"","fb_description":"","fb_image":"","twitter_title":"","twitter_description":"","twitter_image":""},"jnews_override_counter":{"override_view_counter":"0","view_counter_number":"0","override_share_counter":"0","share_counter_number":"0","override_like_counter":"0","like_counter_number":"0","override_dislike_counter":"0","dislike_counter_number":"0"},"_joinchat":[],"footnotes":""},"categories":[22],"tags":[48,42],"class_list":["post-511","post","type-post","status-publish","format-standard","has-post-thumbnail","hentry","category-actualidad","tag-edicion-6","tag-industria"],"_links":{"self":[{"href":"https:\/\/tribunavm.com.ar\/index.php\/wp-json\/wp\/v2\/posts\/511"}],"collection":[{"href":"https:\/\/tribunavm.com.ar\/index.php\/wp-json\/wp\/v2\/posts"}],"about":[{"href":"https:\/\/tribunavm.com.ar\/index.php\/wp-json\/wp\/v2\/types\/post"}],"author":[{"embeddable":true,"href":"https:\/\/tribunavm.com.ar\/index.php\/wp-json\/wp\/v2\/users\/2"}],"replies":[{"embeddable":true,"href":"https:\/\/tribunavm.com.ar\/index.php\/wp-json\/wp\/v2\/comments?post=511"}],"version-history":[{"count":1,"href":"https:\/\/tribunavm.com.ar\/index.php\/wp-json\/wp\/v2\/posts\/511\/revisions"}],"predecessor-version":[{"id":516,"href":"https:\/\/tribunavm.com.ar\/index.php\/wp-json\/wp\/v2\/posts\/511\/revisions\/516"}],"wp:featuredmedia":[{"embeddable":true,"href":"https:\/\/tribunavm.com.ar\/index.php\/wp-json\/wp\/v2\/media\/513"}],"wp:attachment":[{"href":"https:\/\/tribunavm.com.ar\/index.php\/wp-json\/wp\/v2\/media?parent=511"}],"wp:term":[{"taxonomy":"category","embeddable":true,"href":"https:\/\/tribunavm.com.ar\/index.php\/wp-json\/wp\/v2\/categories?post=511"},{"taxonomy":"post_tag","embeddable":true,"href":"https:\/\/tribunavm.com.ar\/index.php\/wp-json\/wp\/v2\/tags?post=511"}],"curies":[{"name":"wp","href":"https:\/\/api.w.org\/{rel}","templated":true}]}}