{"id":5111,"date":"2022-02-28T03:57:26","date_gmt":"2022-02-28T03:57:26","guid":{"rendered":"https:\/\/tribunavm.com.ar\/?p=5111"},"modified":"2022-02-28T03:57:26","modified_gmt":"2022-02-28T03:57:26","slug":"paneo-latinoamericano-20","status":"publish","type":"post","link":"https:\/\/tribunavm.com.ar\/index.php\/2022\/02\/28\/paneo-latinoamericano-20\/","title":{"rendered":"Paneo Latinoamericano"},"content":{"rendered":"<div class=\"row clearfix\">\n<div class=\"col-md-8\">\n<h3><span style=\"font-weight: 400; color: #ff9900;\">Slim lanza el 5G en 18 ciudades de M\u00e9xico<\/span><\/h3>\n<p><img loading=\"lazy\" decoding=\"async\" class=\"aligncenter size-full wp-image-5112\" src=\"https:\/\/tribunavm.com.ar\/wp-content\/uploads\/2022\/02\/1.jpg\" alt=\"\" width=\"980\" height=\"475\" srcset=\"https:\/\/tribunavm.com.ar\/wp-content\/uploads\/2022\/02\/1.jpg 980w, https:\/\/tribunavm.com.ar\/wp-content\/uploads\/2022\/02\/1-300x145.jpg 300w, https:\/\/tribunavm.com.ar\/wp-content\/uploads\/2022\/02\/1-768x372.jpg 768w, https:\/\/tribunavm.com.ar\/wp-content\/uploads\/2022\/02\/1-750x364.jpg 750w\" sizes=\"(max-width: 980px) 100vw, 980px\" \/><\/p>\n<p><span style=\"font-weight: 400;\"><span class=\"dropcap \" style=\"background-color: #ffffff; color: #dd9933; border-color: #ffffff;\">L<\/span>a multinacional de telecomunicaciones America Movil, a trav\u00e9s de la empresa Telcel, anunci\u00f3 el lanzamiento de una red 5G en 18 ciudades de M\u00e9xico con una inversi\u00f3n de 1.800 d\u00f3lares.<\/span><\/p>\n<p><span style=\"font-weight: 400;\">Carlos Slim, presidente del Consejo de Administraci\u00f3n de Am\u00e9rica M\u00f3vil y el decimocuarto hombre m\u00e1s rico del mundo (con un patrimonio neto de 77,8 miles de millones USD), anunci\u00f3 en el lanzamiento que \u201ces el despliegue de infraestructura m\u00e1s importante que existe hoy en d\u00eda en Am\u00e9rica Latina&#8221;.\u00a0<\/span><\/p>\n<p><span style=\"font-weight: 400;\">El lanzamiento cuenta con 2000 radiobases distribuidas en las ciudades de Tijuana, Hermosillo, Ciudad Ju\u00e1rez, Chihuahua, Torre\u00f3n, Saltillo, Culiac\u00e1n, Mazatl\u00e1n, Monterrey, San Luis Potos\u00ed, Durango, Quer\u00e9taro,\u00a0 Guadalajara, Le\u00f3n, Toluca, Puebla, Ciudad de M\u00e9xico, y M\u00e9rida.<\/span><\/p>\n<p><span style=\"font-weight: 400;\">El director general de Telcel, Daniel Hajj, indic\u00f3 que la previsi\u00f3n para fines de 2022 es lograr una expansi\u00f3n de la red a 120 ciudades. &#8220;Esta nueva tecnolog\u00eda cambiar\u00e1 la forma en la que vivimos, trabajamos, aprendemos, interactuamos y nos divertimos\u201d, a\u00f1adi\u00f3 el directivo.<\/span><\/p>\n<p><span style=\"font-weight: 400;\">La red 5G es la quinta generaci\u00f3n de las redes m\u00f3viles. La primera generaci\u00f3n 1G permiti\u00f3 realizar llamadas, 2G trajo los mensajes SMS y MMS, 3G permiti\u00f3 la navegaci\u00f3n web m\u00f3vil. y el 4G LTE permiti\u00f3 una mayor velocidad de navegaci\u00f3n y mayor transmisi\u00f3n de datos.\u00a0<\/span><\/p>\n<p><span style=\"font-weight: 400;\">La red 5G significar\u00eda el pr\u00f3ximo paso en velocidad de transferencia de datos en grandes vol\u00famenes, sobre la que se apoyar\u00eda el funcionamiento de veh\u00edculos aut\u00f3nomos, telemedicina, robotizaci\u00f3n y diversas operaciones de la industria y la comunicaci\u00f3n.\u00a0<\/span><\/p>\n<p><span style=\"font-weight: 400;\">Esta es la segunda red de quinta generaci\u00f3n en funcionamiento en M\u00e9xico, tras la puesta en marcha a fines de 2021 de AT&amp;T, \u00fanicamente disponible en algunas zonas de Ciudad de M\u00e9xico.<\/span><\/p>\n<h3><span style=\"font-weight: 400; color: #ff9900;\">Brasil y Rusia afianzan v\u00ednculos de cooperaci\u00f3n<\/span><\/h3>\n<p><img loading=\"lazy\" decoding=\"async\" class=\"aligncenter size-full wp-image-5113\" src=\"https:\/\/tribunavm.com.ar\/wp-content\/uploads\/2022\/02\/2.jpg\" alt=\"\" width=\"1200\" height=\"754\" srcset=\"https:\/\/tribunavm.com.ar\/wp-content\/uploads\/2022\/02\/2.jpg 1200w, https:\/\/tribunavm.com.ar\/wp-content\/uploads\/2022\/02\/2-300x189.jpg 300w, https:\/\/tribunavm.com.ar\/wp-content\/uploads\/2022\/02\/2-1024x643.jpg 1024w, https:\/\/tribunavm.com.ar\/wp-content\/uploads\/2022\/02\/2-768x483.jpg 768w, https:\/\/tribunavm.com.ar\/wp-content\/uploads\/2022\/02\/2-750x471.jpg 750w, https:\/\/tribunavm.com.ar\/wp-content\/uploads\/2022\/02\/2-1140x716.jpg 1140w\" sizes=\"(max-width: 1200px) 100vw, 1200px\" \/><\/p>\n<p><span style=\"font-weight: 400;\"><span class=\"dropcap \" style=\"background-color: #ffffff; color: #dd9933; border-color: #ffffff;\">E<\/span>l presidente de Brasil, Jair Bolsonaro, lider\u00f3 una comitiva de gobierno con direcci\u00f3n a Mosc\u00fa, a mediados de febrero, donde se encontr\u00f3 con el presidente de Rusia Vladimir Putin, en paralelo de varios encuentros bilaterales entre funcionarios de ambos pa\u00edses.<\/span><\/p>\n<p><span style=\"font-weight: 400;\">Los mandatarios manifestaron su intenci\u00f3n de profundizar el di\u00e1logo en temas como la explotaci\u00f3n de petr\u00f3leo y gas en el mar, el desarrollo de energ\u00eda de hidr\u00f3geno y energ\u00eda nuclear. Bolsonaro defini\u00f3 la visita como \u201cuna se\u00f1al para todo el mundo de que nuestras relaciones bilaterales tienen buenas perspectivas de crecimiento&#8221;.\u00a0<\/span><\/p>\n<p><span style=\"font-weight: 400;\">Por su parte, Putin se\u00f1al\u00f3 que ambas naciones mantienen &#8220;un firme compromiso con el multilateralismo\u201d, subrayando que \u201csin dudas seguiremos en los Brics, un grupo respetado que desempe\u00f1a un papel multipolar y de gran peso econ\u00f3mico en el mundo&#8221;.<\/span><\/p>\n<p><span style=\"font-weight: 400;\">Los ministros rusos y brasile\u00f1os de Defensa y Asuntos Exteriores tambi\u00e9n se han reunido para abordar cuestiones de seguridad, energ\u00eda y agricultura. En este marco, el canciller ruso Sergu\u00e9i Lavrov anunci\u00f3 que \u201cRusia apoyar\u00e1 la candidatura de Brasil para figurar entre los miembros permanentes del Consejo de Seguridad de la ONU en el contexto de la eventual ampliaci\u00f3n de este organismo para los pa\u00edses de \u00c1frica, Am\u00e9rica y Asia&#8221;.<\/span><\/p>\n<h3><span style=\"font-weight: 400; color: #ff9900;\">Enfrentamientos en Bolivia por el 21F<\/span><\/h3>\n<p><img loading=\"lazy\" decoding=\"async\" class=\"aligncenter size-full wp-image-5114\" src=\"https:\/\/tribunavm.com.ar\/wp-content\/uploads\/2022\/02\/3A.jpg\" alt=\"\" width=\"1280\" height=\"1280\" srcset=\"https:\/\/tribunavm.com.ar\/wp-content\/uploads\/2022\/02\/3A.jpg 1280w, https:\/\/tribunavm.com.ar\/wp-content\/uploads\/2022\/02\/3A-300x300.jpg 300w, https:\/\/tribunavm.com.ar\/wp-content\/uploads\/2022\/02\/3A-1024x1024.jpg 1024w, https:\/\/tribunavm.com.ar\/wp-content\/uploads\/2022\/02\/3A-150x150.jpg 150w, https:\/\/tribunavm.com.ar\/wp-content\/uploads\/2022\/02\/3A-768x768.jpg 768w, https:\/\/tribunavm.com.ar\/wp-content\/uploads\/2022\/02\/3A-75x75.jpg 75w, https:\/\/tribunavm.com.ar\/wp-content\/uploads\/2022\/02\/3A-750x750.jpg 750w, https:\/\/tribunavm.com.ar\/wp-content\/uploads\/2022\/02\/3A-1140x1140.jpg 1140w\" sizes=\"(max-width: 1280px) 100vw, 1280px\" \/><\/p>\n<p><span style=\"font-weight: 400;\"><span class=\"dropcap \" style=\"background-color: #ffffff; color: #dd9933; border-color: #ffffff;\">E<\/span>sta semana se realizaron manifestaciones en diferentes regiones de Bolivia rememorando los seis a\u00f1os del referendo del 21 de febrero de 2016, donde se defini\u00f3 el No a la modificaci\u00f3n de la constituci\u00f3n nacional para evitar una nueva postulaci\u00f3n del expresidente Evo Morales. La convocatoria puso el foco de sus cuestionamientos contra el aparato judicial, que aval\u00f3 la presentaci\u00f3n de la lista que gan\u00f3 las elecciones en 2019.<\/span><\/p>\n<p><span style=\"font-weight: 400;\">Las movilizaciones se desplegaron en Cochabamba, La Paz, Santa Cruz, Oruro y Tarija, entre otros departamentos. Durante las mismas se produjeron enfrentamientos con otros manifestantes que se convocaron para reclamar justicia por las v\u00edctimas del Golpe de Estado de 2019.<\/span><\/p>\n<h3><span style=\"font-weight: 400; color: #ff9900;\">Brasil lanza programa de apoyo a miner\u00eda artesanal<\/span><\/h3>\n<p><img loading=\"lazy\" decoding=\"async\" class=\"aligncenter size-full wp-image-5115\" src=\"https:\/\/tribunavm.com.ar\/wp-content\/uploads\/2022\/02\/3b.jpg\" alt=\"\" width=\"1200\" height=\"800\" srcset=\"https:\/\/tribunavm.com.ar\/wp-content\/uploads\/2022\/02\/3b.jpg 1200w, https:\/\/tribunavm.com.ar\/wp-content\/uploads\/2022\/02\/3b-300x200.jpg 300w, https:\/\/tribunavm.com.ar\/wp-content\/uploads\/2022\/02\/3b-1024x683.jpg 1024w, https:\/\/tribunavm.com.ar\/wp-content\/uploads\/2022\/02\/3b-768x512.jpg 768w, https:\/\/tribunavm.com.ar\/wp-content\/uploads\/2022\/02\/3b-750x500.jpg 750w, https:\/\/tribunavm.com.ar\/wp-content\/uploads\/2022\/02\/3b-1140x760.jpg 1140w\" sizes=\"(max-width: 1200px) 100vw, 1200px\" \/><\/p>\n<p><span style=\"font-weight: 400;\"><span class=\"dropcap \" style=\"background-color: #ffffff; color: #dd9933; border-color: #ffffff;\">E<\/span>l gobierno de Brasil anunci\u00f3 el lanzamiento de un plan para ampliar la extracci\u00f3n de oro en la regi\u00f3n amaz\u00f3nica a trav\u00e9s de la firma de un decreto que crea un programa de apoyo a la miner\u00eda artesanal, un m\u00e9todo conocido como &#8220;garimpo&#8221;.<\/span><\/p>\n<p><span style=\"font-weight: 400;\">La miner\u00eda artesanal representa una actividad de peque\u00f1a escala y tradicional en Brasil, criticada por sus repercusiones ambientales en el Amazonas (se estima que la miner\u00eda destruy\u00f3 125 kil\u00f3metros cuadrados de la Amazonia en 2021) y los enfrentamientos de los &#8220;garimpeiros&#8221; con los grupos nativos de la zona.<\/span><\/p>\n<p><span style=\"font-weight: 400;\">El decreto se propone generar &#8220;pol\u00edticas p\u00fablicas y estimular el desarrollo de la miner\u00eda artesanal y de peque\u00f1a escala, fomentando el desarrollo sostenible de la regi\u00f3n y la naci\u00f3n&#8221;.<\/span><\/p>\n<\/div>\n<\/div>\n","protected":false},"excerpt":{"rendered":"<p>Slim lanza el 5G en 18 ciudades de M\u00e9xico La multinacional de telecomunicaciones America Movil, a trav\u00e9s de la empresa Telcel, anunci\u00f3 el lanzamiento de una red 5G en 18 ciudades de M\u00e9xico con una inversi\u00f3n de 1.800 d\u00f3lares. Carlos Slim, presidente del Consejo de Administraci\u00f3n de Am\u00e9rica M\u00f3vil y el decimocuarto hombre m\u00e1s rico [&hellip;]<\/p>\n","protected":false},"author":2,"featured_media":4070,"comment_status":"open","ping_status":"open","sticky":false,"template":"","format":"standard","meta":{"_exactmetrics_skip_tracking":false,"_exactmetrics_sitenote_active":false,"_exactmetrics_sitenote_note":"","_exactmetrics_sitenote_category":0,"jnews-multi-image_gallery":[],"jnews_single_post":{"source_name":"","source_url":"","via_name":"","via_url":"","override_template":"0","override":[{"template":"1","single_blog_custom":"","parallax":"1","fullscreen":"1","layout":"right-sidebar","sidebar":"default-sidebar","second_sidebar":"default-sidebar","sticky_sidebar":"1","share_position":"top","share_float_style":"share-monocrhome","show_share_counter":"1","show_view_counter":"1","show_featured":"1","show_post_meta":"1","show_post_author":"1","show_post_author_image":"1","show_post_date":"1","post_date_format":"default","post_date_format_custom":"Y\/m\/d","show_post_category":"1","show_post_reading_time":"0","post_reading_time_wpm":"300","show_zoom_button":"0","zoom_button_out_step":"2","zoom_button_in_step":"3","show_post_tag":"1","show_prev_next_post":"1","show_popup_post":"1","number_popup_post":"1","show_author_box":"0","show_post_related":"0","show_inline_post_related":"0"}],"override_image_size":"0","image_override":[{"single_post_thumbnail_size":"crop-500","single_post_gallery_size":"crop-500"}],"trending_post":"0","trending_post_position":"meta","trending_post_label":"Trending","sponsored_post":"0","sponsored_post_label":"Sponsored by","sponsored_post_name":"","sponsored_post_url":"","sponsored_post_logo_enable":"0","sponsored_post_logo":"","sponsored_post_desc":""},"jnews_primary_category":{"id":"22"},"jnews_social_meta":{"fb_title":"","fb_description":"","fb_image":"","twitter_title":"","twitter_description":"","twitter_image":""},"jnews_override_counter":{"override_view_counter":"0","view_counter_number":"0","override_share_counter":"0","share_counter_number":"0","override_like_counter":"0","like_counter_number":"0","override_dislike_counter":"0","dislike_counter_number":"0"},"_joinchat":[],"footnotes":""},"categories":[22],"tags":[230,39,69],"class_list":["post-5111","post","type-post","status-publish","format-standard","has-post-thumbnail","hentry","category-actualidad","tag-edicion-83","tag-gobierno","tag-latinoamerica"],"_links":{"self":[{"href":"https:\/\/tribunavm.com.ar\/index.php\/wp-json\/wp\/v2\/posts\/5111"}],"collection":[{"href":"https:\/\/tribunavm.com.ar\/index.php\/wp-json\/wp\/v2\/posts"}],"about":[{"href":"https:\/\/tribunavm.com.ar\/index.php\/wp-json\/wp\/v2\/types\/post"}],"author":[{"embeddable":true,"href":"https:\/\/tribunavm.com.ar\/index.php\/wp-json\/wp\/v2\/users\/2"}],"replies":[{"embeddable":true,"href":"https:\/\/tribunavm.com.ar\/index.php\/wp-json\/wp\/v2\/comments?post=5111"}],"version-history":[{"count":1,"href":"https:\/\/tribunavm.com.ar\/index.php\/wp-json\/wp\/v2\/posts\/5111\/revisions"}],"predecessor-version":[{"id":5116,"href":"https:\/\/tribunavm.com.ar\/index.php\/wp-json\/wp\/v2\/posts\/5111\/revisions\/5116"}],"wp:featuredmedia":[{"embeddable":true,"href":"https:\/\/tribunavm.com.ar\/index.php\/wp-json\/wp\/v2\/media\/4070"}],"wp:attachment":[{"href":"https:\/\/tribunavm.com.ar\/index.php\/wp-json\/wp\/v2\/media?parent=5111"}],"wp:term":[{"taxonomy":"category","embeddable":true,"href":"https:\/\/tribunavm.com.ar\/index.php\/wp-json\/wp\/v2\/categories?post=5111"},{"taxonomy":"post_tag","embeddable":true,"href":"https:\/\/tribunavm.com.ar\/index.php\/wp-json\/wp\/v2\/tags?post=5111"}],"curies":[{"name":"wp","href":"https:\/\/api.w.org\/{rel}","templated":true}]}}