{"id":5117,"date":"2022-02-28T04:05:16","date_gmt":"2022-02-28T04:05:16","guid":{"rendered":"https:\/\/tribunavm.com.ar\/?p=5117"},"modified":"2022-02-28T04:05:16","modified_gmt":"2022-02-28T04:05:16","slug":"paneo-internacionales","status":"publish","type":"post","link":"https:\/\/tribunavm.com.ar\/index.php\/2022\/02\/28\/paneo-internacionales\/","title":{"rendered":"Paneo Internacionales"},"content":{"rendered":"<div class=\"row clearfix\">\n<div class=\"col-md-8\">\n<h3><span style=\"color: #ff9900;\"><b>Conflicto ruso-ucraniano<\/b><\/span><\/h3>\n<p><img loading=\"lazy\" decoding=\"async\" class=\"aligncenter size-full wp-image-5119\" src=\"https:\/\/tribunavm.com.ar\/wp-content\/uploads\/2022\/02\/Rusia-2-png.png\" alt=\"\" width=\"514\" height=\"320\" srcset=\"https:\/\/tribunavm.com.ar\/wp-content\/uploads\/2022\/02\/Rusia-2-png.png 514w, https:\/\/tribunavm.com.ar\/wp-content\/uploads\/2022\/02\/Rusia-2-png-300x187.png 300w\" sizes=\"(max-width: 514px) 100vw, 514px\" \/><\/p>\n<p><span style=\"font-weight: 400;\"><span class=\"dropcap \" style=\"background-color: #ffffff; color: #dd9933; border-color: #ffffff;\">E<\/span>l lunes 21, Putin reconoci\u00f3 la independencia de las dos regiones del Donb\u00e1ss que est\u00e1n en el centro del conflicto entre Rusia y Ucrania: la Rep\u00fablica Popular de Donetsk y la Rep\u00fablica Popular de Lugansk. Adem\u00e1s, se firmaron dos tratados de amistad, cooperaci\u00f3n y asistencia mutua con los l\u00edderes de ambas Rep\u00fablicas Populares.<\/span><\/p>\n<p><span style=\"font-weight: 400;\">Tras d\u00edas de un aumento constante de las tensiones, el jueves 24 desde el gigante euroasi\u00e1tico se inicia una serie de \u201coperaciones militares especiales\u201d con el objetivo de \u201cdesmilitarizar y desnazificar Ucrania\u201d. Los ataques se concentraron, inicialmente, en infraestructura militar ucraniana, aunque posteriormente se inici\u00f3 la invasi\u00f3n terrestre y el ataque a ciudades del este y centro de Ucrania (entre ellas Kiev y J\u00e1rkov).<\/span><\/p>\n<p><span style=\"font-weight: 400;\">El viernes 25 el Consejo de Seguridad de la ONU realiza una sesi\u00f3n en la cual se vota la resoluci\u00f3n impulsada por Albania y EE.UU.. Dicha resoluci\u00f3n, que condenaba el ataque ruso sobre el territorio ucraniano, es vetada ese mismo viernes por la Federaci\u00f3n Rusa (miembro permanente del \u00f3rgano).<\/span><\/p>\n<p><span style=\"font-weight: 400;\">El s\u00e1bado 26, tras varias deliberaciones y siendo el corolario de una serie de sanciones econ\u00f3micas impuestas por las potencias occidentales sobre Rusia, EE.UU,\u00a0 Uni\u00f3n Europea, Reino Unido y Canad\u00e1 deciden eliminar a una &#8220;selecci\u00f3n de bancos rusos del sistema de mensajer\u00eda Swift&#8221;, lo que se traducir\u00eda en una exclusi\u00f3n del sistema de comunicaci\u00f3n interbancario y en consecuencias econ\u00f3micas.<\/span><\/p>\n<p><span style=\"font-weight: 400;\">Hasta el domingo 27, Rusia lograba asediar Kiev y J\u00e1rkov, asimismo controlaba Nova Kajovka, una peque\u00f1a ciudad ucraniana del sur ubicada estrat\u00e9gicamente en el r\u00edo Dni\u00e9per, que abastece directamente a la pen\u00ednsula de Crimea con canales de agua. Ese mismo d\u00eda se confirma una reuni\u00f3n en Bielorrusia para negociar el fin del conflicto entre ambas partes.<\/span><\/p>\n<p><span style=\"font-weight: 400;\">Hasta el momento se contabilizan 240 v\u00edctimas y m\u00e1s de mil heridos.<\/span><\/p>\n<h3><span style=\"color: #ff9900;\"><b>Canad\u00e1: la polic\u00eda disuelve manifestaciones de camioneros y antivacunas<\/b><\/span><\/h3>\n<p><img loading=\"lazy\" decoding=\"async\" class=\"aligncenter size-full wp-image-5118\" src=\"https:\/\/tribunavm.com.ar\/wp-content\/uploads\/2022\/02\/Canada-PNG.png\" alt=\"\" width=\"705\" height=\"466\" srcset=\"https:\/\/tribunavm.com.ar\/wp-content\/uploads\/2022\/02\/Canada-PNG.png 705w, https:\/\/tribunavm.com.ar\/wp-content\/uploads\/2022\/02\/Canada-PNG-300x198.png 300w\" sizes=\"(max-width: 705px) 100vw, 705px\" \/><\/p>\n<p><span style=\"font-weight: 400;\"><span class=\"dropcap \" style=\"background-color: #ffffff; color: #dd9933; border-color: #ffffff;\">C<\/span>omo hemos adelantado en la entrega anterior de este peri\u00f3dico, Canad\u00e1 vive semanas convulsas. Miles de camioneros iniciaron protestas y manifestaciones contra las medidas gubernamentales previstas para enfrentar al Covid-19, principalmente contra la propuesta de la vacunaci\u00f3n obligatoria para choferes que cruzan la frontera con Estados Unidos.<\/span><\/p>\n<p><span style=\"font-weight: 400;\">Las protestas, iniciadas por camioneros pero fortalecidas con la sumatoria de otros sectores , fueron violentamente reprimidas por las fuerzas policiales quienes utilizaron gases, granadas aturdidoras y porras para finalizar una movilizaci\u00f3n que bloque\u00f3 durante m\u00e1s de tres semanas la capital canadiense, Ottawa.<\/span><\/p>\n<p><span style=\"font-weight: 400;\">En lo que se considera uno de los mayores operativos policiales en la historia del pa\u00eds del norte, se reportaron 191 detenciones de manifestantes. A ello se debe sumar la incautaci\u00f3n de 57 veh\u00edculos (en su mayor\u00eda camiones) durante el intento de desalojar el centro de Ottawa. De esos detenidos 89 han sido liberados bajo determinadas condiciones (como la prohibici\u00f3n de acercarse a ciertas zonas), mientras el resto se encuentra en libertad de forma incondicional. Tambi\u00e9n se iniciaron investigaciones sobre el accionar de la polic\u00eda en las manifestaciones.<\/span><\/p>\n<p><span style=\"font-weight: 400;\">Cabe resaltar que las protestas en Canad\u00e1 sirvieron como punto de apoyo para el inicio de una marcha similar en Estados Unidos: la llamada &#8220;Caravana del Pueblo&#8221;, tambi\u00e9n impulsada por camioneros y otros ciudadanos que se oponen al uso de las vacunas, barbijo y otras medidas tomadas por el gobierno norteamericano para frenar la propagaci\u00f3n del Covid-19.<\/span><\/p>\n<h3><b><span style=\"color: #ff9900;\">EE.UU.: la Fed plantea subir las tasas de inter\u00e9s\u00a0<\/span> <\/b><\/h3>\n<p><img loading=\"lazy\" decoding=\"async\" class=\"aligncenter size-full wp-image-5121\" src=\"https:\/\/tribunavm.com.ar\/wp-content\/uploads\/2022\/02\/Fed-png-1.png\" alt=\"\" width=\"489\" height=\"267\" srcset=\"https:\/\/tribunavm.com.ar\/wp-content\/uploads\/2022\/02\/Fed-png-1.png 489w, https:\/\/tribunavm.com.ar\/wp-content\/uploads\/2022\/02\/Fed-png-1-300x164.png 300w\" sizes=\"(max-width: 489px) 100vw, 489px\" \/><\/p>\n<p><span style=\"font-weight: 400;\"><span class=\"dropcap \" style=\"background-color: #ffffff; color: #dd9933; border-color: #ffffff;\">L<\/span>a Reserva Federal de Estados Unidos (Fed) decidi\u00f3 aumentar las tasas de inter\u00e9s en un intento de reducir la escalada inflacionaria. Desde el Banco Mundial se llam\u00f3 a la Fed a endurecer su pol\u00edtica monetaria para evitar un proceso inflacionario duradero.<\/span><\/p>\n<p><span style=\"font-weight: 400;\">La suba prevista para marzo de este a\u00f1o ser\u00eda la primera dada en dos a\u00f1os marcados por la pandemia. Los billones de d\u00f3lares destinados a evitar la recesi\u00f3n econ\u00f3mica impulsaron una inflaci\u00f3n r\u00e9cord en EE.UU., la cual alcanz\u00f3 el 7,5% en enero, la cifra m\u00e1s alta en 40 a\u00f1os.\u00a0<\/span><\/p>\n<p><span style=\"font-weight: 400;\">Se pretende una agresiva suba de las tasas de inter\u00e9s que genere efectos contractivos. Una pol\u00edtica que podr\u00eda darse en forma de \u201cshock\u201d y no gradualmente como se esperaba inicialmente.<\/span><\/p>\n<\/div>\n<\/div>\n","protected":false},"excerpt":{"rendered":"<p>Conflicto ruso-ucraniano El lunes 21, Putin reconoci\u00f3 la independencia de las dos regiones del Donb\u00e1ss que est\u00e1n en el centro del conflicto entre Rusia y Ucrania: la Rep\u00fablica Popular de Donetsk y la Rep\u00fablica Popular de Lugansk. Adem\u00e1s, se firmaron dos tratados de amistad, cooperaci\u00f3n y asistencia mutua con los l\u00edderes de ambas Rep\u00fablicas Populares. [&hellip;]<\/p>\n","protected":false},"author":2,"featured_media":4161,"comment_status":"open","ping_status":"open","sticky":false,"template":"","format":"standard","meta":{"_exactmetrics_skip_tracking":false,"_exactmetrics_sitenote_active":false,"_exactmetrics_sitenote_note":"","_exactmetrics_sitenote_category":0,"jnews-multi-image_gallery":[],"jnews_single_post":{"source_name":"","source_url":"","via_name":"","via_url":"","override_template":"0","override":[{"template":"1","single_blog_custom":"","parallax":"1","fullscreen":"1","layout":"right-sidebar","sidebar":"default-sidebar","second_sidebar":"default-sidebar","sticky_sidebar":"1","share_position":"top","share_float_style":"share-monocrhome","show_share_counter":"1","show_view_counter":"1","show_featured":"1","show_post_meta":"1","show_post_author":"1","show_post_author_image":"1","show_post_date":"1","post_date_format":"default","post_date_format_custom":"Y\/m\/d","show_post_category":"1","show_post_reading_time":"0","post_reading_time_wpm":"300","show_zoom_button":"0","zoom_button_out_step":"2","zoom_button_in_step":"3","show_post_tag":"1","show_prev_next_post":"1","show_popup_post":"1","number_popup_post":"1","show_author_box":"0","show_post_related":"0","show_inline_post_related":"0"}],"override_image_size":"0","image_override":[{"single_post_thumbnail_size":"crop-500","single_post_gallery_size":"crop-500"}],"trending_post":"0","trending_post_position":"meta","trending_post_label":"Trending","sponsored_post":"0","sponsored_post_label":"Sponsored by","sponsored_post_name":"","sponsored_post_url":"","sponsored_post_logo_enable":"0","sponsored_post_logo":"","sponsored_post_desc":""},"jnews_primary_category":{"id":"22"},"jnews_social_meta":{"fb_title":"","fb_description":"","fb_image":"","twitter_title":"","twitter_description":"","twitter_image":""},"jnews_override_counter":{"override_view_counter":"0","view_counter_number":"0","override_share_counter":"0","share_counter_number":"0","override_like_counter":"0","like_counter_number":"0","override_dislike_counter":"0","dislike_counter_number":"0"},"_joinchat":[],"footnotes":""},"categories":[22],"tags":[230,75,35],"class_list":["post-5117","post","type-post","status-publish","format-standard","has-post-thumbnail","hentry","category-actualidad","tag-edicion-83","tag-internacional","tag-trabajadores"],"_links":{"self":[{"href":"https:\/\/tribunavm.com.ar\/index.php\/wp-json\/wp\/v2\/posts\/5117"}],"collection":[{"href":"https:\/\/tribunavm.com.ar\/index.php\/wp-json\/wp\/v2\/posts"}],"about":[{"href":"https:\/\/tribunavm.com.ar\/index.php\/wp-json\/wp\/v2\/types\/post"}],"author":[{"embeddable":true,"href":"https:\/\/tribunavm.com.ar\/index.php\/wp-json\/wp\/v2\/users\/2"}],"replies":[{"embeddable":true,"href":"https:\/\/tribunavm.com.ar\/index.php\/wp-json\/wp\/v2\/comments?post=5117"}],"version-history":[{"count":1,"href":"https:\/\/tribunavm.com.ar\/index.php\/wp-json\/wp\/v2\/posts\/5117\/revisions"}],"predecessor-version":[{"id":5122,"href":"https:\/\/tribunavm.com.ar\/index.php\/wp-json\/wp\/v2\/posts\/5117\/revisions\/5122"}],"wp:featuredmedia":[{"embeddable":true,"href":"https:\/\/tribunavm.com.ar\/index.php\/wp-json\/wp\/v2\/media\/4161"}],"wp:attachment":[{"href":"https:\/\/tribunavm.com.ar\/index.php\/wp-json\/wp\/v2\/media?parent=5117"}],"wp:term":[{"taxonomy":"category","embeddable":true,"href":"https:\/\/tribunavm.com.ar\/index.php\/wp-json\/wp\/v2\/categories?post=5117"},{"taxonomy":"post_tag","embeddable":true,"href":"https:\/\/tribunavm.com.ar\/index.php\/wp-json\/wp\/v2\/tags?post=5117"}],"curies":[{"name":"wp","href":"https:\/\/api.w.org\/{rel}","templated":true}]}}