{"id":5154,"date":"2022-03-04T19:43:32","date_gmt":"2022-03-04T19:43:32","guid":{"rendered":"https:\/\/tribunavm.com.ar\/?p=5154"},"modified":"2022-03-04T19:43:32","modified_gmt":"2022-03-04T19:43:32","slug":"voto-cantado-plebiscito-popular-a-la-deuda-con-el-fmi","status":"publish","type":"post","link":"https:\/\/tribunavm.com.ar\/index.php\/2022\/03\/04\/voto-cantado-plebiscito-popular-a-la-deuda-con-el-fmi\/","title":{"rendered":"Voto cantado: plebiscito popular a la deuda con el FMI"},"content":{"rendered":"<div class=\"row clearfix\">\n<div class=\"col-md-8\">\n<p><span style=\"color: #212121; font-size: 1.5em; letter-spacing: -0.01em;\">Ayer comenz\u00f3 en todo el pa\u00eds una jornada para plebiscitar el pago de la deuda externa impulsada por Barrios de Pie. El mismo d\u00eda se di\u00f3 a conocer el acuerdo del Gobierno argentino con el Fondo.<\/span><\/p>\n<p><span style=\"font-weight: 400;\"><span class=\"dropcap \" style=\"background-color: #ffffff; color: #dd9933; border-color: #ffffff;\">D<\/span>urante el d\u00eda de ayer, integrantes de la organizaci\u00f3n \u201cBarrios de Pie&#8221;, lanzaron un plebiscito en todo el pa\u00eds titulado \u201c1 mill\u00f3n de votos contra el FMI\u201d.<\/span><\/p>\n<p><span style=\"font-weight: 400;\">En ese marco, los integrantes de la organizaci\u00f3n se apostaron en dos puntos de Villa Mar\u00eda para darle curso a la votaci\u00f3n y\u00a0 conversar con los vecinos de la ciudad y comentarles acerca del acuerdo y sus consecuencias en la educaci\u00f3n, la salud, el sistema previsional, entre otros.<\/span><\/p>\n<p><span style=\"font-weight: 400;\">Desde Tribuna Villa Mar\u00eda, nos hicimos presentes y conversamos con los promotores.\u00a0<\/span><\/p>\n<p><span style=\"font-weight: 400;\">\u201cEstamos haciendo una consulta popular para ver si la gente est\u00e1 de acuerdo que el pueblo tenga que seguir pagando una deuda externa que lo perjudica, por ejemplo a los jubilados que cobran la m\u00ednima\u201d, coment\u00f3 Cristian, quien se encontraba en una de las paradas del Centro de Transferencia. A su vez, sostuvo que \u201cdeber\u00eda dejar de pagar el pueblo y que la paguen quienes la pidieron y la usaron para su beneficio\u201d.\u00a0<\/span><\/p>\n<p><img loading=\"lazy\" decoding=\"async\" class=\"aligncenter wp-image-5155 size-jnews-360x504\" src=\"https:\/\/tribunavm.com.ar\/wp-content\/uploads\/2022\/03\/WhatsApp-Image-2022-03-03-at-10.31.58-AM-360x504.jpeg\" alt=\"\" width=\"360\" height=\"504\" \/><\/p>\n<p><span style=\"font-weight: 400;\">Por otra parte, en la urna ubicada en la peatonal por calle San Martin, Melisa nos explic\u00f3 que \u201cle estamos haciendo una encuesta a la gente para que pueda expresar su opini\u00f3n respecto al pago de la deuda externa de Argentina\u201d. A su vez, Graciela, su compa\u00f1era, relat\u00f3, \u201cestamos haciendo esto en todo el pa\u00eds. En la provincia de C\u00f3rdoba estamos en Villa Mar\u00eda, R\u00edo Cuarto, Capital y Bell Ville. Actualmente somos 21 compa\u00f1eros haciendo grupos y reparti\u00e9ndose por la ciudad para llevar adelante la actividad\u201d.<\/span><\/p>\n<p><span style=\"font-weight: 400;\">La actividad se desarrollar\u00e1 hasta el domingo 6 e ir\u00e1 circulando por otros puntos, como por ejemplo la Costanera y el Parque de la Vida que ser\u00e1n lugares de encuentro durante el fin de semana.<\/span><\/p>\n<p><span style=\"color: #ff9900;\"><b>Acuerdo con el Fondo<\/b><\/span><\/p>\n<p><span style=\"font-weight: 400;\">El gobierno argentino, di\u00f3 a conocer ayer que lleg\u00f3 a un acuerdo con el Fondo Monetario Internacional (FMI), el cual ser\u00e1 tratado en el Congreso de la Naci\u00f3n. El mismo es para refinanciar la deuda contra\u00edda por Juntos por el Cambio por 45 millones de d\u00f3lares.<\/span><\/p>\n<p><span style=\"font-weight: 400;\">Entre los puntos acordados, el FMI, realizar\u00e1 revisiones trimestrales de la pol\u00edtica econ\u00f3mica aplicada para ir avanzando en los desembolsos de capital que servir\u00e1n para continuar pagando deuda.<\/span><\/p>\n<p><span style=\"font-weight: 400;\">Los puntos nodales del acuerdo incluyen la reducci\u00f3n del deficit fiscal, es decir disminuci\u00f3n del gasto p\u00fablico destinado, por ejemplo, a programas sociales; reducci\u00f3n de los subsidios del Estado al consumo energ\u00e9tico; y la reducci\u00f3n de la inflaci\u00f3n, con aumento de las tasas de inter\u00e9s.<\/span><\/p>\n<\/div>\n<\/div>\n","protected":false},"excerpt":{"rendered":"<p>Ayer comenz\u00f3 en todo el pa\u00eds una jornada para plebiscitar el pago de la deuda externa impulsada por Barrios de Pie. El mismo d\u00eda se di\u00f3 a conocer el acuerdo del Gobierno argentino con el Fondo. Durante el d\u00eda de ayer, integrantes de la organizaci\u00f3n \u201cBarrios de Pie&#8221;, lanzaron un plebiscito en todo el pa\u00eds [&hellip;]<\/p>\n","protected":false},"author":2,"featured_media":5156,"comment_status":"open","ping_status":"open","sticky":false,"template":"","format":"standard","meta":{"_exactmetrics_skip_tracking":false,"_exactmetrics_sitenote_active":false,"_exactmetrics_sitenote_note":"","_exactmetrics_sitenote_category":0,"jnews-multi-image_gallery":[],"jnews_single_post":{"source_name":"","source_url":"","via_name":"","via_url":"","override_template":"0","override":[{"template":"1","single_blog_custom":"","parallax":"1","fullscreen":"1","layout":"right-sidebar","sidebar":"default-sidebar","second_sidebar":"default-sidebar","sticky_sidebar":"1","share_position":"top","share_float_style":"share-monocrhome","show_share_counter":"1","show_view_counter":"1","show_featured":"1","show_post_meta":"1","show_post_author":"1","show_post_author_image":"1","show_post_date":"1","post_date_format":"default","post_date_format_custom":"Y\/m\/d","show_post_category":"1","show_post_reading_time":"0","post_reading_time_wpm":"300","show_zoom_button":"0","zoom_button_out_step":"2","zoom_button_in_step":"3","show_post_tag":"1","show_prev_next_post":"1","show_popup_post":"1","number_popup_post":"1","show_author_box":"0","show_post_related":"0","show_inline_post_related":"0"}],"override_image_size":"0","image_override":[{"single_post_thumbnail_size":"crop-500","single_post_gallery_size":"crop-500"}],"trending_post":"0","trending_post_position":"meta","trending_post_label":"Trending","sponsored_post":"0","sponsored_post_label":"Sponsored by","sponsored_post_name":"","sponsored_post_url":"","sponsored_post_logo_enable":"0","sponsored_post_logo":"","sponsored_post_desc":""},"jnews_primary_category":{"id":""},"jnews_social_meta":{"fb_title":"","fb_description":"","fb_image":"","twitter_title":"","twitter_description":"","twitter_image":""},"jnews_override_counter":{"override_view_counter":"0","view_counter_number":"0","override_share_counter":"0","share_counter_number":"0","override_like_counter":"0","like_counter_number":"0","override_dislike_counter":"0","dislike_counter_number":"0"},"_joinchat":[],"footnotes":""},"categories":[22],"tags":[],"class_list":["post-5154","post","type-post","status-publish","format-standard","has-post-thumbnail","hentry","category-actualidad"],"_links":{"self":[{"href":"https:\/\/tribunavm.com.ar\/index.php\/wp-json\/wp\/v2\/posts\/5154"}],"collection":[{"href":"https:\/\/tribunavm.com.ar\/index.php\/wp-json\/wp\/v2\/posts"}],"about":[{"href":"https:\/\/tribunavm.com.ar\/index.php\/wp-json\/wp\/v2\/types\/post"}],"author":[{"embeddable":true,"href":"https:\/\/tribunavm.com.ar\/index.php\/wp-json\/wp\/v2\/users\/2"}],"replies":[{"embeddable":true,"href":"https:\/\/tribunavm.com.ar\/index.php\/wp-json\/wp\/v2\/comments?post=5154"}],"version-history":[{"count":1,"href":"https:\/\/tribunavm.com.ar\/index.php\/wp-json\/wp\/v2\/posts\/5154\/revisions"}],"predecessor-version":[{"id":5157,"href":"https:\/\/tribunavm.com.ar\/index.php\/wp-json\/wp\/v2\/posts\/5154\/revisions\/5157"}],"wp:featuredmedia":[{"embeddable":true,"href":"https:\/\/tribunavm.com.ar\/index.php\/wp-json\/wp\/v2\/media\/5156"}],"wp:attachment":[{"href":"https:\/\/tribunavm.com.ar\/index.php\/wp-json\/wp\/v2\/media?parent=5154"}],"wp:term":[{"taxonomy":"category","embeddable":true,"href":"https:\/\/tribunavm.com.ar\/index.php\/wp-json\/wp\/v2\/categories?post=5154"},{"taxonomy":"post_tag","embeddable":true,"href":"https:\/\/tribunavm.com.ar\/index.php\/wp-json\/wp\/v2\/tags?post=5154"}],"curies":[{"name":"wp","href":"https:\/\/api.w.org\/{rel}","templated":true}]}}