{"id":5232,"date":"2022-03-14T02:59:16","date_gmt":"2022-03-14T02:59:16","guid":{"rendered":"https:\/\/tribunavm.com.ar\/?p=5232"},"modified":"2022-03-14T02:59:22","modified_gmt":"2022-03-14T02:59:22","slug":"aumenta-la-concentracion-de-la-riqueza-en-uruguay","status":"publish","type":"post","link":"https:\/\/tribunavm.com.ar\/index.php\/2022\/03\/14\/aumenta-la-concentracion-de-la-riqueza-en-uruguay\/","title":{"rendered":"Aumenta la concentraci\u00f3n de la riqueza en Uruguay"},"content":{"rendered":"<div class=\"row clearfix\">\n<div class=\"col-md-8\">\n<p><span style=\"font-weight: 400;\"><span class=\"dropcap \" style=\"background-color: #ffffff; color: #dd9933; border-color: #ffffff;\">E<\/span>n un <\/span><a href=\"https:\/\/www.aebu.org.uy\/sites\/default\/files\/2022-03\/Informe%20CTA_feb2022.pdf\"><span style=\"font-weight: 400;\"><span style=\"color: #ff9900;\">informe<\/span> <\/span><\/a><span style=\"font-weight: 400;\">de la Comisi\u00f3n T\u00e9cnica Asesora de Asociaci\u00f3n de Bancarios del Uruguay (AEBU) develaron que la concentraci\u00f3n de la riqueza en el pa\u00eds se ha profundizado.<\/span><\/p>\n<p><span style=\"font-weight: 400;\">\u201cLa \u00b4torta\u00b4 se reparte peor: cuando cae el PBI el ingreso de las familias cae m\u00e1s; cuando el PBI crece, el ingreso de las familias crece menos. No ha existido efecto derrame del crecimiento\u201d, dice el informe.<\/span><\/p>\n<p><span style=\"font-weight: 400;\">Adem\u00e1s, remarcan que \u201cmientras la econom\u00eda atraves\u00f3 una crisis, los dep\u00f3sitos bancarios tuvieron crecimiento, y este se increment\u00f3 en forma r\u00e9cord en la etapa de expansi\u00f3n econ\u00f3mica\u201d.<\/span><\/p>\n<p><span style=\"font-weight: 400;\">Todo ello en un contexto en el cual \u201clos efectos de la inflaci\u00f3n y la pol\u00edtica que baja el poder adquisitivo impactan m\u00e1s fuertemente sobre los hogares de menores ingresos, que tienen menos capacidad de ahorro, si es que la tienen\u201d, sumado a un aumento de la pobreza infantil.<\/span><\/p>\n<p><span style=\"font-weight: 400;\">\u201cLos hogares del 20% m\u00e1s pobre de la poblaci\u00f3n (1er quintil) tienen un ingreso que no les alcanza para cubrir todo su consumo mensual\u201d, comentan desde la Comisi\u00f3n.<\/span><\/p>\n<p><span style=\"font-weight: 400;\">Otro de los puntos del informe apunta a que \u201cla pol\u00edtica salarial del gobierno ha determinado una p\u00e9rdida constante de capacidad de compra por parte de los sectores de ingresos fijos\u201d. \u201cEl camino hacia una recuperaci\u00f3n salarial al final del per\u00edodo se ve cada vez menos claro y mientras tanto la mayor\u00eda de la poblaci\u00f3n acumula meses de p\u00e9rdida de ingresos\u201d, concluye.<\/span><\/p>\n<\/div>\n<\/div>\n","protected":false},"excerpt":{"rendered":"<p>En un informe de la Comisi\u00f3n T\u00e9cnica Asesora de Asociaci\u00f3n de Bancarios del Uruguay (AEBU) develaron que la concentraci\u00f3n de la riqueza en el pa\u00eds se ha profundizado. \u201cLa \u00b4torta\u00b4 se reparte peor: cuando cae el PBI el ingreso de las familias cae m\u00e1s; cuando el PBI crece, el ingreso de las familias crece menos. [&hellip;]<\/p>\n","protected":false},"author":2,"featured_media":5238,"comment_status":"open","ping_status":"open","sticky":false,"template":"","format":"standard","meta":{"_exactmetrics_skip_tracking":false,"_exactmetrics_sitenote_active":false,"_exactmetrics_sitenote_note":"","_exactmetrics_sitenote_category":0,"jnews-multi-image_gallery":[],"jnews_single_post":{"source_name":"","source_url":"","via_name":"","via_url":"","override_template":"0","override":[{"template":"1","single_blog_custom":"","parallax":"1","fullscreen":"1","layout":"right-sidebar","sidebar":"default-sidebar","second_sidebar":"default-sidebar","sticky_sidebar":"1","share_position":"top","share_float_style":"share-monocrhome","show_share_counter":"1","show_view_counter":"1","show_featured":"1","show_post_meta":"1","show_post_author":"1","show_post_author_image":"1","show_post_date":"1","post_date_format":"default","post_date_format_custom":"Y\/m\/d","show_post_category":"1","show_post_reading_time":"0","post_reading_time_wpm":"300","show_zoom_button":"0","zoom_button_out_step":"2","zoom_button_in_step":"3","show_post_tag":"1","show_prev_next_post":"1","show_popup_post":"1","number_popup_post":"1","show_author_box":"0","show_post_related":"0","show_inline_post_related":"0"}],"override_image_size":"0","image_override":[{"single_post_thumbnail_size":"crop-500","single_post_gallery_size":"crop-500"}],"trending_post":"0","trending_post_position":"meta","trending_post_label":"Trending","sponsored_post":"0","sponsored_post_label":"Sponsored by","sponsored_post_name":"","sponsored_post_url":"","sponsored_post_logo_enable":"0","sponsored_post_logo":"","sponsored_post_desc":""},"jnews_primary_category":{"id":"22"},"jnews_social_meta":{"fb_title":"","fb_description":"","fb_image":"","twitter_title":"","twitter_description":"","twitter_image":""},"jnews_override_counter":{"override_view_counter":"0","view_counter_number":"0","override_share_counter":"0","share_counter_number":"0","override_like_counter":"0","like_counter_number":"0","override_dislike_counter":"0","dislike_counter_number":"0"},"_joinchat":[],"footnotes":""},"categories":[22],"tags":[232,69],"class_list":["post-5232","post","type-post","status-publish","format-standard","has-post-thumbnail","hentry","category-actualidad","tag-edicion-84","tag-latinoamerica"],"_links":{"self":[{"href":"https:\/\/tribunavm.com.ar\/index.php\/wp-json\/wp\/v2\/posts\/5232"}],"collection":[{"href":"https:\/\/tribunavm.com.ar\/index.php\/wp-json\/wp\/v2\/posts"}],"about":[{"href":"https:\/\/tribunavm.com.ar\/index.php\/wp-json\/wp\/v2\/types\/post"}],"author":[{"embeddable":true,"href":"https:\/\/tribunavm.com.ar\/index.php\/wp-json\/wp\/v2\/users\/2"}],"replies":[{"embeddable":true,"href":"https:\/\/tribunavm.com.ar\/index.php\/wp-json\/wp\/v2\/comments?post=5232"}],"version-history":[{"count":1,"href":"https:\/\/tribunavm.com.ar\/index.php\/wp-json\/wp\/v2\/posts\/5232\/revisions"}],"predecessor-version":[{"id":5239,"href":"https:\/\/tribunavm.com.ar\/index.php\/wp-json\/wp\/v2\/posts\/5232\/revisions\/5239"}],"wp:featuredmedia":[{"embeddable":true,"href":"https:\/\/tribunavm.com.ar\/index.php\/wp-json\/wp\/v2\/media\/5238"}],"wp:attachment":[{"href":"https:\/\/tribunavm.com.ar\/index.php\/wp-json\/wp\/v2\/media?parent=5232"}],"wp:term":[{"taxonomy":"category","embeddable":true,"href":"https:\/\/tribunavm.com.ar\/index.php\/wp-json\/wp\/v2\/categories?post=5232"},{"taxonomy":"post_tag","embeddable":true,"href":"https:\/\/tribunavm.com.ar\/index.php\/wp-json\/wp\/v2\/tags?post=5232"}],"curies":[{"name":"wp","href":"https:\/\/api.w.org\/{rel}","templated":true}]}}