{"id":5301,"date":"2022-03-27T18:50:37","date_gmt":"2022-03-27T18:50:37","guid":{"rendered":"https:\/\/tribunavm.com.ar\/?p=5301"},"modified":"2022-03-27T18:50:48","modified_gmt":"2022-03-27T18:50:48","slug":"el-ejercicio-de-la-memoria","status":"publish","type":"post","link":"https:\/\/tribunavm.com.ar\/index.php\/2022\/03\/27\/el-ejercicio-de-la-memoria\/","title":{"rendered":"El ejercicio de la memoria"},"content":{"rendered":"<div class=\"row clearfix\">\n<div class=\"col-md-8\">\n<p><span style=\"color: #212121; font-size: 1.5em; letter-spacing: -0.01em;\">En el marco del 44 aniversario del golpe de estado de 1976 se realizaron actos y movilizaciones en todo el pa\u00eds.<\/span><\/p>\n<p><span style=\"font-weight: 400;\"><span class=\"dropcap \" style=\"background-color: #ffffff; color: #dd9933; border-color: #ffffff;\">E<\/span>l viernes 24 de marzo se cumpli\u00f3 un nuevo aniversario del inicio de la Dictadura Militar en el a\u00f1o 1976. En ese marco, se realizaron jornadas de movilizaci\u00f3n por el D\u00eda Nacional de la Memoria por la Verdad y la Justicia.<\/span><\/p>\n<p><span style=\"font-weight: 400;\">Las marchas, concentraciones y actos se replicaron en las provincias de C\u00f3rdoba, Mendoza, Santiago del Estero, Corrientes, Neuqu\u00e9n, Santa Cruz, Jujuy, Salta, Chubut, Tucum\u00e1n, San Luis, La Rioja y Tierra del Fuego.<\/span><\/p>\n<p><span style=\"font-weight: 400;\">Adem\u00e1s, en la ciudad de Buenos Aires las organizaciones Abuelas de Plaza de Mayo, Madres de Plaza de Mayo L\u00ednea Fundadora, H.I.J.O.S. Capital, la Asamblea Permanente por los Derechos Humanos, entre otras; convocaron \u201ca participar de una jornada hist\u00f3rica de ejercicio de memoria para repudiar el golpe de Estado y recordar a sus v\u00edctimas\u201d.\u00a0<\/span><\/p>\n<p><span style=\"font-weight: 400;\">La misma se realiz\u00f3 en Plaza de Mayo con una asistencia multitudinaria y la participaci\u00f3n de organizaciones sociales, partidos pol\u00edticos, sindicatos y centrales obreras con sus respectivas consignas. En la provincia de Buenos Aires tambi\u00e9n se realizaron movilizaciones en La Plata, Quilmes y Bah\u00eda Blanca.<\/span><\/p>\n<p><span style=\"font-weight: 400;\">En la provincia de Santa Fe se realizaron dos importantes movilizaciones. En la capital provincial el Foro Contra la Impunidad y por la Justicia realiz\u00f3 un acto en el Pante\u00f3n de la Memoria y luego una concentraci\u00f3n en la plaza 25 de Mayo, frente a la Casa de Gobierno. Mientras tanto, en Rosario realizaron una vigilia la noche anterior y, durante el d\u00eda, los organismos de derechos humanos, sindicatos y agrupaciones estudiantiles se concentraron en la plaza San Mart\u00edn para marchar hacia el Monumento Nacional a la Bandera.\u00a0<\/span><\/p>\n<p><span style=\"font-weight: 400;\">En la ciudad de Villa Mar\u00eda se realiz\u00f3 una grilla de actividades organizada por la Mesa de derechos humanos local, conformada por distintas organizaciones y militantes de la ciudad, que comenz\u00f3 una semana previa hasta el 25 de marzo. La marcha y concentraci\u00f3n de la vigilia debi\u00f3 reprogramarse por las condiciones clim\u00e1ticas.<\/span><\/p>\n<\/div>\n<\/div>\n","protected":false},"excerpt":{"rendered":"<p>En el marco del 44 aniversario del golpe de estado de 1976 se realizaron actos y movilizaciones en todo el pa\u00eds. El viernes 24 de marzo se cumpli\u00f3 un nuevo aniversario del inicio de la Dictadura Militar en el a\u00f1o 1976. En ese marco, se realizaron jornadas de movilizaci\u00f3n por el D\u00eda Nacional de la [&hellip;]<\/p>\n","protected":false},"author":2,"featured_media":5302,"comment_status":"open","ping_status":"open","sticky":false,"template":"","format":"standard","meta":{"_exactmetrics_skip_tracking":false,"_exactmetrics_sitenote_active":false,"_exactmetrics_sitenote_note":"","_exactmetrics_sitenote_category":0,"jnews-multi-image_gallery":[],"jnews_single_post":{"source_name":"","source_url":"","via_name":"","via_url":"","override_template":"0","override":[{"template":"1","single_blog_custom":"","parallax":"1","fullscreen":"1","layout":"right-sidebar","sidebar":"default-sidebar","second_sidebar":"default-sidebar","sticky_sidebar":"1","share_position":"top","share_float_style":"share-monocrhome","show_share_counter":"1","show_view_counter":"1","show_featured":"1","show_post_meta":"1","show_post_author":"1","show_post_author_image":"1","show_post_date":"1","post_date_format":"default","post_date_format_custom":"Y\/m\/d","show_post_category":"1","show_post_reading_time":"0","post_reading_time_wpm":"300","show_zoom_button":"0","zoom_button_out_step":"2","zoom_button_in_step":"3","show_post_tag":"1","show_prev_next_post":"1","show_popup_post":"1","number_popup_post":"1","show_author_box":"0","show_post_related":"0","show_inline_post_related":"0"}],"override_image_size":"0","image_override":[{"single_post_thumbnail_size":"crop-500","single_post_gallery_size":"crop-500"}],"trending_post":"0","trending_post_position":"meta","trending_post_label":"Trending","sponsored_post":"0","sponsored_post_label":"Sponsored by","sponsored_post_name":"","sponsored_post_url":"","sponsored_post_logo_enable":"0","sponsored_post_logo":"","sponsored_post_desc":""},"jnews_primary_category":{"id":"22"},"jnews_social_meta":{"fb_title":"","fb_description":"","fb_image":"","twitter_title":"","twitter_description":"","twitter_image":""},"jnews_override_counter":{"override_view_counter":"0","view_counter_number":"0","override_share_counter":"0","share_counter_number":"0","override_like_counter":"0","like_counter_number":"0","override_dislike_counter":"0","dislike_counter_number":"0"},"_joinchat":[],"footnotes":""},"categories":[22],"tags":[80,237,244,85],"class_list":["post-5301","post","type-post","status-publish","format-standard","has-post-thumbnail","hentry","category-actualidad","tag-deuda","tag-edicion-85","tag-militares","tag-movilizaciones"],"_links":{"self":[{"href":"https:\/\/tribunavm.com.ar\/index.php\/wp-json\/wp\/v2\/posts\/5301"}],"collection":[{"href":"https:\/\/tribunavm.com.ar\/index.php\/wp-json\/wp\/v2\/posts"}],"about":[{"href":"https:\/\/tribunavm.com.ar\/index.php\/wp-json\/wp\/v2\/types\/post"}],"author":[{"embeddable":true,"href":"https:\/\/tribunavm.com.ar\/index.php\/wp-json\/wp\/v2\/users\/2"}],"replies":[{"embeddable":true,"href":"https:\/\/tribunavm.com.ar\/index.php\/wp-json\/wp\/v2\/comments?post=5301"}],"version-history":[{"count":1,"href":"https:\/\/tribunavm.com.ar\/index.php\/wp-json\/wp\/v2\/posts\/5301\/revisions"}],"predecessor-version":[{"id":5303,"href":"https:\/\/tribunavm.com.ar\/index.php\/wp-json\/wp\/v2\/posts\/5301\/revisions\/5303"}],"wp:featuredmedia":[{"embeddable":true,"href":"https:\/\/tribunavm.com.ar\/index.php\/wp-json\/wp\/v2\/media\/5302"}],"wp:attachment":[{"href":"https:\/\/tribunavm.com.ar\/index.php\/wp-json\/wp\/v2\/media?parent=5301"}],"wp:term":[{"taxonomy":"category","embeddable":true,"href":"https:\/\/tribunavm.com.ar\/index.php\/wp-json\/wp\/v2\/categories?post=5301"},{"taxonomy":"post_tag","embeddable":true,"href":"https:\/\/tribunavm.com.ar\/index.php\/wp-json\/wp\/v2\/tags?post=5301"}],"curies":[{"name":"wp","href":"https:\/\/api.w.org\/{rel}","templated":true}]}}