{"id":5336,"date":"2022-03-27T20:31:28","date_gmt":"2022-03-27T20:31:28","guid":{"rendered":"https:\/\/tribunavm.com.ar\/?p=5336"},"modified":"2022-03-27T20:31:28","modified_gmt":"2022-03-27T20:31:28","slug":"petroleros-demandan-libre-acceso-a-dolares","status":"publish","type":"post","link":"https:\/\/tribunavm.com.ar\/index.php\/2022\/03\/27\/petroleros-demandan-libre-acceso-a-dolares\/","title":{"rendered":"Petroleros demandan libre acceso a d\u00f3lares\u00a0"},"content":{"rendered":"<div class=\"row clearfix\">\n<div class=\"col-md-8\">\n<div class=\"intro-text\">\n<p><span style=\"font-weight: 400;\">El ministro de Econom\u00eda particip\u00f3 en un encuentro con las principales empresas hidrocarbur\u00edferas asentadas en el pa\u00eds.<\/span><\/p>\n<\/div>\n<p><span style=\"font-weight: 400;\"><span class=\"dropcap \" style=\"background-color: #ffffff; color: #dd9933; border-color: #ffffff;\">L<\/span>a semana pasada se llev\u00f3 a cabo la XIII Argentina Oil &amp; Gas, organizada por el Instituto Argentino de Petr\u00f3leo y GAS (IAPG), en el predio de La Rural en Capital Federal.<\/span><\/p>\n<p><span style=\"font-weight: 400;\">En el evento, que convoc\u00f3 a m\u00e1s de 200 empresas de la cadena de valor del petr\u00f3leo y gas, particip\u00f3 el ministro de Econom\u00eda, Mart\u00edn Guzm\u00e1n, qui\u00e9n mantuvo un encuentro privado con representantes de YPF, Pan American Energy (PAE), Wintershall, Shell, Pampa Energ\u00eda, Tenaris, Tecpetrol y Raizen.<\/span><\/p>\n<p><span style=\"font-weight: 400;\">Durante la reuni\u00f3n se discutieron proyecciones sobre el efecto de la suba de los commodities en el pa\u00eds. \u201cDesde el punto de vista de la balanza de pagos, a los precios de hoy, nosotros vemos que el efecto es neutral. Se compensa el impacto que tiene el shock en las commodities\u201d, asegur\u00f3 Guzm\u00e1n, destacando a su vez al sector como el de \u201dmayor potencial exportador de la estructura econ\u00f3mica argentina\u201d.<\/span><\/p>\n<p><span style=\"font-weight: 400;\">Por su parte, los empresarios reclamaron el libre acceso al mercado de capitales, al criticar la obligaci\u00f3n de liquidar las ganancias de sus exportaciones a moneda local argumentando que el sector de hidrocarburos realiza sus inversiones en d\u00f3lares.<\/span><\/p>\n<\/div>\n<\/div>\n","protected":false},"excerpt":{"rendered":"<p>El ministro de Econom\u00eda particip\u00f3 en un encuentro con las principales empresas hidrocarbur\u00edferas asentadas en el pa\u00eds. La semana pasada se llev\u00f3 a cabo la XIII Argentina Oil &amp; Gas, organizada por el Instituto Argentino de Petr\u00f3leo y GAS (IAPG), en el predio de La Rural en Capital Federal. En el evento, que convoc\u00f3 a [&hellip;]<\/p>\n","protected":false},"author":2,"featured_media":5337,"comment_status":"open","ping_status":"open","sticky":false,"template":"","format":"standard","meta":{"_exactmetrics_skip_tracking":false,"_exactmetrics_sitenote_active":false,"_exactmetrics_sitenote_note":"","_exactmetrics_sitenote_category":0,"jnews-multi-image_gallery":[],"jnews_single_post":{"source_name":"","source_url":"","via_name":"","via_url":"","override_template":"0","override":[{"template":"1","single_blog_custom":"","parallax":"1","fullscreen":"1","layout":"right-sidebar","sidebar":"default-sidebar","second_sidebar":"default-sidebar","sticky_sidebar":"1","share_position":"top","share_float_style":"share-monocrhome","show_share_counter":"1","show_view_counter":"1","show_featured":"1","show_post_meta":"1","show_post_author":"1","show_post_author_image":"1","show_post_date":"1","post_date_format":"default","post_date_format_custom":"Y\/m\/d","show_post_category":"1","show_post_reading_time":"0","post_reading_time_wpm":"300","show_zoom_button":"0","zoom_button_out_step":"2","zoom_button_in_step":"3","show_post_tag":"1","show_prev_next_post":"1","show_popup_post":"1","number_popup_post":"1","show_author_box":"0","show_post_related":"0","show_inline_post_related":"0"}],"override_image_size":"0","image_override":[{"single_post_thumbnail_size":"crop-500","single_post_gallery_size":"crop-500"}],"trending_post":"0","trending_post_position":"meta","trending_post_label":"Trending","sponsored_post":"0","sponsored_post_label":"Sponsored by","sponsored_post_name":"","sponsored_post_url":"","sponsored_post_logo_enable":"0","sponsored_post_logo":"","sponsored_post_desc":""},"jnews_primary_category":{"id":"22"},"jnews_social_meta":{"fb_title":"","fb_description":"","fb_image":"","twitter_title":"","twitter_description":"","twitter_image":""},"jnews_override_counter":{"override_view_counter":"0","view_counter_number":"0","override_share_counter":"0","share_counter_number":"0","override_like_counter":"0","like_counter_number":"0","override_dislike_counter":"0","dislike_counter_number":"0"},"_joinchat":[],"footnotes":""},"categories":[22],"tags":[237,46,39],"class_list":["post-5336","post","type-post","status-publish","format-standard","has-post-thumbnail","hentry","category-actualidad","tag-edicion-85","tag-energia","tag-gobierno"],"_links":{"self":[{"href":"https:\/\/tribunavm.com.ar\/index.php\/wp-json\/wp\/v2\/posts\/5336"}],"collection":[{"href":"https:\/\/tribunavm.com.ar\/index.php\/wp-json\/wp\/v2\/posts"}],"about":[{"href":"https:\/\/tribunavm.com.ar\/index.php\/wp-json\/wp\/v2\/types\/post"}],"author":[{"embeddable":true,"href":"https:\/\/tribunavm.com.ar\/index.php\/wp-json\/wp\/v2\/users\/2"}],"replies":[{"embeddable":true,"href":"https:\/\/tribunavm.com.ar\/index.php\/wp-json\/wp\/v2\/comments?post=5336"}],"version-history":[{"count":1,"href":"https:\/\/tribunavm.com.ar\/index.php\/wp-json\/wp\/v2\/posts\/5336\/revisions"}],"predecessor-version":[{"id":5338,"href":"https:\/\/tribunavm.com.ar\/index.php\/wp-json\/wp\/v2\/posts\/5336\/revisions\/5338"}],"wp:featuredmedia":[{"embeddable":true,"href":"https:\/\/tribunavm.com.ar\/index.php\/wp-json\/wp\/v2\/media\/5337"}],"wp:attachment":[{"href":"https:\/\/tribunavm.com.ar\/index.php\/wp-json\/wp\/v2\/media?parent=5336"}],"wp:term":[{"taxonomy":"category","embeddable":true,"href":"https:\/\/tribunavm.com.ar\/index.php\/wp-json\/wp\/v2\/categories?post=5336"},{"taxonomy":"post_tag","embeddable":true,"href":"https:\/\/tribunavm.com.ar\/index.php\/wp-json\/wp\/v2\/tags?post=5336"}],"curies":[{"name":"wp","href":"https:\/\/api.w.org\/{rel}","templated":true}]}}