{"id":539,"date":"2019-09-19T14:02:14","date_gmt":"2019-09-19T14:02:14","guid":{"rendered":"https:\/\/tribunavm.com.ar\/?p=539"},"modified":"2019-10-22T14:26:52","modified_gmt":"2019-10-22T14:26:52","slug":"redes-de-educadores-populares","status":"publish","type":"post","link":"https:\/\/tribunavm.com.ar\/index.php\/2019\/09\/19\/redes-de-educadores-populares\/","title":{"rendered":"Redes de educadores populares"},"content":{"rendered":"<div class=\"row clearfix\">\n<div class=\"col-md-8\">\n<div class=\"intro-text\">\n<p><i><span style=\"font-weight: 400;\">En el encuentro se destac\u00f3 la importancia de la educaci\u00f3n popular vinculada a las luchas y esperanzas de los movimientos populares.<\/span><\/i><\/p>\n<\/div>\n<p><span style=\"font-weight: 400;\"><span class=\"dropcap \" style=\"background-color: #ffffff; color: #dd9933; border-color: #ffffff;\">E<\/span>l d\u00eda viernes pasado tuvo lugar el encuentro de educadores populares en la ciudad de Villa Mar\u00eda. El mismo se desarrollo como iniciativa previa al <strong>15\u00b0 Encuentro de Redes de Educadores Populares<\/strong> que tendr\u00e1 lugar el pr\u00f3ximo fin de semana en la ciudad de C\u00f3rdoba.<\/span><\/p>\n<p><span style=\"font-weight: 400;\">Bajo la consigna, \u201cLa educaci\u00f3n como pr\u00e1ctica de libertad\u201d, integrantes de organizaciones sociales, estudiantiles y sindicales de la ciudad debatieron el rol de la educaci\u00f3n popular en contextos de crisis social y econ\u00f3mica.<\/span><\/p>\n<figure id=\"attachment_549\" aria-describedby=\"caption-attachment-549\" style=\"width: 577px\" class=\"wp-caption alignnone\"><img loading=\"lazy\" decoding=\"async\" class=\"wp-image-549\" src=\"https:\/\/tribunavm.com.ar\/wp-content\/uploads\/2019\/09\/20190913_163728-Copy-300x225.jpg\" alt=\"\" width=\"577\" height=\"433\" srcset=\"https:\/\/tribunavm.com.ar\/wp-content\/uploads\/2019\/09\/20190913_163728-Copy-300x225.jpg 300w, https:\/\/tribunavm.com.ar\/wp-content\/uploads\/2019\/09\/20190913_163728-Copy-768x576.jpg 768w, https:\/\/tribunavm.com.ar\/wp-content\/uploads\/2019\/09\/20190913_163728-Copy-1024x768.jpg 1024w, https:\/\/tribunavm.com.ar\/wp-content\/uploads\/2019\/09\/20190913_163728-Copy-750x563.jpg 750w, https:\/\/tribunavm.com.ar\/wp-content\/uploads\/2019\/09\/20190913_163728-Copy-1140x855.jpg 1140w\" sizes=\"(max-width: 577px) 100vw, 577px\" \/><figcaption id=\"caption-attachment-549\" class=\"wp-caption-text\">El Encuentro se realiz\u00f3 en Matria, al frente del Colegio Rivadavia<\/figcaption><\/figure>\n<p><span style=\"font-weight: 400;\">Los participantes remarcaron que estos espacios son una posibilidad de articulaci\u00f3n entre las distintas organizaciones para trabajar iniciativas conjuntas en cuestiones que refieren a vivienda, alimentaci\u00f3n, salud, educaci\u00f3n y g\u00e9nero.<\/span><\/p>\n<p><span style=\"font-weight: 400;\">Respecto a la evaluaci\u00f3n, <strong>Nadia Bernasconi<\/strong>, una de las organizadoras del encuentro, coment\u00f3 que \u201cfue muy positivo que las organizaciones hayamos podido encontrarnos\u201d ya que \u201csi bien no tenemos las mismas luchas, si nos relacionamos en el mismo territorio\u201d.<\/span><\/p>\n<p><img loading=\"lazy\" decoding=\"async\" class=\"alignnone wp-image-550\" src=\"https:\/\/tribunavm.com.ar\/wp-content\/uploads\/2019\/09\/20190913_163759_HDR-Copy-300x225.jpg\" alt=\"\" width=\"631\" height=\"473\" srcset=\"https:\/\/tribunavm.com.ar\/wp-content\/uploads\/2019\/09\/20190913_163759_HDR-Copy-300x225.jpg 300w, https:\/\/tribunavm.com.ar\/wp-content\/uploads\/2019\/09\/20190913_163759_HDR-Copy-768x576.jpg 768w, https:\/\/tribunavm.com.ar\/wp-content\/uploads\/2019\/09\/20190913_163759_HDR-Copy-1024x768.jpg 1024w, https:\/\/tribunavm.com.ar\/wp-content\/uploads\/2019\/09\/20190913_163759_HDR-Copy-750x563.jpg 750w, https:\/\/tribunavm.com.ar\/wp-content\/uploads\/2019\/09\/20190913_163759_HDR-Copy-1140x855.jpg 1140w\" sizes=\"(max-width: 631px) 100vw, 631px\" \/><\/p>\n<p><span style=\"font-weight: 400;\">Del encuentro participaron <\/span><span style=\"font-weight: 400;\">estudiantes del<strong> INESCER, Agrupacion \u201cPiedra Libre\u201d (Centro de Estudiantes B\u00e1sicas-UNVM), Colectivo ambiental \u201cLa Jarilla\u201d, CEPIA (Centro de Educaci\u00f3n Popular para la Infancia y Adolescencia),<\/strong> Integrantes de comedores y merenderos de la ciudad nucleados en la<strong> Uni\u00f3n de Organizaciones, Mujeres en defensa de Fabricaciones Militares, Colectivo organizador \u201cPa\u00f1uelos en Rebeld\u00eda\u201d,<\/strong> entre otros.<\/span><\/p>\n<p><span style=\"font-weight: 400;\">La jornada cont\u00f3 con la participaci\u00f3n de <strong>Claudia Korol<\/strong>, periodista argentina corresponsal de diarios de Brasil, Chile y Argentina.<\/span><\/p>\n<\/div>\n<\/div>\n","protected":false},"excerpt":{"rendered":"<p>En el encuentro se destac\u00f3 la importancia de la educaci\u00f3n popular vinculada a las luchas y esperanzas de los movimientos populares. El d\u00eda viernes pasado tuvo lugar el encuentro de educadores populares en la ciudad de Villa Mar\u00eda. El mismo se desarrollo como iniciativa previa al 15\u00b0 Encuentro de Redes de Educadores Populares que tendr\u00e1 [&hellip;]<\/p>\n","protected":false},"author":2,"featured_media":544,"comment_status":"open","ping_status":"open","sticky":false,"template":"","format":"standard","meta":{"_exactmetrics_skip_tracking":false,"_exactmetrics_sitenote_active":false,"_exactmetrics_sitenote_note":"","_exactmetrics_sitenote_category":0,"jnews-multi-image_gallery":[],"jnews_single_post":{"source_name":"","source_url":"","via_name":"","via_url":"","override_template":"0","override":[{"template":"1","single_blog_custom":"","parallax":"1","fullscreen":"0","layout":"right-sidebar","sidebar":"default-sidebar","second_sidebar":"default-sidebar","sticky_sidebar":"1","share_position":"top","share_float_style":"share-monocrhome","show_share_counter":"1","show_view_counter":"1","show_featured":"1","show_post_meta":"1","show_post_author":"1","show_post_author_image":"1","show_post_date":"1","post_date_format":"default","post_date_format_custom":"Y\/m\/d","show_post_category":"1","show_post_reading_time":"0","post_reading_time_wpm":"300","show_zoom_button":"0","zoom_button_out_step":"2","zoom_button_in_step":"3","show_post_tag":"1","show_prev_next_post":"1","show_popup_post":"1","number_popup_post":"1","show_author_box":"0","show_post_related":"0","show_inline_post_related":"0"}],"override_image_size":"0","image_override":[{"single_post_thumbnail_size":"crop-500","single_post_gallery_size":"crop-500"}],"trending_post":"0","trending_post_position":"meta","trending_post_label":"Trending"},"jnews_primary_category":{"id":"22"},"jnews_social_meta":{"fb_title":"","fb_description":"","fb_image":"","twitter_title":"","twitter_description":"","twitter_image":""},"jnews_override_counter":{"override_view_counter":"0","view_counter_number":"0","override_share_counter":"0","share_counter_number":"0","override_like_counter":"0","like_counter_number":"0","override_dislike_counter":"0","dislike_counter_number":"0"},"_joinchat":[],"footnotes":""},"categories":[22],"tags":[49,50,34],"class_list":["post-539","post","type-post","status-publish","format-standard","has-post-thumbnail","hentry","category-actualidad","tag-edicion-9","tag-educacion","tag-social"],"_links":{"self":[{"href":"https:\/\/tribunavm.com.ar\/index.php\/wp-json\/wp\/v2\/posts\/539"}],"collection":[{"href":"https:\/\/tribunavm.com.ar\/index.php\/wp-json\/wp\/v2\/posts"}],"about":[{"href":"https:\/\/tribunavm.com.ar\/index.php\/wp-json\/wp\/v2\/types\/post"}],"author":[{"embeddable":true,"href":"https:\/\/tribunavm.com.ar\/index.php\/wp-json\/wp\/v2\/users\/2"}],"replies":[{"embeddable":true,"href":"https:\/\/tribunavm.com.ar\/index.php\/wp-json\/wp\/v2\/comments?post=539"}],"version-history":[{"count":2,"href":"https:\/\/tribunavm.com.ar\/index.php\/wp-json\/wp\/v2\/posts\/539\/revisions"}],"predecessor-version":[{"id":553,"href":"https:\/\/tribunavm.com.ar\/index.php\/wp-json\/wp\/v2\/posts\/539\/revisions\/553"}],"wp:featuredmedia":[{"embeddable":true,"href":"https:\/\/tribunavm.com.ar\/index.php\/wp-json\/wp\/v2\/media\/544"}],"wp:attachment":[{"href":"https:\/\/tribunavm.com.ar\/index.php\/wp-json\/wp\/v2\/media?parent=539"}],"wp:term":[{"taxonomy":"category","embeddable":true,"href":"https:\/\/tribunavm.com.ar\/index.php\/wp-json\/wp\/v2\/categories?post=539"},{"taxonomy":"post_tag","embeddable":true,"href":"https:\/\/tribunavm.com.ar\/index.php\/wp-json\/wp\/v2\/tags?post=539"}],"curies":[{"name":"wp","href":"https:\/\/api.w.org\/{rel}","templated":true}]}}