{"id":5407,"date":"2022-04-11T01:05:05","date_gmt":"2022-04-11T01:05:05","guid":{"rendered":"https:\/\/tribunavm.com.ar\/?p=5407"},"modified":"2022-04-11T01:05:05","modified_gmt":"2022-04-11T01:05:05","slug":"desempleo-inflacion-y-pobreza-en-argentina","status":"publish","type":"post","link":"https:\/\/tribunavm.com.ar\/index.php\/2022\/04\/11\/desempleo-inflacion-y-pobreza-en-argentina\/","title":{"rendered":"Desempleo, inflaci\u00f3n y pobreza en Argentina"},"content":{"rendered":"<div class=\"row clearfix\">\n<div class=\"col-md-8\">\n<div class=\"intro-text\">\n<p><span style=\"font-weight: 400;\">Seg\u00fan Indec, hay m\u00e1s de 10 millones de personas bajo la l\u00ednea de pobreza. A su vez el salario aument\u00f3 por debajo de la inflaci\u00f3n mensual y 1 mill\u00f3n y medio de personas est\u00e1n desempleadas.<\/span><\/p>\n<\/div>\n<p><span style=\"font-weight: 400;\"><span class=\"dropcap \" style=\"background-color: #ffffff; color: #dd9933; border-color: #ffffff;\">L<\/span>a pobreza alcanz\u00f3 el 37,3% seg\u00fan datos del Indec relevados a lo largo del segundo semestre del 2021. Esto representa un total de 2.600.000 hogares, que incluyen a 10.806.000 personas, <\/span><b>que no llegan a cubrir las necesidades b\u00e1sicas alimentarias.<\/b><\/p>\n<p><span style=\"font-weight: 400;\">El ingreso familiar promedio del hogar indigente fue de $20.600, mientras que, para una familia pobre se situ\u00f3 en promedio en un monto que no super\u00f3 los $46.000, muy por debajo de la Canasta B\u00e1sica Total.<\/span><\/p>\n<p><img loading=\"lazy\" decoding=\"async\" class=\"aligncenter size-full wp-image-5410\" src=\"https:\/\/tribunavm.com.ar\/wp-content\/uploads\/2022\/04\/doc-color-para-web-pobreza-indec-4.png\" alt=\"\" width=\"2200\" height=\"1700\" srcset=\"https:\/\/tribunavm.com.ar\/wp-content\/uploads\/2022\/04\/doc-color-para-web-pobreza-indec-4.png 2200w, https:\/\/tribunavm.com.ar\/wp-content\/uploads\/2022\/04\/doc-color-para-web-pobreza-indec-4-300x232.png 300w, https:\/\/tribunavm.com.ar\/wp-content\/uploads\/2022\/04\/doc-color-para-web-pobreza-indec-4-1024x791.png 1024w, https:\/\/tribunavm.com.ar\/wp-content\/uploads\/2022\/04\/doc-color-para-web-pobreza-indec-4-768x593.png 768w, https:\/\/tribunavm.com.ar\/wp-content\/uploads\/2022\/04\/doc-color-para-web-pobreza-indec-4-1536x1187.png 1536w, https:\/\/tribunavm.com.ar\/wp-content\/uploads\/2022\/04\/doc-color-para-web-pobreza-indec-4-2048x1583.png 2048w, https:\/\/tribunavm.com.ar\/wp-content\/uploads\/2022\/04\/doc-color-para-web-pobreza-indec-4-750x580.png 750w, https:\/\/tribunavm.com.ar\/wp-content\/uploads\/2022\/04\/doc-color-para-web-pobreza-indec-4-1140x881.png 1140w\" sizes=\"(max-width: 2200px) 100vw, 2200px\" \/><\/p>\n<h4><span style=\"color: #ff9900;\"><b>Salarios<\/b><\/span><\/h4>\n<p><span style=\"font-weight: 400;\">Por otra parte, los n\u00fameros del \u00cdndice de salarios correspondientes a enero de 2022, que se dieron a conocer desde el organismo estatal, muestran un incremento del 3,8% que qued\u00f3 una d\u00e9cima por debajo de la inflaci\u00f3n acumulada ese mes.<\/span><\/p>\n<p><span style=\"font-weight: 400;\">El informe refleja una suba de 4,6% en el sector privado registrado, 2,9% en el sector p\u00fablico y 2,5% en el sector privado no registrado.\u00a0<\/span><\/p>\n<p><span style=\"font-weight: 400;\">Cabe resaltar que durante febrero de 2022, la variaci\u00f3n mensual de la canasta b\u00e1sica alimentaria (CBA) fue de 9,0% y la canasta b\u00e1sica total (CBT) fue de 6,6%. Es decir que para febrero un hogar compuesto por dos adultos y dos menores de 8 a\u00f1os necesitaron $83.807 para no ser pobre y unos $37.414 para superar la indigencia.<\/span><\/p>\n<p><span style=\"font-weight: 400;\">En la provincia de C\u00f3rdoba, el Departamento de Estad\u00edsticas y Tendencias del Centro de Almaceneros public\u00f3 un informe donde dice que la inflaci\u00f3n de marzo se ubic\u00f3 en 6,35%, lo cual elev\u00f3 la canasta b\u00e1sica total para una familia de 4 integrantes a $94.570.\u00a0\u00a0<\/span><\/p>\n<p><img loading=\"lazy\" decoding=\"async\" class=\"aligncenter size-full wp-image-5409\" src=\"https:\/\/tribunavm.com.ar\/wp-content\/uploads\/2022\/04\/Almaceneros-cordoba.jpg\" alt=\"\" width=\"803\" height=\"369\" srcset=\"https:\/\/tribunavm.com.ar\/wp-content\/uploads\/2022\/04\/Almaceneros-cordoba.jpg 803w, https:\/\/tribunavm.com.ar\/wp-content\/uploads\/2022\/04\/Almaceneros-cordoba-300x138.jpg 300w, https:\/\/tribunavm.com.ar\/wp-content\/uploads\/2022\/04\/Almaceneros-cordoba-768x353.jpg 768w, https:\/\/tribunavm.com.ar\/wp-content\/uploads\/2022\/04\/Almaceneros-cordoba-750x345.jpg 750w\" sizes=\"(max-width: 803px) 100vw, 803px\" \/><\/p>\n<h4><span style=\"color: #ff9900;\"><b>Mercado laboral<\/b><\/span><\/h4>\n<p><span style=\"font-weight: 400;\">En cuanto al mercado laboral, seg\u00fan los datos brindados por el Indec, en el pa\u00eds hay actualmente <\/span><span style=\"color: #000000;\"><b>1.449.000 personas sin trabajo<\/b><\/span><span style=\"font-weight: 400;\">, lo que representa porcentualmente un 7% de la poblaci\u00f3n que est\u00e1 en condiciones de trabajar y no consigue hacerlo.\u00a0<\/span><\/p>\n<p><span style=\"font-weight: 400;\">En cuanto a los sobreocupados actualmente hay m\u00e1s de 5.500.000 de personas que trabajan m\u00e1s de 45 horas semanales.\u00a0<\/span><\/p>\n<p><span style=\"font-weight: 400;\">La subocupaci\u00f3n (trabajadores con menos de 36 horas semanales y que buscan m\u00e1s empleo) se ubic\u00f3 en 13%, equivalente a unas 2.600.000 personas.\u00a0<\/span><\/p>\n<\/div>\n<\/div>\n","protected":false},"excerpt":{"rendered":"<p>Seg\u00fan Indec, hay m\u00e1s de 10 millones de personas bajo la l\u00ednea de pobreza. A su vez el salario aument\u00f3 por debajo de la inflaci\u00f3n mensual y 1 mill\u00f3n y medio de personas est\u00e1n desempleadas. La pobreza alcanz\u00f3 el 37,3% seg\u00fan datos del Indec relevados a lo largo del segundo semestre del 2021. Esto representa [&hellip;]<\/p>\n","protected":false},"author":2,"featured_media":5408,"comment_status":"open","ping_status":"open","sticky":false,"template":"","format":"standard","meta":{"_exactmetrics_skip_tracking":false,"_exactmetrics_sitenote_active":false,"_exactmetrics_sitenote_note":"","_exactmetrics_sitenote_category":0,"jnews-multi-image_gallery":[],"jnews_single_post":{"source_name":"","source_url":"","via_name":"","via_url":"","override_template":"0","override":[{"template":"1","single_blog_custom":"","parallax":"1","fullscreen":"1","layout":"right-sidebar","sidebar":"default-sidebar","second_sidebar":"default-sidebar","sticky_sidebar":"1","share_position":"top","share_float_style":"share-monocrhome","show_share_counter":"1","show_view_counter":"1","show_featured":"1","show_post_meta":"1","show_post_author":"1","show_post_author_image":"1","show_post_date":"1","post_date_format":"default","post_date_format_custom":"Y\/m\/d","show_post_category":"1","show_post_reading_time":"0","post_reading_time_wpm":"300","show_zoom_button":"0","zoom_button_out_step":"2","zoom_button_in_step":"3","show_post_tag":"1","show_prev_next_post":"1","show_popup_post":"1","number_popup_post":"1","show_author_box":"0","show_post_related":"0","show_inline_post_related":"0"}],"override_image_size":"0","image_override":[{"single_post_thumbnail_size":"crop-500","single_post_gallery_size":"crop-500"}],"trending_post":"0","trending_post_position":"meta","trending_post_label":"Trending","sponsored_post":"0","sponsored_post_label":"Sponsored by","sponsored_post_name":"","sponsored_post_url":"","sponsored_post_logo_enable":"0","sponsored_post_logo":"","sponsored_post_desc":""},"jnews_primary_category":{"id":"22"},"jnews_social_meta":{"fb_title":"","fb_description":"","fb_image":"","twitter_title":"","twitter_description":"","twitter_image":""},"jnews_override_counter":{"override_view_counter":"0","view_counter_number":"0","override_share_counter":"0","share_counter_number":"0","override_like_counter":"0","like_counter_number":"0","override_dislike_counter":"0","dislike_counter_number":"0"},"_joinchat":[],"footnotes":""},"categories":[22],"tags":[245,161,177,35],"class_list":["post-5407","post","type-post","status-publish","format-standard","has-post-thumbnail","hentry","category-actualidad","tag-edicion-86","tag-inflacion","tag-pobreza","tag-trabajadores"],"_links":{"self":[{"href":"https:\/\/tribunavm.com.ar\/index.php\/wp-json\/wp\/v2\/posts\/5407"}],"collection":[{"href":"https:\/\/tribunavm.com.ar\/index.php\/wp-json\/wp\/v2\/posts"}],"about":[{"href":"https:\/\/tribunavm.com.ar\/index.php\/wp-json\/wp\/v2\/types\/post"}],"author":[{"embeddable":true,"href":"https:\/\/tribunavm.com.ar\/index.php\/wp-json\/wp\/v2\/users\/2"}],"replies":[{"embeddable":true,"href":"https:\/\/tribunavm.com.ar\/index.php\/wp-json\/wp\/v2\/comments?post=5407"}],"version-history":[{"count":1,"href":"https:\/\/tribunavm.com.ar\/index.php\/wp-json\/wp\/v2\/posts\/5407\/revisions"}],"predecessor-version":[{"id":5411,"href":"https:\/\/tribunavm.com.ar\/index.php\/wp-json\/wp\/v2\/posts\/5407\/revisions\/5411"}],"wp:featuredmedia":[{"embeddable":true,"href":"https:\/\/tribunavm.com.ar\/index.php\/wp-json\/wp\/v2\/media\/5408"}],"wp:attachment":[{"href":"https:\/\/tribunavm.com.ar\/index.php\/wp-json\/wp\/v2\/media?parent=5407"}],"wp:term":[{"taxonomy":"category","embeddable":true,"href":"https:\/\/tribunavm.com.ar\/index.php\/wp-json\/wp\/v2\/categories?post=5407"},{"taxonomy":"post_tag","embeddable":true,"href":"https:\/\/tribunavm.com.ar\/index.php\/wp-json\/wp\/v2\/tags?post=5407"}],"curies":[{"name":"wp","href":"https:\/\/api.w.org\/{rel}","templated":true}]}}