{"id":5422,"date":"2022-04-11T01:16:18","date_gmt":"2022-04-11T01:16:18","guid":{"rendered":"https:\/\/tribunavm.com.ar\/?p=5422"},"modified":"2022-04-11T01:16:18","modified_gmt":"2022-04-11T01:16:18","slug":"estudiantes-universitarios-reclamaron-por-el-transporte","status":"publish","type":"post","link":"https:\/\/tribunavm.com.ar\/index.php\/2022\/04\/11\/estudiantes-universitarios-reclamaron-por-el-transporte\/","title":{"rendered":"Estudiantes universitarios reclamaron por el transporte"},"content":{"rendered":"<div class=\"row clearfix\">\n<div class=\"col-md-8\">\n<p><span style=\"color: #212121; font-size: 1.5em; letter-spacing: -0.01em;\">Adem\u00e1s expresaron que los costos de vida para llevar adelante los estudios crecieron\u00a0<\/span><\/p>\n<p><span style=\"font-weight: 400;\"><span class=\"dropcap \" style=\"background-color: #ffffff; color: #dd9933; border-color: #ffffff;\">E<\/span>studiantes de la Universidad Nacional de Villa Mar\u00eda (UNVM) elevaron reclamos sobre el funcionamiento del transporte urbano, se\u00f1alando que las l\u00edneas y frecuencias que se dirigen hacia la casa de estudios se vieron reducidas dificultando la movilidad.<\/span><\/p>\n<p><span style=\"font-weight: 400;\">Por un lado, un grupo se expres\u00f3 a trav\u00e9s de carteles en reclamo por los crecientes costos de alquiler, comedor, boleto, entre otras necesidades. Remarcaron que el costo de vida de un estudiante representa un valor aproximado de $33.000 contra una beca Progresar que se encuentra en $5.700.<\/span><\/p>\n<p><span style=\"font-weight: 400;\">Por otro lado, el Centro de Estudiantes del Instituto de Ciencias Sociales, conducido por la agrupaci\u00f3n \u201cEl Aluvi\u00f3n\u201d se reuni\u00f3 con Jose Fern\u00e1ndez, titular de la empresa local Emtupse &#8211; Transbus, a quien se le plante\u00f3 los problemas de accesibilidad de los colectivos urbanos.\u00a0<\/span><\/p>\n<p><span style=\"font-weight: 400;\">La semana pasada, Fern\u00e1ndez hab\u00eda declarado que la escasez de gasoil que atraviesa el pa\u00eds oblig\u00f3 a suspender la circulaci\u00f3n de una l\u00ednea adicional con destino al Campus Universitario. \u201cHasta que la situaci\u00f3n no se normalice, esta l\u00ednea se postergar\u00e1\u201d, asegur\u00f3 el representante.<\/span><\/p>\n<p><span style=\"font-weight: 400;\">Adem\u00e1s, el representante de la empresa Emtupse confirm\u00f3 que presentaron al Concejo Deliberante un aumento al precio del boleto de colectivo que llegar\u00eda a $80.<\/span><\/p>\n<p><span style=\"font-weight: 400;\">Adem\u00e1s, otro grupo de estudiantes comenz\u00f3 una campa\u00f1a de firmas para habilitar un colectivo con horario de 23:30 para salir de Bell Ville a Villa Mar\u00eda.<\/span><\/p>\n<p><span style=\"font-weight: 400;\">El pasado viernes, estudiantes de enfermer\u00eda del Instituto de Educaci\u00f3n Superior del Centro de la Rep\u00fablica (Inescer), disciplina anexada por el cierre del Instituto Ram\u00f3n Carrillo, se manifestaron en la entrada de la casa de estudios para exigir la homologaci\u00f3n de su carrera para regularizar su condici\u00f3n y poder acceder a una matr\u00edcula profesional y el boleto educativo.<\/span><\/p>\n<\/div>\n<\/div>\n","protected":false},"excerpt":{"rendered":"<p>Adem\u00e1s expresaron que los costos de vida para llevar adelante los estudios crecieron\u00a0 Estudiantes de la Universidad Nacional de Villa Mar\u00eda (UNVM) elevaron reclamos sobre el funcionamiento del transporte urbano, se\u00f1alando que las l\u00edneas y frecuencias que se dirigen hacia la casa de estudios se vieron reducidas dificultando la movilidad. Por un lado, un grupo [&hellip;]<\/p>\n","protected":false},"author":2,"featured_media":5423,"comment_status":"open","ping_status":"open","sticky":false,"template":"","format":"standard","meta":{"_exactmetrics_skip_tracking":false,"_exactmetrics_sitenote_active":false,"_exactmetrics_sitenote_note":"","_exactmetrics_sitenote_category":0,"jnews-multi-image_gallery":[],"jnews_single_post":{"source_name":"","source_url":"","via_name":"","via_url":"","override_template":"0","override":[{"template":"1","single_blog_custom":"","parallax":"1","fullscreen":"1","layout":"right-sidebar","sidebar":"default-sidebar","second_sidebar":"default-sidebar","sticky_sidebar":"1","share_position":"top","share_float_style":"share-monocrhome","show_share_counter":"1","show_view_counter":"1","show_featured":"1","show_post_meta":"1","show_post_author":"1","show_post_author_image":"1","show_post_date":"1","post_date_format":"default","post_date_format_custom":"Y\/m\/d","show_post_category":"1","show_post_reading_time":"0","post_reading_time_wpm":"300","show_zoom_button":"0","zoom_button_out_step":"2","zoom_button_in_step":"3","show_post_tag":"1","show_prev_next_post":"1","show_popup_post":"1","number_popup_post":"1","show_author_box":"0","show_post_related":"0","show_inline_post_related":"0"}],"override_image_size":"0","image_override":[{"single_post_thumbnail_size":"crop-500","single_post_gallery_size":"crop-500"}],"trending_post":"0","trending_post_position":"meta","trending_post_label":"Trending","sponsored_post":"0","sponsored_post_label":"Sponsored by","sponsored_post_name":"","sponsored_post_url":"","sponsored_post_logo_enable":"0","sponsored_post_logo":"","sponsored_post_desc":""},"jnews_primary_category":{"id":""},"jnews_social_meta":{"fb_title":"","fb_description":"","fb_image":"","twitter_title":"","twitter_description":"","twitter_image":""},"jnews_override_counter":{"override_view_counter":"0","view_counter_number":"0","override_share_counter":"0","share_counter_number":"0","override_like_counter":"0","like_counter_number":"0","override_dislike_counter":"0","dislike_counter_number":"0"},"_joinchat":[],"footnotes":""},"categories":[22],"tags":[],"class_list":["post-5422","post","type-post","status-publish","format-standard","has-post-thumbnail","hentry","category-actualidad"],"_links":{"self":[{"href":"https:\/\/tribunavm.com.ar\/index.php\/wp-json\/wp\/v2\/posts\/5422"}],"collection":[{"href":"https:\/\/tribunavm.com.ar\/index.php\/wp-json\/wp\/v2\/posts"}],"about":[{"href":"https:\/\/tribunavm.com.ar\/index.php\/wp-json\/wp\/v2\/types\/post"}],"author":[{"embeddable":true,"href":"https:\/\/tribunavm.com.ar\/index.php\/wp-json\/wp\/v2\/users\/2"}],"replies":[{"embeddable":true,"href":"https:\/\/tribunavm.com.ar\/index.php\/wp-json\/wp\/v2\/comments?post=5422"}],"version-history":[{"count":1,"href":"https:\/\/tribunavm.com.ar\/index.php\/wp-json\/wp\/v2\/posts\/5422\/revisions"}],"predecessor-version":[{"id":5424,"href":"https:\/\/tribunavm.com.ar\/index.php\/wp-json\/wp\/v2\/posts\/5422\/revisions\/5424"}],"wp:featuredmedia":[{"embeddable":true,"href":"https:\/\/tribunavm.com.ar\/index.php\/wp-json\/wp\/v2\/media\/5423"}],"wp:attachment":[{"href":"https:\/\/tribunavm.com.ar\/index.php\/wp-json\/wp\/v2\/media?parent=5422"}],"wp:term":[{"taxonomy":"category","embeddable":true,"href":"https:\/\/tribunavm.com.ar\/index.php\/wp-json\/wp\/v2\/categories?post=5422"},{"taxonomy":"post_tag","embeddable":true,"href":"https:\/\/tribunavm.com.ar\/index.php\/wp-json\/wp\/v2\/tags?post=5422"}],"curies":[{"name":"wp","href":"https:\/\/api.w.org\/{rel}","templated":true}]}}