{"id":547,"date":"2019-09-05T14:18:32","date_gmt":"2019-09-05T14:18:32","guid":{"rendered":"https:\/\/tribunavm.com.ar\/?p=547"},"modified":"2019-10-22T15:58:56","modified_gmt":"2019-10-22T15:58:56","slug":"de-la-reaccion-a-la-iniciativa","status":"publish","type":"post","link":"https:\/\/tribunavm.com.ar\/index.php\/2019\/09\/05\/de-la-reaccion-a-la-iniciativa\/","title":{"rendered":"De la reacci\u00f3n a la iniciativa"},"content":{"rendered":"<div class=\"row clearfix\">\n<div class=\"col-md-8\">\n<p><span style=\"font-weight: 400;\"><span class=\"dropcap \" style=\"background-color: #ffffff; color: #dd9933; border-color: #ffffff;\">A<\/span> partir de las PASO se nos impuso una agenda que define responsabilidades y establece los l\u00edmites de nuestros problemas, por ende tambi\u00e9n nuestra forma de abordarlos. Hoy la discusi\u00f3n pasa por qu\u00e9 sectores tienen la fuerza de imponerse sobre otros en el estado de las relaciones sociales, siendo el Gobierno solo una expresi\u00f3n de ello.<\/span><\/p>\n<p><span style=\"font-weight: 400;\">Estos \u00faltimos d\u00edas pudo verse c\u00f3mo a pesar de que el Gobierno ejecute medidas que fueron consignas hist\u00f3ricas de los movimientos populares como la eliminaci\u00f3n del IVA, el estado pr\u00e1ctico a trav\u00e9s de los grupos que buscan imponerse es el que predomina sobre cualquier pol\u00edtica p\u00fablica o DNU.<\/span><\/p>\n<p><span style=\"font-weight: 400;\">La concentraci\u00f3n del valor generado por los trabajadores en s\u00f3lo una peque\u00f1a porci\u00f3n de manos hace que veamos con mayor claridad quienes son los que toman de facto las definiciones. En estas \u00faltimas semanas mediante un proceso muy acelerado de saqueo al pueblo trabajador a trav\u00e9s de la deuda, devaluaci\u00f3n y aumento del costo de vida, estos grupos se vieron m\u00e1s que beneficiados.<\/span><\/p>\n<p><span style=\"font-weight: 400;\">El sector del trabajo en el Estado tambi\u00e9n sufre sus consecuencias: Judiciales que reclaman por una recomposici\u00f3n salarial, en ANSES los trabajadores denuncian recorte de programas y desprestigio a la instituci\u00f3n y en Fabricaciones Militares la constante desfinanciaci\u00f3n que perjudica el estado del trabajo en un sector de producci\u00f3n estrat\u00e9gica.<\/span><\/p>\n<p><span style=\"font-weight: 400;\">Todo ello nos da pautas para identificar qu\u00e9 es lo que est\u00e1 en juego en este momento hist\u00f3rico. La reacci\u00f3n nos brinda la posibilidad de aprendizaje, y a partir de ello debemos avanzar aprovechando nuestro impulso para retomar la iniciativa y jugar el escenario principal: el de la construcci\u00f3n de nuestra fuerza desde el trabajo.<\/span><\/p>\n<\/div>\n<\/div>\n","protected":false},"excerpt":{"rendered":"<p>A partir de las PASO se nos impuso una agenda que define responsabilidades y establece los l\u00edmites de nuestros problemas, por ende tambi\u00e9n nuestra forma de abordarlos. Hoy la discusi\u00f3n pasa por qu\u00e9 sectores tienen la fuerza de imponerse sobre otros en el estado de las relaciones sociales, siendo el Gobierno solo una expresi\u00f3n de [&hellip;]<\/p>\n","protected":false},"author":2,"featured_media":573,"comment_status":"open","ping_status":"open","sticky":false,"template":"","format":"standard","meta":{"_exactmetrics_skip_tracking":false,"_exactmetrics_sitenote_active":false,"_exactmetrics_sitenote_note":"","_exactmetrics_sitenote_category":0,"jnews-multi-image_gallery":[],"jnews_single_post":{"source_name":"","source_url":"","via_name":"","via_url":"","override_template":"0","override":[{"template":"1","single_blog_custom":"","parallax":"1","fullscreen":"0","layout":"right-sidebar","sidebar":"default-sidebar","second_sidebar":"default-sidebar","sticky_sidebar":"1","share_position":"top","share_float_style":"share-monocrhome","show_share_counter":"1","show_view_counter":"1","show_featured":"1","show_post_meta":"1","show_post_author":"1","show_post_author_image":"1","show_post_date":"1","post_date_format":"default","post_date_format_custom":"Y\/m\/d","show_post_category":"1","show_post_reading_time":"0","post_reading_time_wpm":"300","show_zoom_button":"0","zoom_button_out_step":"2","zoom_button_in_step":"3","show_post_tag":"1","show_prev_next_post":"1","show_popup_post":"1","number_popup_post":"1","show_author_box":"0","show_post_related":"0","show_inline_post_related":"0"}],"override_image_size":"0","image_override":[{"single_post_thumbnail_size":"crop-500","single_post_gallery_size":"crop-500"}],"trending_post":"0","trending_post_position":"meta","trending_post_label":"Trending"},"jnews_primary_category":{"id":""},"jnews_social_meta":{"fb_title":"","fb_description":"","fb_image":"","twitter_title":"","twitter_description":"","twitter_image":""},"jnews_override_counter":{"override_view_counter":"0","view_counter_number":"0","override_share_counter":"0","share_counter_number":"0","override_like_counter":"0","like_counter_number":"0","override_dislike_counter":"0","dislike_counter_number":"0"},"_joinchat":[],"footnotes":""},"categories":[26],"tags":[47,37],"class_list":["post-547","post","type-post","status-publish","format-standard","has-post-thumbnail","hentry","category-editorial","tag-edicion-8","tag-editorial"],"_links":{"self":[{"href":"https:\/\/tribunavm.com.ar\/index.php\/wp-json\/wp\/v2\/posts\/547"}],"collection":[{"href":"https:\/\/tribunavm.com.ar\/index.php\/wp-json\/wp\/v2\/posts"}],"about":[{"href":"https:\/\/tribunavm.com.ar\/index.php\/wp-json\/wp\/v2\/types\/post"}],"author":[{"embeddable":true,"href":"https:\/\/tribunavm.com.ar\/index.php\/wp-json\/wp\/v2\/users\/2"}],"replies":[{"embeddable":true,"href":"https:\/\/tribunavm.com.ar\/index.php\/wp-json\/wp\/v2\/comments?post=547"}],"version-history":[{"count":3,"href":"https:\/\/tribunavm.com.ar\/index.php\/wp-json\/wp\/v2\/posts\/547\/revisions"}],"predecessor-version":[{"id":642,"href":"https:\/\/tribunavm.com.ar\/index.php\/wp-json\/wp\/v2\/posts\/547\/revisions\/642"}],"wp:featuredmedia":[{"embeddable":true,"href":"https:\/\/tribunavm.com.ar\/index.php\/wp-json\/wp\/v2\/media\/573"}],"wp:attachment":[{"href":"https:\/\/tribunavm.com.ar\/index.php\/wp-json\/wp\/v2\/media?parent=547"}],"wp:term":[{"taxonomy":"category","embeddable":true,"href":"https:\/\/tribunavm.com.ar\/index.php\/wp-json\/wp\/v2\/categories?post=547"},{"taxonomy":"post_tag","embeddable":true,"href":"https:\/\/tribunavm.com.ar\/index.php\/wp-json\/wp\/v2\/tags?post=547"}],"curies":[{"name":"wp","href":"https:\/\/api.w.org\/{rel}","templated":true}]}}