{"id":5482,"date":"2022-04-24T22:35:24","date_gmt":"2022-04-24T22:35:24","guid":{"rendered":"https:\/\/tribunavm.com.ar\/?p=5482"},"modified":"2022-04-25T21:35:40","modified_gmt":"2022-04-25T21:35:40","slug":"avanza-la-nacionalizacion-de-la-explotacion-del-litio-en-mexico","status":"publish","type":"post","link":"https:\/\/tribunavm.com.ar\/index.php\/2022\/04\/24\/avanza-la-nacionalizacion-de-la-explotacion-del-litio-en-mexico\/","title":{"rendered":"Avanza la nacionalizaci\u00f3n de la explotaci\u00f3n del litio en M\u00e9xico"},"content":{"rendered":"<div class=\"row clearfix\">\n<div class=\"col-md-8\">\n<p><span style=\"font-weight: 400;\"><span class=\"dropcap \" style=\"background-color: #ffffff; color: #dd9933; border-color: #ffffff;\">E<\/span>l martes 19 de abril, el Senado de M\u00e9xico aprob\u00f3 la iniciativa presentada por el presidente Andr\u00e9s Manuel L\u00f3pez Obrador para avanzar con la nacionalizaci\u00f3n de la explotaci\u00f3n de litio en el pa\u00eds del norte. De esta forma se complet\u00f3 el proceso legislativo para establecer la explotaci\u00f3n del mismo por parte del Estado de forma exclusiva.\u00a0<\/span><\/p>\n<p><span style=\"font-weight: 400;\">87 votos a favor, frente a los 20 en contra y 16 abstenciones, fueron los necesarios para avanzar con la reforma de la ley minera que hab\u00eda sido aprobada por la C\u00e1mara de Diputados el pasado 18 abril.<\/span><\/p>\n<p><span style=\"font-weight: 400;\">Con la nueva ley el litio pas\u00f3 a ser considerado \u201cpatrimonio de la naci\u00f3n\u201d, excluyendo la participaci\u00f3n privada tanto nacional como extranjera en la explotaci\u00f3n de este mineral, clave para el desarrollo de las nuevas tecnolog\u00edas y uno de los grandes recursos naturales de inter\u00e9s en el escenario internacional.<\/span><\/p>\n<p><span style=\"font-weight: 400;\">Cabe mencionar que los gobiernos anteriores han otorgado, por lo menos, ocho contratos a privados (en fase exploratoria). Estos contratos deber\u00e1n ser revisados en el marco de la nueva ley que proh\u00edbe la participaci\u00f3n privada en el mercado del litio. El proyecto de reforma se da en medio del debate por la reforma constitucional, la cual permitir\u00eda aumentar el control estatal sobre el mercado energ\u00e9tico. La propuesta fue derrotada en el Congreso.<\/span><\/p>\n<p><span style=\"font-weight: 400;\">M\u00e9xico es el d\u00e9cimo pa\u00eds del mundo con mayores reservas de litio, en gran medida producto del yacimiento de Sonora, el m\u00e1s grande del mundo. En la actualidad, este \u00faltimo se encuentra bajo control de empresas anglocanadienses y chinas.<\/span><\/p>\n<\/div>\n<\/div>\n","protected":false},"excerpt":{"rendered":"<p>El martes 19 de abril, el Senado de M\u00e9xico aprob\u00f3 la iniciativa presentada por el presidente Andr\u00e9s Manuel L\u00f3pez Obrador para avanzar con la nacionalizaci\u00f3n de la explotaci\u00f3n de litio en el pa\u00eds del norte. De esta forma se complet\u00f3 el proceso legislativo para establecer la explotaci\u00f3n del mismo por parte del Estado de forma [&hellip;]<\/p>\n","protected":false},"author":2,"featured_media":5483,"comment_status":"open","ping_status":"open","sticky":false,"template":"","format":"standard","meta":{"_exactmetrics_skip_tracking":false,"_exactmetrics_sitenote_active":false,"_exactmetrics_sitenote_note":"","_exactmetrics_sitenote_category":0,"jnews-multi-image_gallery":[],"jnews_single_post":{"source_name":"","source_url":"","via_name":"","via_url":"","override_template":"0","override":[{"template":"1","single_blog_custom":"","parallax":"1","fullscreen":"1","layout":"right-sidebar","sidebar":"default-sidebar","second_sidebar":"default-sidebar","sticky_sidebar":"1","share_position":"top","share_float_style":"share-monocrhome","show_share_counter":"1","show_view_counter":"1","show_featured":"1","show_post_meta":"1","show_post_author":"1","show_post_author_image":"1","show_post_date":"1","post_date_format":"default","post_date_format_custom":"Y\/m\/d","show_post_category":"1","show_post_reading_time":"0","post_reading_time_wpm":"300","show_zoom_button":"0","zoom_button_out_step":"2","zoom_button_in_step":"3","show_post_tag":"1","show_prev_next_post":"1","show_popup_post":"1","number_popup_post":"1","show_author_box":"0","show_post_related":"0","show_inline_post_related":"0"}],"override_image_size":"0","image_override":[{"single_post_thumbnail_size":"crop-500","single_post_gallery_size":"crop-500"}],"trending_post":"0","trending_post_position":"meta","trending_post_label":"Trending","sponsored_post":"0","sponsored_post_label":"Sponsored by","sponsored_post_name":"","sponsored_post_url":"","sponsored_post_logo_enable":"0","sponsored_post_logo":"","sponsored_post_desc":""},"jnews_primary_category":{"id":"22"},"jnews_social_meta":{"fb_title":"","fb_description":"","fb_image":"","twitter_title":"","twitter_description":"","twitter_image":""},"jnews_override_counter":{"override_view_counter":"0","view_counter_number":"0","override_share_counter":"0","share_counter_number":"0","override_like_counter":"0","like_counter_number":"0","override_dislike_counter":"0","dislike_counter_number":"0"},"_joinchat":[],"footnotes":""},"categories":[22],"tags":[246,46,69],"class_list":["post-5482","post","type-post","status-publish","format-standard","has-post-thumbnail","hentry","category-actualidad","tag-edicion-87","tag-energia","tag-latinoamerica"],"_links":{"self":[{"href":"https:\/\/tribunavm.com.ar\/index.php\/wp-json\/wp\/v2\/posts\/5482"}],"collection":[{"href":"https:\/\/tribunavm.com.ar\/index.php\/wp-json\/wp\/v2\/posts"}],"about":[{"href":"https:\/\/tribunavm.com.ar\/index.php\/wp-json\/wp\/v2\/types\/post"}],"author":[{"embeddable":true,"href":"https:\/\/tribunavm.com.ar\/index.php\/wp-json\/wp\/v2\/users\/2"}],"replies":[{"embeddable":true,"href":"https:\/\/tribunavm.com.ar\/index.php\/wp-json\/wp\/v2\/comments?post=5482"}],"version-history":[{"count":2,"href":"https:\/\/tribunavm.com.ar\/index.php\/wp-json\/wp\/v2\/posts\/5482\/revisions"}],"predecessor-version":[{"id":5574,"href":"https:\/\/tribunavm.com.ar\/index.php\/wp-json\/wp\/v2\/posts\/5482\/revisions\/5574"}],"wp:featuredmedia":[{"embeddable":true,"href":"https:\/\/tribunavm.com.ar\/index.php\/wp-json\/wp\/v2\/media\/5483"}],"wp:attachment":[{"href":"https:\/\/tribunavm.com.ar\/index.php\/wp-json\/wp\/v2\/media?parent=5482"}],"wp:term":[{"taxonomy":"category","embeddable":true,"href":"https:\/\/tribunavm.com.ar\/index.php\/wp-json\/wp\/v2\/categories?post=5482"},{"taxonomy":"post_tag","embeddable":true,"href":"https:\/\/tribunavm.com.ar\/index.php\/wp-json\/wp\/v2\/tags?post=5482"}],"curies":[{"name":"wp","href":"https:\/\/api.w.org\/{rel}","templated":true}]}}