{"id":5485,"date":"2022-04-24T22:38:26","date_gmt":"2022-04-24T22:38:26","guid":{"rendered":"https:\/\/tribunavm.com.ar\/?p=5485"},"modified":"2022-04-24T22:39:32","modified_gmt":"2022-04-24T22:39:32","slug":"acuerdo-entre-rusia-y-venezuela-sobre-el-espacio-exterior","status":"publish","type":"post","link":"https:\/\/tribunavm.com.ar\/index.php\/2022\/04\/24\/acuerdo-entre-rusia-y-venezuela-sobre-el-espacio-exterior\/","title":{"rendered":"Acuerdo entre Rusia y Venezuela sobre el espacio exterior"},"content":{"rendered":"<div class=\"row clearfix\">\n<div class=\"col-md-8\">\n<p><span style=\"font-weight: 400;\"><span class=\"dropcap \" style=\"background-color: #ffffff; color: #dd9933; border-color: #ffffff;\">E<\/span>l gobierno de Rusia aprob\u00f3 un proyecto de cooperaci\u00f3n con Venezuela para la exploraci\u00f3n y el uso del espacio ultraterrestre con fines pac\u00edficos. El proyecto ya hab\u00eda sido aprobado anteriormente por la Asamblea Nacional de Venezuela en noviembre del 2021.<\/span><\/p>\n<p><span style=\"font-weight: 400;\">El correspondiente proyecto de ley sobre el acuerdo de exploraci\u00f3n e investigaci\u00f3n del espacio ser\u00e1 remitido a la Duma, seg\u00fan inform\u00f3 el gobierno ruso en un comunicado. El texto ha precisado que el acuerdo responde a la tendencia de ampliaci\u00f3n de la cooperaci\u00f3n bilateral entre Mosc\u00fa y Caracas.<\/span><\/p>\n<p><span style=\"font-weight: 400;\">La iniciativa se da en el contexto del reciente anuncio del Kremlin sobre el avance de los planes para construir una nueva estaci\u00f3n orbital (ROSS), tras la renuncia de Rusia al proyecto colaborativo de la Estaci\u00f3n Espacial Internacional (EEI) donde particip\u00f3 de forma conjunta con las entidades espaciales de Estados Unidos, Canad\u00e1, Uni\u00f3n Europea y Jap\u00f3n.<\/span><\/p>\n<p><span style=\"font-weight: 400;\">La renuncia se produjo debido a las sanciones que los pa\u00edses occidentales mantienen en contra de la agencia estatal rusa Roscosmos, en el marco del enfrentamiento militar en Ucrania.<\/span><\/p>\n<p><span style=\"font-weight: 400;\">La EEI, puesta en \u00f3rbita en 1998 y dise\u00f1ada para mantener sus actividades por 15 a\u00f1os, requiere una gran inyecci\u00f3n de dinero para continuar en uso y evitar su colapso antes del 2030.<\/span><\/p>\n<\/div>\n<\/div>\n","protected":false},"excerpt":{"rendered":"<p>El gobierno de Rusia aprob\u00f3 un proyecto de cooperaci\u00f3n con Venezuela para la exploraci\u00f3n y el uso del espacio ultraterrestre con fines pac\u00edficos. El proyecto ya hab\u00eda sido aprobado anteriormente por la Asamblea Nacional de Venezuela en noviembre del 2021. El correspondiente proyecto de ley sobre el acuerdo de exploraci\u00f3n e investigaci\u00f3n del espacio ser\u00e1 [&hellip;]<\/p>\n","protected":false},"author":2,"featured_media":5487,"comment_status":"open","ping_status":"open","sticky":false,"template":"","format":"standard","meta":{"_exactmetrics_skip_tracking":false,"_exactmetrics_sitenote_active":false,"_exactmetrics_sitenote_note":"","_exactmetrics_sitenote_category":0,"jnews-multi-image_gallery":[],"jnews_single_post":{"source_name":"","source_url":"","via_name":"","via_url":"","override_template":"0","override":[{"template":"1","single_blog_custom":"","parallax":"1","fullscreen":"1","layout":"right-sidebar","sidebar":"default-sidebar","second_sidebar":"default-sidebar","sticky_sidebar":"1","share_position":"top","share_float_style":"share-monocrhome","show_share_counter":"1","show_view_counter":"1","show_featured":"1","show_post_meta":"1","show_post_author":"1","show_post_author_image":"1","show_post_date":"1","post_date_format":"default","post_date_format_custom":"Y\/m\/d","show_post_category":"1","show_post_reading_time":"0","post_reading_time_wpm":"300","show_zoom_button":"0","zoom_button_out_step":"2","zoom_button_in_step":"3","show_post_tag":"1","show_prev_next_post":"1","show_popup_post":"1","number_popup_post":"1","show_author_box":"0","show_post_related":"0","show_inline_post_related":"0"}],"override_image_size":"0","image_override":[{"single_post_thumbnail_size":"crop-500","single_post_gallery_size":"crop-500"}],"trending_post":"0","trending_post_position":"meta","trending_post_label":"Trending","sponsored_post":"0","sponsored_post_label":"Sponsored by","sponsored_post_name":"","sponsored_post_url":"","sponsored_post_logo_enable":"0","sponsored_post_logo":"","sponsored_post_desc":""},"jnews_primary_category":{"id":"22"},"jnews_social_meta":{"fb_title":"","fb_description":"","fb_image":"","twitter_title":"","twitter_description":"","twitter_image":""},"jnews_override_counter":{"override_view_counter":"0","view_counter_number":"0","override_share_counter":"0","share_counter_number":"0","override_like_counter":"0","like_counter_number":"0","override_dislike_counter":"0","dislike_counter_number":"0"},"_joinchat":[],"footnotes":""},"categories":[22],"tags":[246,75],"class_list":["post-5485","post","type-post","status-publish","format-standard","has-post-thumbnail","hentry","category-actualidad","tag-edicion-87","tag-internacional"],"_links":{"self":[{"href":"https:\/\/tribunavm.com.ar\/index.php\/wp-json\/wp\/v2\/posts\/5485"}],"collection":[{"href":"https:\/\/tribunavm.com.ar\/index.php\/wp-json\/wp\/v2\/posts"}],"about":[{"href":"https:\/\/tribunavm.com.ar\/index.php\/wp-json\/wp\/v2\/types\/post"}],"author":[{"embeddable":true,"href":"https:\/\/tribunavm.com.ar\/index.php\/wp-json\/wp\/v2\/users\/2"}],"replies":[{"embeddable":true,"href":"https:\/\/tribunavm.com.ar\/index.php\/wp-json\/wp\/v2\/comments?post=5485"}],"version-history":[{"count":1,"href":"https:\/\/tribunavm.com.ar\/index.php\/wp-json\/wp\/v2\/posts\/5485\/revisions"}],"predecessor-version":[{"id":5486,"href":"https:\/\/tribunavm.com.ar\/index.php\/wp-json\/wp\/v2\/posts\/5485\/revisions\/5486"}],"wp:featuredmedia":[{"embeddable":true,"href":"https:\/\/tribunavm.com.ar\/index.php\/wp-json\/wp\/v2\/media\/5487"}],"wp:attachment":[{"href":"https:\/\/tribunavm.com.ar\/index.php\/wp-json\/wp\/v2\/media?parent=5485"}],"wp:term":[{"taxonomy":"category","embeddable":true,"href":"https:\/\/tribunavm.com.ar\/index.php\/wp-json\/wp\/v2\/categories?post=5485"},{"taxonomy":"post_tag","embeddable":true,"href":"https:\/\/tribunavm.com.ar\/index.php\/wp-json\/wp\/v2\/tags?post=5485"}],"curies":[{"name":"wp","href":"https:\/\/api.w.org\/{rel}","templated":true}]}}