{"id":5518,"date":"2022-04-24T23:35:16","date_gmt":"2022-04-24T23:35:16","guid":{"rendered":"https:\/\/tribunavm.com.ar\/?p=5518"},"modified":"2022-04-25T03:43:34","modified_gmt":"2022-04-25T03:43:34","slug":"gira-de-guzman-por-washington","status":"publish","type":"post","link":"https:\/\/tribunavm.com.ar\/index.php\/2022\/04\/24\/gira-de-guzman-por-washington\/","title":{"rendered":"Gira de Guzm\u00e1n por Washington"},"content":{"rendered":"<div class=\"row clearfix\">\n<div class=\"col-md-8\">\n<div class=\"intro-text\">\n<p><span style=\"font-weight: 400;\">Se llev\u00f3 a cabo un encuentro en la ciudad de EE.UU. en el marco de Ministros de Econom\u00eda del G20 en EE.UU. All\u00ed, el FMI aprob\u00f3 un fideicomiso para girar nuevos pr\u00e9stamos a pa\u00edses de \u201cingresos bajos\u201d.\u00a0\u00a0<\/span><\/p>\n<\/div>\n<p><span style=\"font-weight: 400;\"><span class=\"dropcap \" style=\"background-color: #ffffff; color: #dd9933; border-color: #ffffff;\">E<\/span>l ministro de Econom\u00eda, Mart\u00edn Guzm\u00e1n, particip\u00f3 del encuentro titulado &#8220;Una conversaci\u00f3n sobre los mercados emergentes del G20\u201d, llevado a cabo en Washington, EE.UU., del cual estuvieron presentes representantes del Fondo Monetario Internacional (FMI).<\/span><\/p>\n<p><span style=\"font-weight: 400;\">Seg\u00fan inform\u00f3 en parte de prensa el Ministerio de Econom\u00eda, Guzm\u00e1n habl\u00f3 sobre buscar soluciones ante la suba de la inflaci\u00f3n a escala global y reclam\u00f3 que el FMI revise su pol\u00edtica de sobrecargos.<\/span><\/p>\n<p><span style=\"font-weight: 400;\">Adem\u00e1s, mantuvo una reuni\u00f3n con funcionarios del Fondo \u201ccon quienes dialog\u00f3 sobre el rumbo del entendimiento alcanzado entre la Argentina y el organismo\u201d. En representaci\u00f3n de \u00e9ste \u00faltimo, estuvieron presentes el director para el Hemisferio Occidental, Ilan Goldfajn; la subdirectora en el Departamento del Hemisferio Occidental, Julie Kozack; y el jefe de la misi\u00f3n para las negociaciones con la Argentina, Luis Cubeddu.<\/span><\/p>\n<p><img loading=\"lazy\" decoding=\"async\" class=\"aligncenter size-full wp-image-5519\" src=\"https:\/\/tribunavm.com.ar\/wp-content\/uploads\/2022\/04\/encuentro_de_primavera_fmi_3.jpeg\" alt=\"\" width=\"1024\" height=\"768\" srcset=\"https:\/\/tribunavm.com.ar\/wp-content\/uploads\/2022\/04\/encuentro_de_primavera_fmi_3.jpeg 1024w, https:\/\/tribunavm.com.ar\/wp-content\/uploads\/2022\/04\/encuentro_de_primavera_fmi_3-300x225.jpeg 300w, https:\/\/tribunavm.com.ar\/wp-content\/uploads\/2022\/04\/encuentro_de_primavera_fmi_3-768x576.jpeg 768w, https:\/\/tribunavm.com.ar\/wp-content\/uploads\/2022\/04\/encuentro_de_primavera_fmi_3-750x563.jpeg 750w\" sizes=\"(max-width: 1024px) 100vw, 1024px\" \/><\/p>\n<p><span style=\"font-weight: 400;\">Por otra parte, en el marco de las reuniones del G20, el directorio del FMI aprob\u00f3 la creaci\u00f3n de un Fideicomiso de Resiliencia y Sostenibilidad (RST). El mismo entrar\u00e1 en vigencia a partir del 1 de mayo y busca generar pr\u00e9stamos a largo plazo, con un vencimiento de 20 a\u00f1os y un per\u00edodo de gracia de 10 a\u00f1os y medio &#8220;con el objetivo ayudar a los pa\u00edses de ingreso bajo y medio vulnerable\u201d, seg\u00fan el organismo.<\/span><\/p>\n<p><span style=\"font-weight: 400;\">La directora gerente del FMI, Kristalina Georgieva, dijo que &#8220;el RST amplifica el impacto de la asignaci\u00f3n de Derechos Especiales de Giro (DEG) de US$650 mil millones implementada el a\u00f1o pasado\u201d. Adem\u00e1s, coment\u00f3 que el fideicomiso contar\u00e1 con \u201cal menos US$45 mil millones en recursos&#8221;.<\/span><\/p>\n<p><span style=\"font-weight: 400;\">Argentina ya hab\u00eda recibido en agosto del a\u00f1o pasado el primer desembolso de los DEG por US$4.350 millones que se destinaron a pagarle al propio Fondo en septiembre y diciembre del mismo a\u00f1o.<\/span><\/p>\n<p><span style=\"font-weight: 400;\">Esta nueva aprobaci\u00f3n, permitir\u00e1 brindar un nuevo pr\u00e9stamo al Gobierno Nacional, quien recibir\u00e1 1.300 millones de d\u00f3lares destinados a reforzar las reservas del Banco Central (BCRA), con compromisos de pago que empezar\u00edan a liquidarse en octubre de 2032.\u00a0<\/span><\/p>\n<\/div>\n<\/div>\n","protected":false},"excerpt":{"rendered":"<p>Se llev\u00f3 a cabo un encuentro en la ciudad de EE.UU. en el marco de Ministros de Econom\u00eda del G20 en EE.UU. All\u00ed, el FMI aprob\u00f3 un fideicomiso para girar nuevos pr\u00e9stamos a pa\u00edses de \u201cingresos bajos\u201d.\u00a0\u00a0 El ministro de Econom\u00eda, Mart\u00edn Guzm\u00e1n, particip\u00f3 del encuentro titulado &#8220;Una conversaci\u00f3n sobre los mercados emergentes del G20\u201d, [&hellip;]<\/p>\n","protected":false},"author":2,"featured_media":5519,"comment_status":"open","ping_status":"open","sticky":false,"template":"","format":"standard","meta":{"_exactmetrics_skip_tracking":false,"_exactmetrics_sitenote_active":false,"_exactmetrics_sitenote_note":"","_exactmetrics_sitenote_category":0,"jnews-multi-image_gallery":[],"jnews_single_post":{"source_name":"","source_url":"","via_name":"","via_url":"","override_template":"0","override":[{"template":"1","single_blog_custom":"","parallax":"1","fullscreen":"1","layout":"right-sidebar","sidebar":"default-sidebar","second_sidebar":"default-sidebar","sticky_sidebar":"1","share_position":"top","share_float_style":"share-monocrhome","show_share_counter":"1","show_view_counter":"1","show_featured":"1","show_post_meta":"1","show_post_author":"1","show_post_author_image":"1","show_post_date":"1","post_date_format":"default","post_date_format_custom":"Y\/m\/d","show_post_category":"1","show_post_reading_time":"0","post_reading_time_wpm":"300","show_zoom_button":"0","zoom_button_out_step":"2","zoom_button_in_step":"3","show_post_tag":"1","show_prev_next_post":"1","show_popup_post":"1","number_popup_post":"1","show_author_box":"0","show_post_related":"0","show_inline_post_related":"0"}],"override_image_size":"0","image_override":[{"single_post_thumbnail_size":"crop-500","single_post_gallery_size":"crop-500"}],"trending_post":"0","trending_post_position":"meta","trending_post_label":"Trending","sponsored_post":"0","sponsored_post_label":"Sponsored by","sponsored_post_name":"","sponsored_post_url":"","sponsored_post_logo_enable":"0","sponsored_post_logo":"","sponsored_post_desc":""},"jnews_primary_category":{"id":"22"},"jnews_social_meta":{"fb_title":"","fb_description":"","fb_image":"","twitter_title":"","twitter_description":"","twitter_image":""},"jnews_override_counter":{"override_view_counter":"0","view_counter_number":"0","override_share_counter":"0","share_counter_number":"0","override_like_counter":"0","like_counter_number":"0","override_dislike_counter":"0","dislike_counter_number":"0"},"_joinchat":[],"footnotes":""},"categories":[22],"tags":[80,246,52,179,39],"class_list":["post-5518","post","type-post","status-publish","format-standard","has-post-thumbnail","hentry","category-actualidad","tag-deuda","tag-edicion-87","tag-finanzas","tag-fmi","tag-gobierno"],"_links":{"self":[{"href":"https:\/\/tribunavm.com.ar\/index.php\/wp-json\/wp\/v2\/posts\/5518"}],"collection":[{"href":"https:\/\/tribunavm.com.ar\/index.php\/wp-json\/wp\/v2\/posts"}],"about":[{"href":"https:\/\/tribunavm.com.ar\/index.php\/wp-json\/wp\/v2\/types\/post"}],"author":[{"embeddable":true,"href":"https:\/\/tribunavm.com.ar\/index.php\/wp-json\/wp\/v2\/users\/2"}],"replies":[{"embeddable":true,"href":"https:\/\/tribunavm.com.ar\/index.php\/wp-json\/wp\/v2\/comments?post=5518"}],"version-history":[{"count":3,"href":"https:\/\/tribunavm.com.ar\/index.php\/wp-json\/wp\/v2\/posts\/5518\/revisions"}],"predecessor-version":[{"id":5555,"href":"https:\/\/tribunavm.com.ar\/index.php\/wp-json\/wp\/v2\/posts\/5518\/revisions\/5555"}],"wp:featuredmedia":[{"embeddable":true,"href":"https:\/\/tribunavm.com.ar\/index.php\/wp-json\/wp\/v2\/media\/5519"}],"wp:attachment":[{"href":"https:\/\/tribunavm.com.ar\/index.php\/wp-json\/wp\/v2\/media?parent=5518"}],"wp:term":[{"taxonomy":"category","embeddable":true,"href":"https:\/\/tribunavm.com.ar\/index.php\/wp-json\/wp\/v2\/categories?post=5518"},{"taxonomy":"post_tag","embeddable":true,"href":"https:\/\/tribunavm.com.ar\/index.php\/wp-json\/wp\/v2\/tags?post=5518"}],"curies":[{"name":"wp","href":"https:\/\/api.w.org\/{rel}","templated":true}]}}