{"id":5527,"date":"2022-04-24T23:45:20","date_gmt":"2022-04-24T23:45:20","guid":{"rendered":"https:\/\/tribunavm.com.ar\/?p=5527"},"modified":"2022-04-24T23:45:20","modified_gmt":"2022-04-24T23:45:20","slug":"tira-para-arriba","status":"publish","type":"post","link":"https:\/\/tribunavm.com.ar\/index.php\/2022\/04\/24\/tira-para-arriba\/","title":{"rendered":"Tira para arriba"},"content":{"rendered":"<div class=\"row clearfix\">\n<div class=\"col-md-8\">\n<div class=\"intro-text\">\n<p><span style=\"font-weight: 400;\">Al ritmo de la inflaci\u00f3n, en marzo hubo aumento de la deuda del pa\u00eds y el BCRA aument\u00f3 la tasa de inter\u00e9s.<\/span><\/p>\n<\/div>\n<p><span style=\"font-weight: 400;\"><span class=\"dropcap \" style=\"background-color: #ffffff; color: #dd9933; border-color: #ffffff;\">S<\/span>eg\u00fan datos publicados por la Secretar\u00eda de Finanzas, la deuda p\u00fablica del pa\u00eds se increment\u00f3 en $9731 millones de d\u00f3lares durante el mes de marzo. De esta forma lleg\u00f3 a un neto total equivalente a $376.278 millones de d\u00f3lares, lo que supone un pasivo promedio de habitante de 8.300 d\u00f3lares.<\/span><\/p>\n<p><span style=\"font-weight: 400;\">Durante ese mes, el Gobierno hizo frente a vencimientos de deuda por $17.559 millones de d\u00f3lares, pero como a la vez recibi\u00f3 pr\u00e9stamos o emiti\u00f3 por otros $28.236 millones, la deuda total se ampli\u00f3 en $10.667 millones de d\u00f3lares.<\/span><\/p>\n<p><span style=\"font-weight: 400;\">De esta manera, la deuda con el conjunto de los organismos financieros internacionales (FMI, Banco Mundial y BID, entre otros) alcanz\u00f3 un nuevo r\u00e9cord, al superar los $73.545 millones de d\u00f3lares.<\/span><\/p>\n<p><span style=\"color: #ff9900;\"><b>Suben las tasas<\/b><\/span><\/p>\n<p><span style=\"font-weight: 400;\">Por otra parte, tras conocerse el dato de la inflaci\u00f3n de marzo, el Banco Central dispuso elevar en 250 puntos b\u00e1sicos la tasa de inter\u00e9s nominal anual de las Letras de Liquidez (Leliq) a 28 d\u00edas de 44,5% a 47% y al 46% para los plazos fijos en lo que signific\u00f3 la cuarta suba en lo que va del a\u00f1o.<\/span><\/p>\n<\/div>\n<\/div>\n","protected":false},"excerpt":{"rendered":"<p>Al ritmo de la inflaci\u00f3n, en marzo hubo aumento de la deuda del pa\u00eds y el BCRA aument\u00f3 la tasa de inter\u00e9s. Seg\u00fan datos publicados por la Secretar\u00eda de Finanzas, la deuda p\u00fablica del pa\u00eds se increment\u00f3 en $9731 millones de d\u00f3lares durante el mes de marzo. De esta forma lleg\u00f3 a un neto total [&hellip;]<\/p>\n","protected":false},"author":2,"featured_media":5528,"comment_status":"open","ping_status":"open","sticky":false,"template":"","format":"standard","meta":{"_exactmetrics_skip_tracking":false,"_exactmetrics_sitenote_active":false,"_exactmetrics_sitenote_note":"","_exactmetrics_sitenote_category":0,"jnews-multi-image_gallery":[],"jnews_single_post":{"source_name":"","source_url":"","via_name":"","via_url":"","override_template":"0","override":[{"template":"1","single_blog_custom":"","parallax":"1","fullscreen":"1","layout":"right-sidebar","sidebar":"default-sidebar","second_sidebar":"default-sidebar","sticky_sidebar":"1","share_position":"top","share_float_style":"share-monocrhome","show_share_counter":"1","show_view_counter":"1","show_featured":"1","show_post_meta":"1","show_post_author":"1","show_post_author_image":"1","show_post_date":"1","post_date_format":"default","post_date_format_custom":"Y\/m\/d","show_post_category":"1","show_post_reading_time":"0","post_reading_time_wpm":"300","show_zoom_button":"0","zoom_button_out_step":"2","zoom_button_in_step":"3","show_post_tag":"1","show_prev_next_post":"1","show_popup_post":"1","number_popup_post":"1","show_author_box":"0","show_post_related":"0","show_inline_post_related":"0"}],"override_image_size":"0","image_override":[{"single_post_thumbnail_size":"crop-500","single_post_gallery_size":"crop-500"}],"trending_post":"0","trending_post_position":"meta","trending_post_label":"Trending","sponsored_post":"0","sponsored_post_label":"Sponsored by","sponsored_post_name":"","sponsored_post_url":"","sponsored_post_logo_enable":"0","sponsored_post_logo":"","sponsored_post_desc":""},"jnews_primary_category":{"id":"22"},"jnews_social_meta":{"fb_title":"","fb_description":"","fb_image":"","twitter_title":"","twitter_description":"","twitter_image":""},"jnews_override_counter":{"override_view_counter":"0","view_counter_number":"0","override_share_counter":"0","share_counter_number":"0","override_like_counter":"0","like_counter_number":"0","override_dislike_counter":"0","dislike_counter_number":"0"},"_joinchat":[],"footnotes":""},"categories":[22],"tags":[],"class_list":["post-5527","post","type-post","status-publish","format-standard","has-post-thumbnail","hentry","category-actualidad"],"_links":{"self":[{"href":"https:\/\/tribunavm.com.ar\/index.php\/wp-json\/wp\/v2\/posts\/5527"}],"collection":[{"href":"https:\/\/tribunavm.com.ar\/index.php\/wp-json\/wp\/v2\/posts"}],"about":[{"href":"https:\/\/tribunavm.com.ar\/index.php\/wp-json\/wp\/v2\/types\/post"}],"author":[{"embeddable":true,"href":"https:\/\/tribunavm.com.ar\/index.php\/wp-json\/wp\/v2\/users\/2"}],"replies":[{"embeddable":true,"href":"https:\/\/tribunavm.com.ar\/index.php\/wp-json\/wp\/v2\/comments?post=5527"}],"version-history":[{"count":1,"href":"https:\/\/tribunavm.com.ar\/index.php\/wp-json\/wp\/v2\/posts\/5527\/revisions"}],"predecessor-version":[{"id":5529,"href":"https:\/\/tribunavm.com.ar\/index.php\/wp-json\/wp\/v2\/posts\/5527\/revisions\/5529"}],"wp:featuredmedia":[{"embeddable":true,"href":"https:\/\/tribunavm.com.ar\/index.php\/wp-json\/wp\/v2\/media\/5528"}],"wp:attachment":[{"href":"https:\/\/tribunavm.com.ar\/index.php\/wp-json\/wp\/v2\/media?parent=5527"}],"wp:term":[{"taxonomy":"category","embeddable":true,"href":"https:\/\/tribunavm.com.ar\/index.php\/wp-json\/wp\/v2\/categories?post=5527"},{"taxonomy":"post_tag","embeddable":true,"href":"https:\/\/tribunavm.com.ar\/index.php\/wp-json\/wp\/v2\/tags?post=5527"}],"curies":[{"name":"wp","href":"https:\/\/api.w.org\/{rel}","templated":true}]}}