{"id":5533,"date":"2022-04-24T23:50:46","date_gmt":"2022-04-24T23:50:46","guid":{"rendered":"https:\/\/tribunavm.com.ar\/?p=5533"},"modified":"2022-04-24T23:50:46","modified_gmt":"2022-04-24T23:50:46","slug":"paro-de-transportistas","status":"publish","type":"post","link":"https:\/\/tribunavm.com.ar\/index.php\/2022\/04\/24\/paro-de-transportistas\/","title":{"rendered":"Paro de transportistas"},"content":{"rendered":"<div class=\"row clearfix\">\n<div class=\"col-md-8\">\n<div class=\"intro-text\">\n<p><span style=\"font-weight: 400;\">Transportistas de granos paralizaron su actividad en reclamo de una mejora de la tarifa del flete.<\/span><\/p>\n<\/div>\n<p><span style=\"font-weight: 400;\"><span class=\"dropcap \" style=\"background-color: #ffffff; color: #dd9933; border-color: #ffffff;\">D<\/span>espu\u00e9s de cuatro d\u00edas de paro y movilizaci\u00f3n en las rutas, la Federaci\u00f3n de Transportadores Argentinos (Fetra) levant\u00f3 la medida de fuerza que afect\u00f3 el transporte de granos tras una reuni\u00f3n con el Gobierno, la Mesa de Enlace y la Federaci\u00f3n de Acopiadores, en la sede del Ministerio de Transporte.<\/span><\/p>\n<p><span style=\"font-weight: 400;\">El reclamo de los transportistas de granos pon\u00eda el eje en conseguir una mejora en los fletes y por el pleno abastecimiento de gasoil. \u201cComo resultado de la negociaci\u00f3n se logr\u00f3 un aumento del 20% en la tarifa nacional para el transporte de granos, cereales y oleaginosas, entrando en vigencia en el d\u00eda de la fecha\u201d, inform\u00f3 la Fetra en un comunicado.<\/span><\/p>\n<p><span style=\"font-weight: 400;\">Seg\u00fan la C\u00e1mara de la Industria Aceitera de la Rep\u00fablica Argentina y el Centro Exportador de Cereales, el paro, en plena \u00e9poca de cosecha, provoc\u00f3 p\u00e9rdidas por unos 100 millones de d\u00f3lares diarios, al no poder exportarse los granos. De acuerdo a las c\u00e1maras empresariales, se trata de unas 200.000 toneladas que dejaron de descargarse en las terminales portuarias.<\/span><\/p>\n<p><span style=\"font-weight: 400;\">La \u00faltima actualizaci\u00f3n del flete se estableci\u00f3 en febrero pasado a partir de un valor de $107 del litro de gasoil cuando en la actualidad se promediaron pagos de entre $150 y $160.<\/span><\/p>\n<\/div>\n<\/div>\n","protected":false},"excerpt":{"rendered":"<p>Transportistas de granos paralizaron su actividad en reclamo de una mejora de la tarifa del flete. Despu\u00e9s de cuatro d\u00edas de paro y movilizaci\u00f3n en las rutas, la Federaci\u00f3n de Transportadores Argentinos (Fetra) levant\u00f3 la medida de fuerza que afect\u00f3 el transporte de granos tras una reuni\u00f3n con el Gobierno, la Mesa de Enlace y [&hellip;]<\/p>\n","protected":false},"author":2,"featured_media":5534,"comment_status":"open","ping_status":"open","sticky":false,"template":"","format":"standard","meta":{"_exactmetrics_skip_tracking":false,"_exactmetrics_sitenote_active":false,"_exactmetrics_sitenote_note":"","_exactmetrics_sitenote_category":0,"jnews-multi-image_gallery":[],"jnews_single_post":{"source_name":"","source_url":"","via_name":"","via_url":"","override_template":"0","override":[{"template":"1","single_blog_custom":"","parallax":"1","fullscreen":"1","layout":"right-sidebar","sidebar":"default-sidebar","second_sidebar":"default-sidebar","sticky_sidebar":"1","share_position":"top","share_float_style":"share-monocrhome","show_share_counter":"1","show_view_counter":"1","show_featured":"1","show_post_meta":"1","show_post_author":"1","show_post_author_image":"1","show_post_date":"1","post_date_format":"default","post_date_format_custom":"Y\/m\/d","show_post_category":"1","show_post_reading_time":"0","post_reading_time_wpm":"300","show_zoom_button":"0","zoom_button_out_step":"2","zoom_button_in_step":"3","show_post_tag":"1","show_prev_next_post":"1","show_popup_post":"1","number_popup_post":"1","show_author_box":"0","show_post_related":"0","show_inline_post_related":"0"}],"override_image_size":"0","image_override":[{"single_post_thumbnail_size":"crop-500","single_post_gallery_size":"crop-500"}],"trending_post":"0","trending_post_position":"meta","trending_post_label":"Trending","sponsored_post":"0","sponsored_post_label":"Sponsored by","sponsored_post_name":"","sponsored_post_url":"","sponsored_post_logo_enable":"0","sponsored_post_logo":"","sponsored_post_desc":""},"jnews_primary_category":{"id":"22"},"jnews_social_meta":{"fb_title":"","fb_description":"","fb_image":"","twitter_title":"","twitter_description":"","twitter_image":""},"jnews_override_counter":{"override_view_counter":"0","view_counter_number":"0","override_share_counter":"0","share_counter_number":"0","override_like_counter":"0","like_counter_number":"0","override_dislike_counter":"0","dislike_counter_number":"0"},"_joinchat":[],"footnotes":""},"categories":[22],"tags":[41,246,35],"class_list":["post-5533","post","type-post","status-publish","format-standard","has-post-thumbnail","hentry","category-actualidad","tag-agro","tag-edicion-87","tag-trabajadores"],"_links":{"self":[{"href":"https:\/\/tribunavm.com.ar\/index.php\/wp-json\/wp\/v2\/posts\/5533"}],"collection":[{"href":"https:\/\/tribunavm.com.ar\/index.php\/wp-json\/wp\/v2\/posts"}],"about":[{"href":"https:\/\/tribunavm.com.ar\/index.php\/wp-json\/wp\/v2\/types\/post"}],"author":[{"embeddable":true,"href":"https:\/\/tribunavm.com.ar\/index.php\/wp-json\/wp\/v2\/users\/2"}],"replies":[{"embeddable":true,"href":"https:\/\/tribunavm.com.ar\/index.php\/wp-json\/wp\/v2\/comments?post=5533"}],"version-history":[{"count":1,"href":"https:\/\/tribunavm.com.ar\/index.php\/wp-json\/wp\/v2\/posts\/5533\/revisions"}],"predecessor-version":[{"id":5535,"href":"https:\/\/tribunavm.com.ar\/index.php\/wp-json\/wp\/v2\/posts\/5533\/revisions\/5535"}],"wp:featuredmedia":[{"embeddable":true,"href":"https:\/\/tribunavm.com.ar\/index.php\/wp-json\/wp\/v2\/media\/5534"}],"wp:attachment":[{"href":"https:\/\/tribunavm.com.ar\/index.php\/wp-json\/wp\/v2\/media?parent=5533"}],"wp:term":[{"taxonomy":"category","embeddable":true,"href":"https:\/\/tribunavm.com.ar\/index.php\/wp-json\/wp\/v2\/categories?post=5533"},{"taxonomy":"post_tag","embeddable":true,"href":"https:\/\/tribunavm.com.ar\/index.php\/wp-json\/wp\/v2\/tags?post=5533"}],"curies":[{"name":"wp","href":"https:\/\/api.w.org\/{rel}","templated":true}]}}