{"id":554,"date":"2019-09-19T14:27:02","date_gmt":"2019-09-19T14:27:02","guid":{"rendered":"https:\/\/tribunavm.com.ar\/?p=554"},"modified":"2019-10-22T14:39:18","modified_gmt":"2019-10-22T14:39:18","slug":"secundarios-por-la-memoria","status":"publish","type":"post","link":"https:\/\/tribunavm.com.ar\/index.php\/2019\/09\/19\/secundarios-por-la-memoria\/","title":{"rendered":"Secundarios por la memoria"},"content":{"rendered":"<div class=\"row clearfix\">\n<div class=\"col-md-8\">\n<p><span style=\"color: #212121; font-size: 1.5em; letter-spacing: -0.01em;\">J\u00f3venes de la ciudad marcharon recordando lo sucedido en aquella tr\u00e1gica \u201cNoche de los l\u00e1pices\u201d.<\/span><\/p>\n<p><span style=\"font-weight: 400;\"><span class=\"dropcap \" style=\"background-color: #ffffff; color: #dd9933; border-color: #ffffff;\">E<\/span>studiantes de escuelas secundarias organizaron diversas actividades recordando el acontecimiento hist\u00f3rico conocido como \u201cLa noche de los l\u00e1pices\u201d.<\/span><\/p>\n<p><span style=\"font-weight: 400;\">En particular, durante \u201cla noche de los l\u00e1pices, j\u00f3venes estudiantes, reclamaron por el boleto educativo gratuito. La \u00faltima dictadura c\u00edvico-militar los desapareci\u00f3 y tortur\u00f3\u201d porque \u201cno permit\u00edan que se debatiera\u201d, coment\u00f3 Lucas, miembro de la <strong>Federaci\u00f3n de Estudiantes Secundarios local (FESVIMA).<\/strong><\/span><\/p>\n<figure id=\"attachment_556\" aria-describedby=\"caption-attachment-556\" style=\"width: 669px\" class=\"wp-caption alignnone\"><img loading=\"lazy\" decoding=\"async\" class=\"wp-image-556\" src=\"https:\/\/tribunavm.com.ar\/wp-content\/uploads\/2019\/10\/descarga-1.jpg\" alt=\"\" width=\"669\" height=\"393\" \/><figcaption id=\"caption-attachment-556\" class=\"wp-caption-text\">Lucas Delfino &#8211; Estudiante de la Escuela del Trabajo y Presidente de la FESVIMA<\/figcaption><\/figure>\n<p><span style=\"font-weight: 400;\">En aquel entonces \u201clos chicos se manifestaban frente a la sociedad, para mostrar que su voz era fuerte y quer\u00edan que las cosas cambiaran al igual que nosotros queremos ahora\u201d. Previo al debate organizado en el concejo deliberante, los j\u00f3venes marcharon por las calles de la ciudad \u201cpara que la sociedad villamariense viera la importancia de los sucesos\u201d, adem\u00e1s \u201chubo una charla debate con una nieta restituida y una ex-presa pol\u00edtica\u201d, finaliz\u00f3 Lucas.<\/span><\/p>\n<p><span style=\"font-weight: 400;\">La FESVIMA es el espacio que representa a los distintos centros de estudiantes secundarios de Villa Mar\u00eda. Se re\u00fanen peri\u00f3dicamente buscando organizar actividades y debatir sobre las problem\u00e1ticas actuales. En este momento est\u00e1n luchando para que se permita la apertura de un centro de estudiantes en el colegio Trinitarios ya que los directivos no est\u00e1n de acuerdo.<\/span><\/p>\n<\/div>\n<div class=\"col-md-3\">\n<p>&nbsp;<\/p>\n<\/div>\n<\/div>\n","protected":false},"excerpt":{"rendered":"<p>J\u00f3venes de la ciudad marcharon recordando lo sucedido en aquella tr\u00e1gica \u201cNoche de los l\u00e1pices\u201d. Estudiantes de escuelas secundarias organizaron diversas actividades recordando el acontecimiento hist\u00f3rico conocido como \u201cLa noche de los l\u00e1pices\u201d. En particular, durante \u201cla noche de los l\u00e1pices, j\u00f3venes estudiantes, reclamaron por el boleto educativo gratuito. La \u00faltima dictadura c\u00edvico-militar los desapareci\u00f3 [&hellip;]<\/p>\n","protected":false},"author":2,"featured_media":565,"comment_status":"open","ping_status":"open","sticky":false,"template":"","format":"standard","meta":{"_exactmetrics_skip_tracking":false,"_exactmetrics_sitenote_active":false,"_exactmetrics_sitenote_note":"","_exactmetrics_sitenote_category":0,"jnews-multi-image_gallery":[],"jnews_single_post":{"source_name":"","source_url":"","via_name":"","via_url":"","override_template":"0","override":[{"template":"1","single_blog_custom":"","parallax":"1","fullscreen":"0","layout":"right-sidebar","sidebar":"default-sidebar","second_sidebar":"default-sidebar","sticky_sidebar":"1","share_position":"top","share_float_style":"share-monocrhome","show_share_counter":"1","show_view_counter":"1","show_featured":"1","show_post_meta":"1","show_post_author":"1","show_post_author_image":"1","show_post_date":"1","post_date_format":"default","post_date_format_custom":"Y\/m\/d","show_post_category":"1","show_post_reading_time":"0","post_reading_time_wpm":"300","show_zoom_button":"0","zoom_button_out_step":"2","zoom_button_in_step":"3","show_post_tag":"1","show_prev_next_post":"1","show_popup_post":"1","number_popup_post":"1","show_author_box":"0","show_post_related":"0","show_inline_post_related":"0"}],"override_image_size":"0","image_override":[{"single_post_thumbnail_size":"crop-500","single_post_gallery_size":"crop-500"}],"trending_post":"0","trending_post_position":"meta","trending_post_label":"Trending"},"jnews_primary_category":{"id":"22"},"jnews_social_meta":{"fb_title":"","fb_description":"","fb_image":"","twitter_title":"","twitter_description":"","twitter_image":""},"jnews_override_counter":{"override_view_counter":"0","view_counter_number":"0","override_share_counter":"0","share_counter_number":"0","override_like_counter":"0","like_counter_number":"0","override_dislike_counter":"0","dislike_counter_number":"0"},"_joinchat":[],"footnotes":""},"categories":[22],"tags":[49,50],"class_list":["post-554","post","type-post","status-publish","format-standard","has-post-thumbnail","hentry","category-actualidad","tag-edicion-9","tag-educacion"],"_links":{"self":[{"href":"https:\/\/tribunavm.com.ar\/index.php\/wp-json\/wp\/v2\/posts\/554"}],"collection":[{"href":"https:\/\/tribunavm.com.ar\/index.php\/wp-json\/wp\/v2\/posts"}],"about":[{"href":"https:\/\/tribunavm.com.ar\/index.php\/wp-json\/wp\/v2\/types\/post"}],"author":[{"embeddable":true,"href":"https:\/\/tribunavm.com.ar\/index.php\/wp-json\/wp\/v2\/users\/2"}],"replies":[{"embeddable":true,"href":"https:\/\/tribunavm.com.ar\/index.php\/wp-json\/wp\/v2\/comments?post=554"}],"version-history":[{"count":3,"href":"https:\/\/tribunavm.com.ar\/index.php\/wp-json\/wp\/v2\/posts\/554\/revisions"}],"predecessor-version":[{"id":567,"href":"https:\/\/tribunavm.com.ar\/index.php\/wp-json\/wp\/v2\/posts\/554\/revisions\/567"}],"wp:featuredmedia":[{"embeddable":true,"href":"https:\/\/tribunavm.com.ar\/index.php\/wp-json\/wp\/v2\/media\/565"}],"wp:attachment":[{"href":"https:\/\/tribunavm.com.ar\/index.php\/wp-json\/wp\/v2\/media?parent=554"}],"wp:term":[{"taxonomy":"category","embeddable":true,"href":"https:\/\/tribunavm.com.ar\/index.php\/wp-json\/wp\/v2\/categories?post=554"},{"taxonomy":"post_tag","embeddable":true,"href":"https:\/\/tribunavm.com.ar\/index.php\/wp-json\/wp\/v2\/tags?post=554"}],"curies":[{"name":"wp","href":"https:\/\/api.w.org\/{rel}","templated":true}]}}