{"id":5556,"date":"2022-04-25T05:36:30","date_gmt":"2022-04-25T05:36:30","guid":{"rendered":"https:\/\/tribunavm.com.ar\/?p=5556"},"modified":"2022-04-25T05:36:30","modified_gmt":"2022-04-25T05:36:30","slug":"huelga-general-en-grecia","status":"publish","type":"post","link":"https:\/\/tribunavm.com.ar\/index.php\/2022\/04\/25\/huelga-general-en-grecia\/","title":{"rendered":"Huelga general en Grecia"},"content":{"rendered":"<div class=\"row clearfix\">\n<div class=\"col-md-8\">\n<div class=\"intro-text\">\n<p><span style=\"font-weight: 400;\">\u201cLa crisis se ha agravado, las cargas permanecen, los derechos se reducen. Vamos a la huelga y exigimos que el gobierno tome medidas aqu\u00ed y ahora\u201d, dijo la central de trabajadores griega.<\/span><\/p>\n<\/div>\n<p><span style=\"font-weight: 400;\"><span class=\"dropcap \" style=\"background-color: #ffffff; color: #dd9933; border-color: #ffffff;\">E<\/span>l mi\u00e9rcoles 6 de abril se llev\u00f3 a cabo una huelga general en Grecia convocada por la Confederaci\u00f3n General de Trabajadores Griegos (GSEE) del sector privado y la Confederaci\u00f3n de Funcionarios del sector p\u00fablico (ADEDY), las dos principales centrales que representan en conjunto a 2,5 millones de trabajadores.<\/span><\/p>\n<p><span style=\"font-weight: 400;\">La medida de fuerza paraliz\u00f3 el transporte p\u00fablico, las escuelas y los servicios estatales. El personal sanitario s\u00f3lo atendi\u00f3 casos de urgencia en los hospitales p\u00fablicos. El Servicio de Aviaci\u00f3n Civil, organismo estatal griego para la gesti\u00f3n del transporte a\u00e9reo, consigui\u00f3 impedir el paro de los controladores a\u00e9reos, los ingenieros el\u00e9ctricos y el personal de telecomunicaciones a trav\u00e9s de una orden judicial que hac\u00eda ilegal su participaci\u00f3n.<\/span><\/p>\n<p><span style=\"font-weight: 400;\">En un pa\u00eds atravesado por crisis sucesivas producto del endeudamiento con la Troika (FMI, BM y BCE), la inflaci\u00f3n pas\u00f3 del 6,2% en enero al 8,8% en marzo, el m\u00e1s alto de los \u00faltimos 28 a\u00f1os. En este contexto, la situaci\u00f3n de protestas y reclamos por parte del movimiento sindical y los partidos de izquierda se viene prolongando desde hace a\u00f1os, con convocatorias a medidas de fuerza exigiendo mejores condiciones de vida y salidas pol\u00edticas favorables a la poblaci\u00f3n.\u00a0<\/span><\/p>\n<p><span style=\"font-weight: 400;\">La GSEE, en un comunicado, dijo que \u201cdurante los \u00faltimos 14 a\u00f1os, los trabajadores han asumido la carga de una profunda crisis que afect\u00f3 a los ingresos y las vidas de todo el mundo\u201d.<\/span><\/p>\n<p><span style=\"font-weight: 400;\">En Atenas se realizaron tres concentraciones diferentes convocadas por distintas federaciones y partidos pol\u00edticos de izquierda. Adem\u00e1s, la Associated Press inform\u00f3 de que \u201c9.000 manifestantes celebraron marchas en la segunda ciudad m\u00e1s grande de Grecia, Tesal\u00f3nica, en el norte\u201d.<\/span><\/p>\n<p><span style=\"font-weight: 400;\">PAME, un frente sindical conformado por 230 sindicatos de base, en su convocatoria aludi\u00f3 \u201ccontra el aumento del coste de la vida\u201d, \u201cpor la negociaci\u00f3n colectiva y el aumento de los salarios\u201d y rechaz\u00f3 \u201cla participaci\u00f3n de Grecia en la guerra\u201d.<\/span><\/p>\n<\/div>\n<\/div>\n","protected":false},"excerpt":{"rendered":"<p>\u201cLa crisis se ha agravado, las cargas permanecen, los derechos se reducen. Vamos a la huelga y exigimos que el gobierno tome medidas aqu\u00ed y ahora\u201d, dijo la central de trabajadores griega. El mi\u00e9rcoles 6 de abril se llev\u00f3 a cabo una huelga general en Grecia convocada por la Confederaci\u00f3n General de Trabajadores Griegos (GSEE) [&hellip;]<\/p>\n","protected":false},"author":2,"featured_media":5557,"comment_status":"open","ping_status":"open","sticky":false,"template":"","format":"standard","meta":{"_exactmetrics_skip_tracking":false,"_exactmetrics_sitenote_active":false,"_exactmetrics_sitenote_note":"","_exactmetrics_sitenote_category":0,"jnews-multi-image_gallery":[],"jnews_single_post":{"source_name":"","source_url":"","via_name":"","via_url":"","override_template":"0","override":[{"template":"1","single_blog_custom":"","parallax":"1","fullscreen":"1","layout":"right-sidebar","sidebar":"default-sidebar","second_sidebar":"default-sidebar","sticky_sidebar":"1","share_position":"top","share_float_style":"share-monocrhome","show_share_counter":"1","show_view_counter":"1","show_featured":"1","show_post_meta":"1","show_post_author":"1","show_post_author_image":"1","show_post_date":"1","post_date_format":"default","post_date_format_custom":"Y\/m\/d","show_post_category":"1","show_post_reading_time":"0","post_reading_time_wpm":"300","show_zoom_button":"0","zoom_button_out_step":"2","zoom_button_in_step":"3","show_post_tag":"1","show_prev_next_post":"1","show_popup_post":"1","number_popup_post":"1","show_author_box":"0","show_post_related":"0","show_inline_post_related":"0"}],"override_image_size":"0","image_override":[{"single_post_thumbnail_size":"crop-500","single_post_gallery_size":"crop-500"}],"trending_post":"0","trending_post_position":"meta","trending_post_label":"Trending","sponsored_post":"0","sponsored_post_label":"Sponsored by","sponsored_post_name":"","sponsored_post_url":"","sponsored_post_logo_enable":"0","sponsored_post_logo":"","sponsored_post_desc":""},"jnews_primary_category":{"id":"22"},"jnews_social_meta":{"fb_title":"","fb_description":"","fb_image":"","twitter_title":"","twitter_description":"","twitter_image":""},"jnews_override_counter":{"override_view_counter":"0","view_counter_number":"0","override_share_counter":"0","share_counter_number":"0","override_like_counter":"0","like_counter_number":"0","override_dislike_counter":"0","dislike_counter_number":"0"},"_joinchat":[],"footnotes":""},"categories":[22],"tags":[246,75,35],"class_list":["post-5556","post","type-post","status-publish","format-standard","has-post-thumbnail","hentry","category-actualidad","tag-edicion-87","tag-internacional","tag-trabajadores"],"_links":{"self":[{"href":"https:\/\/tribunavm.com.ar\/index.php\/wp-json\/wp\/v2\/posts\/5556"}],"collection":[{"href":"https:\/\/tribunavm.com.ar\/index.php\/wp-json\/wp\/v2\/posts"}],"about":[{"href":"https:\/\/tribunavm.com.ar\/index.php\/wp-json\/wp\/v2\/types\/post"}],"author":[{"embeddable":true,"href":"https:\/\/tribunavm.com.ar\/index.php\/wp-json\/wp\/v2\/users\/2"}],"replies":[{"embeddable":true,"href":"https:\/\/tribunavm.com.ar\/index.php\/wp-json\/wp\/v2\/comments?post=5556"}],"version-history":[{"count":1,"href":"https:\/\/tribunavm.com.ar\/index.php\/wp-json\/wp\/v2\/posts\/5556\/revisions"}],"predecessor-version":[{"id":5558,"href":"https:\/\/tribunavm.com.ar\/index.php\/wp-json\/wp\/v2\/posts\/5556\/revisions\/5558"}],"wp:featuredmedia":[{"embeddable":true,"href":"https:\/\/tribunavm.com.ar\/index.php\/wp-json\/wp\/v2\/media\/5557"}],"wp:attachment":[{"href":"https:\/\/tribunavm.com.ar\/index.php\/wp-json\/wp\/v2\/media?parent=5556"}],"wp:term":[{"taxonomy":"category","embeddable":true,"href":"https:\/\/tribunavm.com.ar\/index.php\/wp-json\/wp\/v2\/categories?post=5556"},{"taxonomy":"post_tag","embeddable":true,"href":"https:\/\/tribunavm.com.ar\/index.php\/wp-json\/wp\/v2\/tags?post=5556"}],"curies":[{"name":"wp","href":"https:\/\/api.w.org\/{rel}","templated":true}]}}