{"id":5576,"date":"2022-04-30T20:20:54","date_gmt":"2022-04-30T20:20:54","guid":{"rendered":"https:\/\/tribunavm.com.ar\/?p=5576"},"modified":"2022-04-30T20:20:54","modified_gmt":"2022-04-30T20:20:54","slug":"caravana-por-el-dia-de-los-trabajadores","status":"publish","type":"post","link":"https:\/\/tribunavm.com.ar\/index.php\/2022\/04\/30\/caravana-por-el-dia-de-los-trabajadores\/","title":{"rendered":"Caravana por el d\u00eda de los trabajadores"},"content":{"rendered":"<div class=\"row clearfix\">\n<div class=\"col-md-8\">\n<p><span style=\"color: #212121; font-size: 1.5em; letter-spacing: -0.01em;\">La CGT local se moviliz\u00f3 exigiendo apertura de paritarias, cese de la inflaci\u00f3n y generaci\u00f3n de nuevos puestos de trabajo, entre otros reclamos.<\/span><\/p>\n<p><span style=\"font-weight: 400;\"><span class=\"dropcap \" style=\"background-color: #ffffff; color: #dd9933; border-color: #ffffff;\">D<\/span>urante la ma\u00f1ana de ayer se llev\u00f3 a cabo una gran caravana en conmemoraci\u00f3n al D\u00eda Internacional de los Trabajadores. La misma comenz\u00f3 en la vecina ciudad de Villa Nueva con un recorrido que abarc\u00f3 los cuatro bulevares de Villa Mar\u00eda hasta concluir en el monumento a los trabajadores.<\/span><\/p>\n<p><span style=\"font-weight: 400;\">La movilizaci\u00f3n en la que participaron alrededor de 200 personas fue convocada por medio de una conferencia de prensa en la que participaron cerca de 20 sindicatos llevada a cabo el mi\u00e9rcoles pasado. La misma surge como parte de las <\/span><span style=\"color: #ff9900;\"><a style=\"color: #ff9900;\" href=\"https:\/\/www.bing.com\/search?q=Plenario+cgt+regionales+Tribuna+villamaria&amp;cvid=09d21d78eb1a44d7bd713a50732482ce&amp;aqs=edge..69i57.7183j0j9&amp;FORM=ANAB01&amp;PC=U531\"><span style=\"font-weight: 400;\">definiciones adoptadas en el \u00faltimo plenario<\/span><\/a><span style=\"font-weight: 400;\">.\u00a0<\/span><\/span><\/p>\n<p><img loading=\"lazy\" decoding=\"async\" class=\"aligncenter size-full wp-image-5581\" src=\"https:\/\/tribunavm.com.ar\/wp-content\/uploads\/2022\/04\/DSC_1001-scaled.jpg\" alt=\"\" width=\"2560\" height=\"1707\" srcset=\"https:\/\/tribunavm.com.ar\/wp-content\/uploads\/2022\/04\/DSC_1001-scaled.jpg 2560w, https:\/\/tribunavm.com.ar\/wp-content\/uploads\/2022\/04\/DSC_1001-300x200.jpg 300w, https:\/\/tribunavm.com.ar\/wp-content\/uploads\/2022\/04\/DSC_1001-1024x683.jpg 1024w, https:\/\/tribunavm.com.ar\/wp-content\/uploads\/2022\/04\/DSC_1001-768x512.jpg 768w, https:\/\/tribunavm.com.ar\/wp-content\/uploads\/2022\/04\/DSC_1001-1536x1024.jpg 1536w, https:\/\/tribunavm.com.ar\/wp-content\/uploads\/2022\/04\/DSC_1001-2048x1365.jpg 2048w, https:\/\/tribunavm.com.ar\/wp-content\/uploads\/2022\/04\/DSC_1001-750x500.jpg 750w, https:\/\/tribunavm.com.ar\/wp-content\/uploads\/2022\/04\/DSC_1001-1140x760.jpg 1140w\" sizes=\"(max-width: 2560px) 100vw, 2560px\" \/><\/p>\n<p><span style=\"font-weight: 400;\">En la convocatoria aludieron a la reapertura de paritarias, generaci\u00f3n de nuevos puestos de trabajo, por la baja de la inflaci\u00f3n, erradicaci\u00f3n del trabajo precarizado y la derogaci\u00f3n de la Ley 10.694, entre otros. Tambi\u00e9n mencionaron la complejidad de los acuerdos salariales en algunos sectores y la insostenibilidad de las obras sociales sindicales para brindar asistencia m\u00e9dica a sus afiliados.<\/span><\/p>\n<p><span style=\"font-weight: 400;\">En el acto de finiquito, Carlos Andrada, referente de UEPC gral. San Mart\u00edn, dijo que \u201ces muy importante que estemos en las calles y unidos. Cuando la derecha aprieta no pregunta de qu\u00e9 sindicato somos, o a quien votamos, o de qu\u00e9 corriente interna formamos parte, nos pasan por arriba directamente\u201d.<\/span><\/p>\n<p><span style=\"font-weight: 400;\">Luego, Edgardo Garmendia, secretario general de la CGT local, dijo que \u201ctenemos innumerables riquezas en el agro, la miner\u00eda, la pesca y otros sectores, por eso necesitamos medidas urgentes que garanticen la estabilidad para que los trabajadores puedan satisfacer sus necesidades y en la mesa de sus hogares\u201d.<\/span><\/p>\n<p><span style=\"font-weight: 400;\">\u201cLas calles son nuestras, y vamos a estar en ellas cada vez que sea necesario\u201d, agreg\u00f3 el dirigente.\u00a0\u00a0<\/span><\/p>\n<p><img loading=\"lazy\" decoding=\"async\" class=\"aligncenter size-full wp-image-5584\" src=\"https:\/\/tribunavm.com.ar\/wp-content\/uploads\/2022\/04\/DSC_1036-scaled.jpg\" alt=\"\" width=\"2560\" height=\"1707\" srcset=\"https:\/\/tribunavm.com.ar\/wp-content\/uploads\/2022\/04\/DSC_1036-scaled.jpg 2560w, https:\/\/tribunavm.com.ar\/wp-content\/uploads\/2022\/04\/DSC_1036-300x200.jpg 300w, https:\/\/tribunavm.com.ar\/wp-content\/uploads\/2022\/04\/DSC_1036-1024x683.jpg 1024w, https:\/\/tribunavm.com.ar\/wp-content\/uploads\/2022\/04\/DSC_1036-768x512.jpg 768w, https:\/\/tribunavm.com.ar\/wp-content\/uploads\/2022\/04\/DSC_1036-1536x1024.jpg 1536w, https:\/\/tribunavm.com.ar\/wp-content\/uploads\/2022\/04\/DSC_1036-2048x1365.jpg 2048w, https:\/\/tribunavm.com.ar\/wp-content\/uploads\/2022\/04\/DSC_1036-750x500.jpg 750w, https:\/\/tribunavm.com.ar\/wp-content\/uploads\/2022\/04\/DSC_1036-1140x760.jpg 1140w\" sizes=\"(max-width: 2560px) 100vw, 2560px\" \/><\/p>\n<p><span style=\"font-weight: 400;\">En el comunicado posterior, tambi\u00e9n recordaron \u201ca los\/as compa\u00f1eros\/as que dieron su vida luchando por una sociedad m\u00e1s justa, ense\u00f1\u00e1ndonos el camino de la lucha que hoy retomamos\u201d.\u00a0<\/span><\/p>\n<p><span style=\"font-weight: 400;\">Adem\u00e1s, mencionaron que se enfrentan \u201ca las grandes empresas monop\u00f3licas, los fondos de inversi\u00f3n y sus organismos internacionales que intentan permanentemente arrebatarnos nuestros derechos\u201d.\u00a0<\/span><\/p>\n<p><span style=\"font-weight: 400;\">\u201cEs por ello que la situaci\u00f3n que atravesamos los trabajadores nos exige estar organizados y en las calles, defendiendo nuestros intereses y el de todo el pueblo argentino\u201d, concluyeron.<\/span><\/p>\n<p>Fotos de la jornada:<\/p>\n<p><img loading=\"lazy\" decoding=\"async\" class=\"aligncenter size-full wp-image-5578\" src=\"https:\/\/tribunavm.com.ar\/wp-content\/uploads\/2022\/04\/DSC_0995-scaled.jpg\" alt=\"\" width=\"2560\" height=\"1707\" srcset=\"https:\/\/tribunavm.com.ar\/wp-content\/uploads\/2022\/04\/DSC_0995-scaled.jpg 2560w, https:\/\/tribunavm.com.ar\/wp-content\/uploads\/2022\/04\/DSC_0995-300x200.jpg 300w, https:\/\/tribunavm.com.ar\/wp-content\/uploads\/2022\/04\/DSC_0995-1024x683.jpg 1024w, https:\/\/tribunavm.com.ar\/wp-content\/uploads\/2022\/04\/DSC_0995-768x512.jpg 768w, https:\/\/tribunavm.com.ar\/wp-content\/uploads\/2022\/04\/DSC_0995-1536x1024.jpg 1536w, https:\/\/tribunavm.com.ar\/wp-content\/uploads\/2022\/04\/DSC_0995-2048x1365.jpg 2048w, https:\/\/tribunavm.com.ar\/wp-content\/uploads\/2022\/04\/DSC_0995-750x500.jpg 750w, https:\/\/tribunavm.com.ar\/wp-content\/uploads\/2022\/04\/DSC_0995-1140x760.jpg 1140w\" sizes=\"(max-width: 2560px) 100vw, 2560px\" \/> <img loading=\"lazy\" decoding=\"async\" class=\"aligncenter size-full wp-image-5579\" src=\"https:\/\/tribunavm.com.ar\/wp-content\/uploads\/2022\/04\/DSC_0998-scaled.jpg\" alt=\"\" width=\"2560\" height=\"1707\" srcset=\"https:\/\/tribunavm.com.ar\/wp-content\/uploads\/2022\/04\/DSC_0998-scaled.jpg 2560w, https:\/\/tribunavm.com.ar\/wp-content\/uploads\/2022\/04\/DSC_0998-300x200.jpg 300w, https:\/\/tribunavm.com.ar\/wp-content\/uploads\/2022\/04\/DSC_0998-1024x683.jpg 1024w, https:\/\/tribunavm.com.ar\/wp-content\/uploads\/2022\/04\/DSC_0998-768x512.jpg 768w, https:\/\/tribunavm.com.ar\/wp-content\/uploads\/2022\/04\/DSC_0998-1536x1024.jpg 1536w, https:\/\/tribunavm.com.ar\/wp-content\/uploads\/2022\/04\/DSC_0998-2048x1365.jpg 2048w, https:\/\/tribunavm.com.ar\/wp-content\/uploads\/2022\/04\/DSC_0998-750x500.jpg 750w, https:\/\/tribunavm.com.ar\/wp-content\/uploads\/2022\/04\/DSC_0998-1140x760.jpg 1140w\" sizes=\"(max-width: 2560px) 100vw, 2560px\" \/> <img loading=\"lazy\" decoding=\"async\" class=\"aligncenter size-full wp-image-5577\" src=\"https:\/\/tribunavm.com.ar\/wp-content\/uploads\/2022\/04\/DSC_1049-scaled.jpg\" alt=\"\" width=\"2560\" height=\"1707\" srcset=\"https:\/\/tribunavm.com.ar\/wp-content\/uploads\/2022\/04\/DSC_1049-scaled.jpg 2560w, https:\/\/tribunavm.com.ar\/wp-content\/uploads\/2022\/04\/DSC_1049-300x200.jpg 300w, https:\/\/tribunavm.com.ar\/wp-content\/uploads\/2022\/04\/DSC_1049-1024x683.jpg 1024w, https:\/\/tribunavm.com.ar\/wp-content\/uploads\/2022\/04\/DSC_1049-768x512.jpg 768w, https:\/\/tribunavm.com.ar\/wp-content\/uploads\/2022\/04\/DSC_1049-1536x1024.jpg 1536w, https:\/\/tribunavm.com.ar\/wp-content\/uploads\/2022\/04\/DSC_1049-2048x1365.jpg 2048w, https:\/\/tribunavm.com.ar\/wp-content\/uploads\/2022\/04\/DSC_1049-750x500.jpg 750w, https:\/\/tribunavm.com.ar\/wp-content\/uploads\/2022\/04\/DSC_1049-1140x760.jpg 1140w\" sizes=\"(max-width: 2560px) 100vw, 2560px\" \/> <img loading=\"lazy\" decoding=\"async\" class=\"aligncenter size-full wp-image-5580\" src=\"https:\/\/tribunavm.com.ar\/wp-content\/uploads\/2022\/04\/DSC_1000-scaled.jpg\" alt=\"\" width=\"2560\" height=\"1707\" srcset=\"https:\/\/tribunavm.com.ar\/wp-content\/uploads\/2022\/04\/DSC_1000-scaled.jpg 2560w, https:\/\/tribunavm.com.ar\/wp-content\/uploads\/2022\/04\/DSC_1000-300x200.jpg 300w, https:\/\/tribunavm.com.ar\/wp-content\/uploads\/2022\/04\/DSC_1000-1024x683.jpg 1024w, https:\/\/tribunavm.com.ar\/wp-content\/uploads\/2022\/04\/DSC_1000-768x512.jpg 768w, https:\/\/tribunavm.com.ar\/wp-content\/uploads\/2022\/04\/DSC_1000-1536x1024.jpg 1536w, https:\/\/tribunavm.com.ar\/wp-content\/uploads\/2022\/04\/DSC_1000-2048x1365.jpg 2048w, https:\/\/tribunavm.com.ar\/wp-content\/uploads\/2022\/04\/DSC_1000-750x500.jpg 750w, https:\/\/tribunavm.com.ar\/wp-content\/uploads\/2022\/04\/DSC_1000-1140x760.jpg 1140w\" sizes=\"(max-width: 2560px) 100vw, 2560px\" \/> <img loading=\"lazy\" decoding=\"async\" class=\"aligncenter size-full wp-image-5582\" src=\"https:\/\/tribunavm.com.ar\/wp-content\/uploads\/2022\/04\/DSC_1011-scaled.jpg\" alt=\"\" width=\"2560\" height=\"1707\" srcset=\"https:\/\/tribunavm.com.ar\/wp-content\/uploads\/2022\/04\/DSC_1011-scaled.jpg 2560w, https:\/\/tribunavm.com.ar\/wp-content\/uploads\/2022\/04\/DSC_1011-300x200.jpg 300w, https:\/\/tribunavm.com.ar\/wp-content\/uploads\/2022\/04\/DSC_1011-1024x683.jpg 1024w, https:\/\/tribunavm.com.ar\/wp-content\/uploads\/2022\/04\/DSC_1011-768x512.jpg 768w, https:\/\/tribunavm.com.ar\/wp-content\/uploads\/2022\/04\/DSC_1011-1536x1024.jpg 1536w, https:\/\/tribunavm.com.ar\/wp-content\/uploads\/2022\/04\/DSC_1011-2048x1365.jpg 2048w, https:\/\/tribunavm.com.ar\/wp-content\/uploads\/2022\/04\/DSC_1011-750x500.jpg 750w, https:\/\/tribunavm.com.ar\/wp-content\/uploads\/2022\/04\/DSC_1011-1140x760.jpg 1140w\" sizes=\"(max-width: 2560px) 100vw, 2560px\" \/> <img loading=\"lazy\" decoding=\"async\" class=\"aligncenter size-full wp-image-5588\" src=\"https:\/\/tribunavm.com.ar\/wp-content\/uploads\/2022\/04\/DSC_1062-scaled.jpg\" alt=\"\" width=\"2560\" height=\"1707\" srcset=\"https:\/\/tribunavm.com.ar\/wp-content\/uploads\/2022\/04\/DSC_1062-scaled.jpg 2560w, https:\/\/tribunavm.com.ar\/wp-content\/uploads\/2022\/04\/DSC_1062-300x200.jpg 300w, https:\/\/tribunavm.com.ar\/wp-content\/uploads\/2022\/04\/DSC_1062-1024x683.jpg 1024w, https:\/\/tribunavm.com.ar\/wp-content\/uploads\/2022\/04\/DSC_1062-768x512.jpg 768w, https:\/\/tribunavm.com.ar\/wp-content\/uploads\/2022\/04\/DSC_1062-1536x1024.jpg 1536w, https:\/\/tribunavm.com.ar\/wp-content\/uploads\/2022\/04\/DSC_1062-2048x1365.jpg 2048w, https:\/\/tribunavm.com.ar\/wp-content\/uploads\/2022\/04\/DSC_1062-750x500.jpg 750w, https:\/\/tribunavm.com.ar\/wp-content\/uploads\/2022\/04\/DSC_1062-1140x760.jpg 1140w\" sizes=\"(max-width: 2560px) 100vw, 2560px\" \/> <img loading=\"lazy\" decoding=\"async\" class=\"aligncenter size-full wp-image-5585\" src=\"https:\/\/tribunavm.com.ar\/wp-content\/uploads\/2022\/04\/DSC_1041-scaled.jpg\" alt=\"\" width=\"2560\" height=\"1707\" srcset=\"https:\/\/tribunavm.com.ar\/wp-content\/uploads\/2022\/04\/DSC_1041-scaled.jpg 2560w, https:\/\/tribunavm.com.ar\/wp-content\/uploads\/2022\/04\/DSC_1041-300x200.jpg 300w, https:\/\/tribunavm.com.ar\/wp-content\/uploads\/2022\/04\/DSC_1041-1024x683.jpg 1024w, https:\/\/tribunavm.com.ar\/wp-content\/uploads\/2022\/04\/DSC_1041-768x512.jpg 768w, https:\/\/tribunavm.com.ar\/wp-content\/uploads\/2022\/04\/DSC_1041-1536x1024.jpg 1536w, https:\/\/tribunavm.com.ar\/wp-content\/uploads\/2022\/04\/DSC_1041-2048x1365.jpg 2048w, https:\/\/tribunavm.com.ar\/wp-content\/uploads\/2022\/04\/DSC_1041-750x500.jpg 750w, https:\/\/tribunavm.com.ar\/wp-content\/uploads\/2022\/04\/DSC_1041-1140x760.jpg 1140w\" sizes=\"(max-width: 2560px) 100vw, 2560px\" \/> <img loading=\"lazy\" decoding=\"async\" class=\"aligncenter size-full wp-image-5583\" src=\"https:\/\/tribunavm.com.ar\/wp-content\/uploads\/2022\/04\/DSC_1035-scaled.jpg\" alt=\"\" width=\"2560\" height=\"1707\" srcset=\"https:\/\/tribunavm.com.ar\/wp-content\/uploads\/2022\/04\/DSC_1035-scaled.jpg 2560w, https:\/\/tribunavm.com.ar\/wp-content\/uploads\/2022\/04\/DSC_1035-300x200.jpg 300w, https:\/\/tribunavm.com.ar\/wp-content\/uploads\/2022\/04\/DSC_1035-1024x683.jpg 1024w, https:\/\/tribunavm.com.ar\/wp-content\/uploads\/2022\/04\/DSC_1035-768x512.jpg 768w, https:\/\/tribunavm.com.ar\/wp-content\/uploads\/2022\/04\/DSC_1035-1536x1024.jpg 1536w, https:\/\/tribunavm.com.ar\/wp-content\/uploads\/2022\/04\/DSC_1035-2048x1365.jpg 2048w, https:\/\/tribunavm.com.ar\/wp-content\/uploads\/2022\/04\/DSC_1035-750x500.jpg 750w, https:\/\/tribunavm.com.ar\/wp-content\/uploads\/2022\/04\/DSC_1035-1140x760.jpg 1140w\" sizes=\"(max-width: 2560px) 100vw, 2560px\" \/><\/p>\n<\/div>\n<div class=\"col-md-3\">\n<p>&nbsp;<\/p>\n<\/div>\n<\/div>\n","protected":false},"excerpt":{"rendered":"<p>La CGT local se moviliz\u00f3 exigiendo apertura de paritarias, cese de la inflaci\u00f3n y generaci\u00f3n de nuevos puestos de trabajo, entre otros reclamos. Durante la ma\u00f1ana de ayer se llev\u00f3 a cabo una gran caravana en conmemoraci\u00f3n al D\u00eda Internacional de los Trabajadores. La misma comenz\u00f3 en la vecina ciudad de Villa Nueva con un [&hellip;]<\/p>\n","protected":false},"author":2,"featured_media":5587,"comment_status":"open","ping_status":"open","sticky":false,"template":"","format":"standard","meta":{"_exactmetrics_skip_tracking":false,"_exactmetrics_sitenote_active":false,"_exactmetrics_sitenote_note":"","_exactmetrics_sitenote_category":0,"jnews-multi-image_gallery":[],"jnews_single_post":{"source_name":"","source_url":"","via_name":"","via_url":"","override_template":"0","override":[{"template":"1","single_blog_custom":"","parallax":"1","fullscreen":"1","layout":"right-sidebar","sidebar":"default-sidebar","second_sidebar":"default-sidebar","sticky_sidebar":"1","share_position":"top","share_float_style":"share-monocrhome","show_share_counter":"1","show_view_counter":"1","show_featured":"1","show_post_meta":"1","show_post_author":"1","show_post_author_image":"1","show_post_date":"1","post_date_format":"default","post_date_format_custom":"Y\/m\/d","show_post_category":"1","show_post_reading_time":"0","post_reading_time_wpm":"300","show_zoom_button":"0","zoom_button_out_step":"2","zoom_button_in_step":"3","show_post_tag":"1","show_prev_next_post":"1","show_popup_post":"1","number_popup_post":"1","show_author_box":"0","show_post_related":"0","show_inline_post_related":"0"}],"override_image_size":"0","image_override":[{"single_post_thumbnail_size":"crop-500","single_post_gallery_size":"crop-500"}],"trending_post":"0","trending_post_position":"meta","trending_post_label":"Trending","sponsored_post":"0","sponsored_post_label":"Sponsored by","sponsored_post_name":"","sponsored_post_url":"","sponsored_post_logo_enable":"0","sponsored_post_logo":"","sponsored_post_desc":""},"jnews_primary_category":{"id":"22"},"jnews_social_meta":{"fb_title":"","fb_description":"","fb_image":"","twitter_title":"","twitter_description":"","twitter_image":""},"jnews_override_counter":{"override_view_counter":"0","view_counter_number":"0","override_share_counter":"0","share_counter_number":"0","override_like_counter":"0","like_counter_number":"0","override_dislike_counter":"0","dislike_counter_number":"0"},"_joinchat":[],"footnotes":""},"categories":[22],"tags":[72,36,34,35],"class_list":["post-5576","post","type-post","status-publish","format-standard","has-post-thumbnail","hentry","category-actualidad","tag-edicion-digital","tag-que-paso","tag-social","tag-trabajadores"],"_links":{"self":[{"href":"https:\/\/tribunavm.com.ar\/index.php\/wp-json\/wp\/v2\/posts\/5576"}],"collection":[{"href":"https:\/\/tribunavm.com.ar\/index.php\/wp-json\/wp\/v2\/posts"}],"about":[{"href":"https:\/\/tribunavm.com.ar\/index.php\/wp-json\/wp\/v2\/types\/post"}],"author":[{"embeddable":true,"href":"https:\/\/tribunavm.com.ar\/index.php\/wp-json\/wp\/v2\/users\/2"}],"replies":[{"embeddable":true,"href":"https:\/\/tribunavm.com.ar\/index.php\/wp-json\/wp\/v2\/comments?post=5576"}],"version-history":[{"count":2,"href":"https:\/\/tribunavm.com.ar\/index.php\/wp-json\/wp\/v2\/posts\/5576\/revisions"}],"predecessor-version":[{"id":5590,"href":"https:\/\/tribunavm.com.ar\/index.php\/wp-json\/wp\/v2\/posts\/5576\/revisions\/5590"}],"wp:featuredmedia":[{"embeddable":true,"href":"https:\/\/tribunavm.com.ar\/index.php\/wp-json\/wp\/v2\/media\/5587"}],"wp:attachment":[{"href":"https:\/\/tribunavm.com.ar\/index.php\/wp-json\/wp\/v2\/media?parent=5576"}],"wp:term":[{"taxonomy":"category","embeddable":true,"href":"https:\/\/tribunavm.com.ar\/index.php\/wp-json\/wp\/v2\/categories?post=5576"},{"taxonomy":"post_tag","embeddable":true,"href":"https:\/\/tribunavm.com.ar\/index.php\/wp-json\/wp\/v2\/tags?post=5576"}],"curies":[{"name":"wp","href":"https:\/\/api.w.org\/{rel}","templated":true}]}}