{"id":568,"date":"2019-09-19T14:43:49","date_gmt":"2019-09-19T14:43:49","guid":{"rendered":"https:\/\/tribunavm.com.ar\/?p=568"},"modified":"2019-10-22T15:58:30","modified_gmt":"2019-10-22T15:58:30","slug":"construir-nuestro-propio-camino","status":"publish","type":"post","link":"https:\/\/tribunavm.com.ar\/index.php\/2019\/09\/19\/construir-nuestro-propio-camino\/","title":{"rendered":"Construir nuestro propio camino"},"content":{"rendered":"<div class=\"row clearfix\">\n<div class=\"col-md-8\">\n<p><span style=\"font-weight: 400;\"><span class=\"dropcap \" style=\"background-color: #ffffff; color: #dd9933; border-color: #ffffff;\">E<\/span>l malestar generalizado a nivel nacional fue mucho m\u00e1s all\u00e1 de lo que se expres\u00f3 como un voto castigo en las urnas el 11 de agosto en las PASO. De los posicionamientos y comunicados pasamos a paros, movilizaciones, cortes de rutas y acampes. El movimiento es una constante que la institucionalidad parece no poder contener hasta octubre.<\/span><\/p>\n<p><span style=\"font-weight: 400;\">Vaca Muerta, considerado uno de los yacimientos energ\u00e9ticos m\u00e1s importante del planeta, emerge como un centro que eclipsa las luces de las avenidas porte\u00f1as en un escenario de conflictividad creciente en el que se cruzan, por un lado, los intereses de las industrias petroleras y gas\u00edferas, en busca de maximizar las ganancias, y por el otro, trabajadores petroleros, estatales, docentes y el pueblo mapuche con sus luchas por condiciones dignas de trabajo y soberan\u00eda sobre el territorio.<\/span><\/p>\n<p><span style=\"font-weight: 400;\">Mientras el foco de los diarios mediatizan la persecuci\u00f3n sindical, en un recuadro se destaca que Gendarmer\u00eda Nacional se har\u00e1 cargo de custodiar los yacimientos a 48 horas de un ataque con drones en dos instalaciones petroleras pertenecientes a la empresa de bandera saudita, Aramco, generando reacciones de escala internacional.<\/span><\/p>\n<p><span style=\"font-weight: 400;\">Y como decimos que es crisis, lo es all\u00e1, desde el otro continente, pasando por el sur argentino, inclusive en la ciudad con los comedores que no pueden seguir esperando m\u00e1s por aquello que le corresponde al pueblo trabajador. Estos son algunos de los componentes que se\u00f1alan cu\u00e1l es el enfrentamiento, abandonando el concepto de unidad como vaga consigna para pasar a ser s\u00edntesis del momento hist\u00f3rico.<\/span><\/p>\n<p><span style=\"font-weight: 400;\">Para construir la felicidad del pueblo y salir de esta crisis, deberemos definir. O ganamos tiempo construyendo nuestro propio camino o eternamente iremos corriendo detr\u00e1s de la zanahoria.<\/span><\/p>\n<\/div>\n<\/div>\n","protected":false},"excerpt":{"rendered":"<p>El malestar generalizado a nivel nacional fue mucho m\u00e1s all\u00e1 de lo que se expres\u00f3 como un voto castigo en las urnas el 11 de agosto en las PASO. De los posicionamientos y comunicados pasamos a paros, movilizaciones, cortes de rutas y acampes. El movimiento es una constante que la institucionalidad parece no poder contener [&hellip;]<\/p>\n","protected":false},"author":2,"featured_media":573,"comment_status":"open","ping_status":"open","sticky":false,"template":"","format":"standard","meta":{"_exactmetrics_skip_tracking":false,"_exactmetrics_sitenote_active":false,"_exactmetrics_sitenote_note":"","_exactmetrics_sitenote_category":0,"jnews-multi-image_gallery":[],"jnews_single_post":{"source_name":"","source_url":"","via_name":"","via_url":"","override_template":"0","override":[{"template":"1","single_blog_custom":"","parallax":"1","fullscreen":"0","layout":"right-sidebar","sidebar":"default-sidebar","second_sidebar":"default-sidebar","sticky_sidebar":"1","share_position":"top","share_float_style":"share-monocrhome","show_share_counter":"1","show_view_counter":"1","show_featured":"1","show_post_meta":"1","show_post_author":"1","show_post_author_image":"1","show_post_date":"1","post_date_format":"default","post_date_format_custom":"Y\/m\/d","show_post_category":"1","show_post_reading_time":"0","post_reading_time_wpm":"300","show_zoom_button":"0","zoom_button_out_step":"2","zoom_button_in_step":"3","show_post_tag":"1","show_prev_next_post":"1","show_popup_post":"1","number_popup_post":"1","show_author_box":"0","show_post_related":"0","show_inline_post_related":"0"}],"override_image_size":"0","image_override":[{"single_post_thumbnail_size":"crop-500","single_post_gallery_size":"crop-500"}],"trending_post":"0","trending_post_position":"meta","trending_post_label":"Trending"},"jnews_primary_category":{"id":"26"},"jnews_social_meta":{"fb_title":"","fb_description":"","fb_image":"","twitter_title":"","twitter_description":"","twitter_image":""},"jnews_override_counter":{"override_view_counter":"0","view_counter_number":"0","override_share_counter":"0","share_counter_number":"0","override_like_counter":"0","like_counter_number":"0","override_dislike_counter":"0","dislike_counter_number":"0"},"_joinchat":[],"footnotes":""},"categories":[26],"tags":[49,37],"class_list":["post-568","post","type-post","status-publish","format-standard","has-post-thumbnail","hentry","category-editorial","tag-edicion-9","tag-editorial"],"_links":{"self":[{"href":"https:\/\/tribunavm.com.ar\/index.php\/wp-json\/wp\/v2\/posts\/568"}],"collection":[{"href":"https:\/\/tribunavm.com.ar\/index.php\/wp-json\/wp\/v2\/posts"}],"about":[{"href":"https:\/\/tribunavm.com.ar\/index.php\/wp-json\/wp\/v2\/types\/post"}],"author":[{"embeddable":true,"href":"https:\/\/tribunavm.com.ar\/index.php\/wp-json\/wp\/v2\/users\/2"}],"replies":[{"embeddable":true,"href":"https:\/\/tribunavm.com.ar\/index.php\/wp-json\/wp\/v2\/comments?post=568"}],"version-history":[{"count":2,"href":"https:\/\/tribunavm.com.ar\/index.php\/wp-json\/wp\/v2\/posts\/568\/revisions"}],"predecessor-version":[{"id":641,"href":"https:\/\/tribunavm.com.ar\/index.php\/wp-json\/wp\/v2\/posts\/568\/revisions\/641"}],"wp:featuredmedia":[{"embeddable":true,"href":"https:\/\/tribunavm.com.ar\/index.php\/wp-json\/wp\/v2\/media\/573"}],"wp:attachment":[{"href":"https:\/\/tribunavm.com.ar\/index.php\/wp-json\/wp\/v2\/media?parent=568"}],"wp:term":[{"taxonomy":"category","embeddable":true,"href":"https:\/\/tribunavm.com.ar\/index.php\/wp-json\/wp\/v2\/categories?post=568"},{"taxonomy":"post_tag","embeddable":true,"href":"https:\/\/tribunavm.com.ar\/index.php\/wp-json\/wp\/v2\/tags?post=568"}],"curies":[{"name":"wp","href":"https:\/\/api.w.org\/{rel}","templated":true}]}}