{"id":571,"date":"2019-09-05T14:42:09","date_gmt":"2019-09-05T14:42:09","guid":{"rendered":"https:\/\/tribunavm.com.ar\/?p=571"},"modified":"2019-10-22T14:53:02","modified_gmt":"2019-10-22T14:53:02","slug":"ate-convoca-a-paro-nacional","status":"publish","type":"post","link":"https:\/\/tribunavm.com.ar\/index.php\/2019\/09\/05\/ate-convoca-a-paro-nacional\/","title":{"rendered":"ATE convoca a paro nacional"},"content":{"rendered":"<div class=\"row clearfix\">\n<div class=\"col-md-8\">\n<p><span style=\"color: #212121; font-size: 1.5em; letter-spacing: -0.01em;\">Trabajadores de la F\u00e1brica Militar de Villa Mar\u00eda manifestaron incertidumbre frente a posibles recortes en el futuro.<\/span><\/p>\n<p><span style=\"font-weight: 400;\"><span class=\"dropcap \" style=\"background-color: #ffffff; color: #dd9933; border-color: #ffffff;\">D<\/span>urante la semana pasada, el subinterventor de Fabricaciones Militares, <strong>Fernando Speranza<\/strong> recorri\u00f3 las instalaciones de la F\u00e1brica Militar local lo que gener\u00f3 la reacci\u00f3n de los trabajadores.<\/span><\/p>\n<p><span style=\"font-weight: 400;\">En un comunicado,<strong> Fernando Mercado y Gustavo Vilches<\/strong>, dirigentes de ATE y CTA Aut\u00f3noma de Villa Mar\u00eda, calificaron la visita como una <strong>\u201cburla\u201d<\/strong>, al comprender que \u201csu visita es jactarse ir\u00f3nicamente de lo que ha hecho: que no es ni m\u00e1s ni menos que destruir Fabricaciones Militares\u201d, recordando que la \u00faltima vez que Speranza visit\u00f3 la f\u00e1brica de Azul, posteriormente, se cerr\u00f3.<\/span><\/p>\n<p><span style=\"font-weight: 400;\"><strong>El viernes 30<\/strong>, los dirigentes gremiales brindaron una conferencia de prensa informando que el objetivo de la visita del subinterventor fue el estudio de la posibilidad de <strong>recortar gastos<\/strong> quitando los controles de calidad de la materia prima, abriendo la posibilidad de que pueda ocurrir \u201cun siniestro\u201d.\u00a0<\/span><\/p>\n<p><span style=\"font-weight: 400;\">Jorge Heredia, dirigente de ATE dijo que <strong>el Ministro \u201cle pregunt\u00f3 a los compa\u00f1eros, como burl\u00e1ndose, si consideraban que eran necesarios esos an\u00e1lisis y si no les parec\u00eda que sobraba gente\u201d<\/strong>. Para los trabajadores \u201chay que preocuparse por el futuro de la fuente de trabajo de los compa\u00f1eros del sector de control de calidad y laboratorio\u201d.<\/span><\/p>\n<p><span style=\"font-weight: 400;\">La iniciativa estuvo organizada por Comisi\u00f3n Directiva de <strong>ATE y trabajadores de la F\u00e1brica Militar de Villa Mar\u00eda, junto a compa\u00f1eros de Fray Luis Beltr\u00e1n, R\u00edo Tercero, FANAZUL, Sede Central y el Consejo directivo Nacional.<\/strong> Tambi\u00e9n estuvo presente la diputada <strong>Gabriela Est\u00e9vez<\/strong>, donde manifestaron que siguen en estado de alerta y permanente movilizaci\u00f3n.<\/span><\/p>\n<p><span style=\"font-weight: 400;\">La conducci\u00f3n nacional de ATE decidi\u00f3 este lunes un paro general y movilizaciones en todo el pa\u00eds para el 10 de septiembre pr\u00f3ximo.<\/span><\/p>\n<\/div>\n<\/div>\n","protected":false},"excerpt":{"rendered":"<p>Trabajadores de la F\u00e1brica Militar de Villa Mar\u00eda manifestaron incertidumbre frente a posibles recortes en el futuro. Durante la semana pasada, el subinterventor de Fabricaciones Militares, Fernando Speranza recorri\u00f3 las instalaciones de la F\u00e1brica Militar local lo que gener\u00f3 la reacci\u00f3n de los trabajadores. En un comunicado, Fernando Mercado y Gustavo Vilches, dirigentes de ATE [&hellip;]<\/p>\n","protected":false},"author":2,"featured_media":582,"comment_status":"open","ping_status":"open","sticky":false,"template":"","format":"standard","meta":{"_exactmetrics_skip_tracking":false,"_exactmetrics_sitenote_active":false,"_exactmetrics_sitenote_note":"","_exactmetrics_sitenote_category":0,"jnews-multi-image_gallery":[],"jnews_single_post":{"source_name":"","source_url":"","via_name":"","via_url":"","override_template":"0","override":[{"template":"1","single_blog_custom":"","parallax":"1","fullscreen":"0","layout":"right-sidebar","sidebar":"default-sidebar","second_sidebar":"default-sidebar","sticky_sidebar":"1","share_position":"top","share_float_style":"share-monocrhome","show_share_counter":"1","show_view_counter":"1","show_featured":"1","show_post_meta":"1","show_post_author":"1","show_post_author_image":"1","show_post_date":"1","post_date_format":"default","post_date_format_custom":"Y\/m\/d","show_post_category":"1","show_post_reading_time":"0","post_reading_time_wpm":"300","show_zoom_button":"0","zoom_button_out_step":"2","zoom_button_in_step":"3","show_post_tag":"1","show_prev_next_post":"1","show_popup_post":"1","number_popup_post":"1","show_author_box":"0","show_post_related":"0","show_inline_post_related":"0"}],"override_image_size":"0","image_override":[{"single_post_thumbnail_size":"crop-500","single_post_gallery_size":"crop-500"}],"trending_post":"0","trending_post_position":"meta","trending_post_label":"Trending"},"jnews_primary_category":{"id":""},"jnews_social_meta":{"fb_title":"","fb_description":"","fb_image":"","twitter_title":"","twitter_description":"","twitter_image":""},"jnews_override_counter":{"override_view_counter":"0","view_counter_number":"0","override_share_counter":"0","share_counter_number":"0","override_like_counter":"0","like_counter_number":"0","override_dislike_counter":"0","dislike_counter_number":"0"},"_joinchat":[],"footnotes":""},"categories":[22],"tags":[47,42,35],"class_list":["post-571","post","type-post","status-publish","format-standard","has-post-thumbnail","hentry","category-actualidad","tag-edicion-8","tag-industria","tag-trabajadores"],"_links":{"self":[{"href":"https:\/\/tribunavm.com.ar\/index.php\/wp-json\/wp\/v2\/posts\/571"}],"collection":[{"href":"https:\/\/tribunavm.com.ar\/index.php\/wp-json\/wp\/v2\/posts"}],"about":[{"href":"https:\/\/tribunavm.com.ar\/index.php\/wp-json\/wp\/v2\/types\/post"}],"author":[{"embeddable":true,"href":"https:\/\/tribunavm.com.ar\/index.php\/wp-json\/wp\/v2\/users\/2"}],"replies":[{"embeddable":true,"href":"https:\/\/tribunavm.com.ar\/index.php\/wp-json\/wp\/v2\/comments?post=571"}],"version-history":[{"count":1,"href":"https:\/\/tribunavm.com.ar\/index.php\/wp-json\/wp\/v2\/posts\/571\/revisions"}],"predecessor-version":[{"id":579,"href":"https:\/\/tribunavm.com.ar\/index.php\/wp-json\/wp\/v2\/posts\/571\/revisions\/579"}],"wp:featuredmedia":[{"embeddable":true,"href":"https:\/\/tribunavm.com.ar\/index.php\/wp-json\/wp\/v2\/media\/582"}],"wp:attachment":[{"href":"https:\/\/tribunavm.com.ar\/index.php\/wp-json\/wp\/v2\/media?parent=571"}],"wp:term":[{"taxonomy":"category","embeddable":true,"href":"https:\/\/tribunavm.com.ar\/index.php\/wp-json\/wp\/v2\/categories?post=571"},{"taxonomy":"post_tag","embeddable":true,"href":"https:\/\/tribunavm.com.ar\/index.php\/wp-json\/wp\/v2\/tags?post=571"}],"curies":[{"name":"wp","href":"https:\/\/api.w.org\/{rel}","templated":true}]}}