{"id":5723,"date":"2022-05-23T03:15:05","date_gmt":"2022-05-23T03:15:05","guid":{"rendered":"https:\/\/tribunavm.com.ar\/?p=5723"},"modified":"2022-05-23T03:15:05","modified_gmt":"2022-05-23T03:15:05","slug":"el-fmi-avanza-en-latinoamerica","status":"publish","type":"post","link":"https:\/\/tribunavm.com.ar\/index.php\/2022\/05\/23\/el-fmi-avanza-en-latinoamerica\/","title":{"rendered":"El FMI avanza en Latinoam\u00e9rica"},"content":{"rendered":"<div class=\"row clearfix\">\n<div class=\"col-md-8\">\n<p><span style=\"font-weight: 400;\"><span class=\"dropcap \" style=\"background-color: #ffffff; color: #dd9933; border-color: #ffffff;\">E<\/span>l pasado 11 de mayo la Secretar\u00eda de Finanzas de Ecuador inform\u00f3 en un comunicado que lleg\u00f3 a un acuerdo con el organismo internacional en la cuarta y quinta revisi\u00f3n del programa de Servicio Ampliado que mantiene en relaciones al pa\u00eds desde septiembre del 2020.<\/span><\/p>\n<p><span style=\"font-weight: 400;\">Durante las pr\u00f3ximas reuniones de Directorio, el organismo aprobar\u00e1 desembolsar 1.000 millones de d\u00f3lares para financiamiento del Presupuesto del Estado. Adem\u00e1s, se manifest\u00f3 transparentar el manejo de las finanzas p\u00fablicas, controlar la situaci\u00f3n financiera del Instituto Ecuatoriano de Seguridad Social, en lo que respecta a pensiones y la realizaci\u00f3n de auditor\u00edas financieras a Petroecuador y Petroamazonas, ambas petroleras con participaci\u00f3n principal del Estado.<\/span><\/p>\n<p><span style=\"font-weight: 400;\">Entre las revisiones, la jefa de la misi\u00f3n del FMI, Ceyda Oner, hab\u00eda destacado que los resultados fiscales de septiembre y diciembre de 2021 fueron mejores que los proyectados.<\/span><\/p>\n<p><span style=\"font-weight: 400;\">El programa SAF comenz\u00f3 en septiembre del 2020 y alcanza los 6.500 millones de d\u00f3lares, de los cuales ya fueron recibidos 4.800 millones.<\/span><\/p>\n<p><span style=\"font-weight: 400;\">Por otra parte, el presidente ecuatoriano, Guillermo Lasso, mantuvo un encuentro en Tel Aviv (Israel) con su hom\u00f3logo, Isaac Herzog donde firmaron un acuerdo para la cooperaci\u00f3n en seguridad, innovaci\u00f3n y comercio.\u00a0<\/span><\/p>\n<p><span style=\"font-weight: 400;\">En el marco del viaje, una delegaci\u00f3n ecuatoriana conformada por 50 j\u00f3venes \u201cemprendedores\u201d junto al presidente participaron de un encuentro en Tel Aviv con representantes de \u201cStart-Up Nation Central\u201d, organizaci\u00f3n que articula a empresarios, gobiernos y organizaciones internacionales.<\/span><\/p>\n<\/div>\n<\/div>\n","protected":false},"excerpt":{"rendered":"<p>El pasado 11 de mayo la Secretar\u00eda de Finanzas de Ecuador inform\u00f3 en un comunicado que lleg\u00f3 a un acuerdo con el organismo internacional en la cuarta y quinta revisi\u00f3n del programa de Servicio Ampliado que mantiene en relaciones al pa\u00eds desde septiembre del 2020. Durante las pr\u00f3ximas reuniones de Directorio, el organismo aprobar\u00e1 desembolsar [&hellip;]<\/p>\n","protected":false},"author":2,"featured_media":5724,"comment_status":"open","ping_status":"open","sticky":false,"template":"","format":"standard","meta":{"_exactmetrics_skip_tracking":false,"_exactmetrics_sitenote_active":false,"_exactmetrics_sitenote_note":"","_exactmetrics_sitenote_category":0,"jnews-multi-image_gallery":[],"jnews_single_post":{"source_name":"","source_url":"","via_name":"","via_url":"","override_template":"0","override":[{"template":"1","single_blog_custom":"","parallax":"1","fullscreen":"1","layout":"right-sidebar","sidebar":"default-sidebar","second_sidebar":"default-sidebar","sticky_sidebar":"1","share_position":"top","share_float_style":"share-monocrhome","show_share_counter":"1","show_view_counter":"1","show_featured":"1","show_post_meta":"1","show_post_author":"1","show_post_author_image":"1","show_post_date":"1","post_date_format":"default","post_date_format_custom":"Y\/m\/d","show_post_category":"1","show_post_reading_time":"0","post_reading_time_wpm":"300","show_zoom_button":"0","zoom_button_out_step":"2","zoom_button_in_step":"3","show_post_tag":"1","show_prev_next_post":"1","show_popup_post":"1","number_popup_post":"1","show_author_box":"0","show_post_related":"0","show_inline_post_related":"0"}],"override_image_size":"0","image_override":[{"single_post_thumbnail_size":"crop-500","single_post_gallery_size":"crop-500"}],"trending_post":"0","trending_post_position":"meta","trending_post_label":"Trending","sponsored_post":"0","sponsored_post_label":"Sponsored by","sponsored_post_name":"","sponsored_post_url":"","sponsored_post_logo_enable":"0","sponsored_post_logo":"","sponsored_post_desc":""},"jnews_primary_category":{"id":"22"},"jnews_social_meta":{"fb_title":"","fb_description":"","fb_image":"","twitter_title":"","twitter_description":"","twitter_image":""},"jnews_override_counter":{"override_view_counter":"0","view_counter_number":"0","override_share_counter":"0","share_counter_number":"0","override_like_counter":"0","like_counter_number":"0","override_dislike_counter":"0","dislike_counter_number":"0"},"_joinchat":[],"footnotes":""},"categories":[22],"tags":[80,249,179,69],"class_list":["post-5723","post","type-post","status-publish","format-standard","has-post-thumbnail","hentry","category-actualidad","tag-deuda","tag-edicion-89","tag-fmi","tag-latinoamerica"],"_links":{"self":[{"href":"https:\/\/tribunavm.com.ar\/index.php\/wp-json\/wp\/v2\/posts\/5723"}],"collection":[{"href":"https:\/\/tribunavm.com.ar\/index.php\/wp-json\/wp\/v2\/posts"}],"about":[{"href":"https:\/\/tribunavm.com.ar\/index.php\/wp-json\/wp\/v2\/types\/post"}],"author":[{"embeddable":true,"href":"https:\/\/tribunavm.com.ar\/index.php\/wp-json\/wp\/v2\/users\/2"}],"replies":[{"embeddable":true,"href":"https:\/\/tribunavm.com.ar\/index.php\/wp-json\/wp\/v2\/comments?post=5723"}],"version-history":[{"count":1,"href":"https:\/\/tribunavm.com.ar\/index.php\/wp-json\/wp\/v2\/posts\/5723\/revisions"}],"predecessor-version":[{"id":5725,"href":"https:\/\/tribunavm.com.ar\/index.php\/wp-json\/wp\/v2\/posts\/5723\/revisions\/5725"}],"wp:featuredmedia":[{"embeddable":true,"href":"https:\/\/tribunavm.com.ar\/index.php\/wp-json\/wp\/v2\/media\/5724"}],"wp:attachment":[{"href":"https:\/\/tribunavm.com.ar\/index.php\/wp-json\/wp\/v2\/media?parent=5723"}],"wp:term":[{"taxonomy":"category","embeddable":true,"href":"https:\/\/tribunavm.com.ar\/index.php\/wp-json\/wp\/v2\/categories?post=5723"},{"taxonomy":"post_tag","embeddable":true,"href":"https:\/\/tribunavm.com.ar\/index.php\/wp-json\/wp\/v2\/tags?post=5723"}],"curies":[{"name":"wp","href":"https:\/\/api.w.org\/{rel}","templated":true}]}}