{"id":5729,"date":"2022-05-23T03:24:23","date_gmt":"2022-05-23T03:24:23","guid":{"rendered":"https:\/\/tribunavm.com.ar\/?p=5729"},"modified":"2022-05-23T03:24:23","modified_gmt":"2022-05-23T03:24:23","slug":"marcha-federal-por-salarios-y-trabajos-dignos","status":"publish","type":"post","link":"https:\/\/tribunavm.com.ar\/index.php\/2022\/05\/23\/marcha-federal-por-salarios-y-trabajos-dignos\/","title":{"rendered":"Marcha federal por salarios y trabajos dignos"},"content":{"rendered":"<div class=\"row clearfix\">\n<div class=\"col-md-8\">\n<p><span style=\"font-weight: 400;\"><span class=\"dropcap \" style=\"background-color: #ffffff; color: #dd9933; border-color: #ffffff;\">O<\/span>rganizaciones sociales y pol\u00edticas se movilizaron en todo el pa\u00eds exigiendo por mejores condiciones de vida, concluyendo con un acto en Plaza de Mayo.\u00a0<\/span><\/p>\n<p><span style=\"font-weight: 400;\">Durante los d\u00edas 10, 11 y 12 de mayo se desarroll\u00f3 en distintos puntos del pa\u00eds la Marcha Federal bajo la consigna &#8220;Por trabajo, por salario, contra el hambre y contra la pobreza&#8221;. La misma fue convocada por Unidad Piquetera, culminando el jueves siguiente en Plaza de Mayo, Ciudad Aut\u00f3noma de Buenos Aires, con la participaci\u00f3n de m\u00e1s de 300.000 personas.\u00a0<\/span><\/p>\n<p><span style=\"font-weight: 400;\">Algunas de las organizaciones que participaron fueron la Corriente Clasista y Combativa (CCC), Barrios de Pie, Movimiento Teresa Rodr\u00edguez 12 de abril (MTR), el Movimiento Socialista de los Trabajadores (MST), el Frente Popular Dar\u00edo Santill\u00e1n y el Frente de Organizaciones en Lucha (FOL), el Movimiento Territorial de Liberaci\u00f3n Rebelde (MTL), entre otros partidos y movimientos. Adem\u00e1s, se sumaron organizaciones sindicales y estudiantiles.<\/span><\/p>\n<p><span style=\"font-weight: 400;\">Durante el acto de cierre la referente del MTL, Sandra Vila, expres\u00f3:\u201cno vamos a permitir que nos ajusten y que sigan gobernando para los mismos de siempre: las grandes empresas, los monopolios y el Fondo Monetario Internacional (FMI)&#8221;.<\/span><\/p>\n<p><span style=\"font-weight: 400;\">Por su lado, desde el MST, M\u00f3nica Sulle, dijo: &#8220;Tenemos que ir a la ra\u00edz del problema, este modelo depredador extractivista no nos incluye&#8221; y remarc\u00f3 que &#8220;seguimos peleando contra este sistema capitalista que nos quita la posibilidad de una vida digna&#8221;.<\/span><\/p>\n<p><span style=\"font-weight: 400;\">El dirigente del PO, Eduardo Belliboni, aclar\u00f3 que &#8220;lo que reclamamos es el trabajo, el salario y que no haya hambre en la Argentina, que produce alimento para 400 millones de personas&#8221;.<\/span><\/p>\n<p><span style=\"color: #ff9900;\"><b>La marcha en el interior<\/b><\/span><\/p>\n<p><span style=\"font-weight: 400;\">Desde el interior partieron caravanas con manifestantes y tambi\u00e9n se realizaron acciones de protesta en varias ciudades del pa\u00eds.<\/span><\/p>\n<p><span style=\"font-weight: 400;\">El mi\u00e9rcoles 11 de mayo en Rosario, bajo la consigna &#8220;Por pan y trabajo&#8221;, realizaron una masiva movilizaci\u00f3n, con la presencia de las organizaciones Barrios de Pie, la Confederaci\u00f3n de Trabajadores de la Econom\u00eda Popular (Ctep) y la Corriente Clasista y Combativa (CCC).<\/span><\/p>\n<p><span style=\"font-weight: 400;\">Tambi\u00e9n en la ciudad de R\u00edo Cuarto, C\u00f3rdoba, confluyeron en una manifestaci\u00f3n organizaciones sindicales, de cooperativas de trabajo y estudiantiles. Adem\u00e1s, se registraron importantes manifestaciones en San Luis, C\u00f3rdoba Capital, Bah\u00eda Blanca y Mar del Plata, entre otras.<\/span><\/p>\n<\/div>\n<\/div>\n","protected":false},"excerpt":{"rendered":"<p>Organizaciones sociales y pol\u00edticas se movilizaron en todo el pa\u00eds exigiendo por mejores condiciones de vida, concluyendo con un acto en Plaza de Mayo.\u00a0 Durante los d\u00edas 10, 11 y 12 de mayo se desarroll\u00f3 en distintos puntos del pa\u00eds la Marcha Federal bajo la consigna &#8220;Por trabajo, por salario, contra el hambre y contra [&hellip;]<\/p>\n","protected":false},"author":2,"featured_media":5730,"comment_status":"open","ping_status":"open","sticky":false,"template":"","format":"standard","meta":{"_exactmetrics_skip_tracking":false,"_exactmetrics_sitenote_active":false,"_exactmetrics_sitenote_note":"","_exactmetrics_sitenote_category":0,"jnews-multi-image_gallery":[],"jnews_single_post":{"source_name":"","source_url":"","via_name":"","via_url":"","override_template":"0","override":[{"template":"1","single_blog_custom":"","parallax":"1","fullscreen":"1","layout":"right-sidebar","sidebar":"default-sidebar","second_sidebar":"default-sidebar","sticky_sidebar":"1","share_position":"top","share_float_style":"share-monocrhome","show_share_counter":"1","show_view_counter":"1","show_featured":"1","show_post_meta":"1","show_post_author":"1","show_post_author_image":"1","show_post_date":"1","post_date_format":"default","post_date_format_custom":"Y\/m\/d","show_post_category":"1","show_post_reading_time":"0","post_reading_time_wpm":"300","show_zoom_button":"0","zoom_button_out_step":"2","zoom_button_in_step":"3","show_post_tag":"1","show_prev_next_post":"1","show_popup_post":"1","number_popup_post":"1","show_author_box":"0","show_post_related":"0","show_inline_post_related":"0"}],"override_image_size":"0","image_override":[{"single_post_thumbnail_size":"crop-500","single_post_gallery_size":"crop-500"}],"trending_post":"0","trending_post_position":"meta","trending_post_label":"Trending","sponsored_post":"0","sponsored_post_label":"Sponsored by","sponsored_post_name":"","sponsored_post_url":"","sponsored_post_logo_enable":"0","sponsored_post_logo":"","sponsored_post_desc":""},"jnews_primary_category":{"id":"22"},"jnews_social_meta":{"fb_title":"","fb_description":"","fb_image":"","twitter_title":"","twitter_description":"","twitter_image":""},"jnews_override_counter":{"override_view_counter":"0","view_counter_number":"0","override_share_counter":"0","share_counter_number":"0","override_like_counter":"0","like_counter_number":"0","override_dislike_counter":"0","dislike_counter_number":"0"},"_joinchat":[],"footnotes":""},"categories":[22],"tags":[249,192,35],"class_list":["post-5729","post","type-post","status-publish","format-standard","has-post-thumbnail","hentry","category-actualidad","tag-edicion-89","tag-movimiento","tag-trabajadores"],"_links":{"self":[{"href":"https:\/\/tribunavm.com.ar\/index.php\/wp-json\/wp\/v2\/posts\/5729"}],"collection":[{"href":"https:\/\/tribunavm.com.ar\/index.php\/wp-json\/wp\/v2\/posts"}],"about":[{"href":"https:\/\/tribunavm.com.ar\/index.php\/wp-json\/wp\/v2\/types\/post"}],"author":[{"embeddable":true,"href":"https:\/\/tribunavm.com.ar\/index.php\/wp-json\/wp\/v2\/users\/2"}],"replies":[{"embeddable":true,"href":"https:\/\/tribunavm.com.ar\/index.php\/wp-json\/wp\/v2\/comments?post=5729"}],"version-history":[{"count":1,"href":"https:\/\/tribunavm.com.ar\/index.php\/wp-json\/wp\/v2\/posts\/5729\/revisions"}],"predecessor-version":[{"id":5731,"href":"https:\/\/tribunavm.com.ar\/index.php\/wp-json\/wp\/v2\/posts\/5729\/revisions\/5731"}],"wp:featuredmedia":[{"embeddable":true,"href":"https:\/\/tribunavm.com.ar\/index.php\/wp-json\/wp\/v2\/media\/5730"}],"wp:attachment":[{"href":"https:\/\/tribunavm.com.ar\/index.php\/wp-json\/wp\/v2\/media?parent=5729"}],"wp:term":[{"taxonomy":"category","embeddable":true,"href":"https:\/\/tribunavm.com.ar\/index.php\/wp-json\/wp\/v2\/categories?post=5729"},{"taxonomy":"post_tag","embeddable":true,"href":"https:\/\/tribunavm.com.ar\/index.php\/wp-json\/wp\/v2\/tags?post=5729"}],"curies":[{"name":"wp","href":"https:\/\/api.w.org\/{rel}","templated":true}]}}